{"id":7288,"date":"2022-09-04T10:29:04","date_gmt":"2022-09-04T13:29:04","guid":{"rendered":"https:\/\/radiobitacora.com.ar\/web\/?p=7288"},"modified":"2022-09-04T10:29:04","modified_gmt":"2022-09-04T13:29:04","slug":"fiebre-por-tini-en-un-anfiteatro-colmado","status":"publish","type":"post","link":"https:\/\/radiobitacora.com.ar\/web\/2022\/09\/04\/fiebre-por-tini-en-un-anfiteatro-colmado\/","title":{"rendered":"Fiebre por Tini en un anfiteatro colmado"},"content":{"rendered":"<p>Los y las fan\u00e1ticos\/as de Martina Stoessel, mejor conocida como Tini, colmaron ayer el anfiteatro Mario del Tr\u00e1nsito Cocomarola. Pero tambi\u00e9n coparon las inmediaciones del predio para disfrutar de la artista al menos desde muy lejos.<\/p>\n<p>Desde las 16 se inici\u00f3 un fuerte operativo de seguridad para garantizar que los y las miles de fan\u00e1ticos\/as no tuvieran inconveniente alguno. Se debe recordar que las entradas se agotaron en horas, lo que oblig\u00f3 a la cantante a agregar otro show.<\/p>\n<p>Ni\u00f1as, ni\u00f1os, adolescentes, jovenes y hasta adultos se agolparon adem\u00e1s sobre las rejas del anfiteatro para espiar el espect\u00e1culo. Hubo quienes se subieron a los \u00e1rboles para poder ver mejor.<\/p>\n<p>Tini fue vista el viernes por la noche cuando disfrutaba junto con todos sus fans en un reconocido bar ubicado en la costanera correntina.<\/p>\n<div class=\"container_publi\" data-tipo=\"tipo_desktop \" data-pos=\"AMP_P1_cuerpo\"><\/div>\n<p>La cantante fue grabada bailando y cantando en el palco del bar mientras de fondo se escuchabann los gritos de sus seguidores quienes acudieron al lugar con el deseo de verla.<\/p>\n<p>Lleg\u00f3 a Corrientes el jueves y desde entonces cientos de sus fans la siguen por la Capital de Corrientes, desde la entrada del hotel hasta los paradores que visita est\u00e1n abarrotados de gente que espera emocionada la oportunidad de conocerla.<\/p>\n<p>Durante toda la tarde del viernes se la pudo ver firmando aut\u00f3grafos y sac\u00e1ndose fotos fuera del hotel donde est\u00e1 alojada (en inmediaciones del parque Camb\u00e1 Cu\u00e1).<\/p>\n<p>Caus\u00f3 furor desde su llegada y las entradas se agotaron en horas, pese a los precios: la m\u00e1s barata costaba $7000 y la m\u00e1s cara, $15.000.<\/p>\n<div class=\"container_publi\" data-tipo=\"tipo_desktop \" data-pos=\"AMP_P2_cuerpo\"><\/div>\n<p>La artista se encuentra en uno de sus mejores momentos, tras el \u00e9xito por el lanzamiento de su \u00faltimo \u00e1lbum Tini, Tini, Tini,vy luego de haber agotado seis hip\u00f3dromos de Palermo, donde vendi\u00f3 m\u00e1s de 100.000 entradas.<\/p>\n<p>Tr\u00e1nsito<\/p>\n<p>Se prohibi\u00f3 el tr\u00e1nsito desde ayer en la zona del anfiteatro Cocomarola por los recitales de Tini. La medida se aplic\u00f3 en dos avenidas y tres calles hasta la madrugada de hoy. El tr\u00e1nsito se restringi\u00f3 por Patagonia y Bonastre, Patagonia y Estrada, Estrada y Santa Cruz y en Santa Cruz y Crespo.<\/p>\n<p>El paso se cort\u00f3 ayer a partir de las 16 y la medida se extender\u00e1 hasta las \u00faltimas horas de hoy.<\/p>\n<p>Seg\u00fan precisaron desde el \u00e1rea de Tr\u00e1nsito de la Municipalidad, \u201cambos d\u00edas, desde las 16, se cortar\u00e1 el tr\u00e1nsito en Patagonia y Bonastre, Patagonia y . Estrada, Estrada y Santa Cruz y en Santa Cruz y Crespo\u201d. La medida se debe a la amplia concurrencia de fan\u00e1ticos. Aclararon tambi\u00e9n que el operativo podr\u00eda abarcar m\u00e1s calles.<\/p>\n","protected":false},"excerpt":{"rendered":"<p>Los y las fan\u00e1ticos\/as de Martina Stoessel, mejor conocida como Tini, colmaron ayer el anfiteatro Mario del Tr\u00e1nsito Cocomarola. Pero tambi\u00e9n coparon las inmediaciones del predio para disfrutar de la artista al menos desde muy lejos. Desde las 16 se inici\u00f3 un fuerte operativo de seguridad para garantizar que los y las miles de fan\u00e1ticos\/as [&hellip;]<\/p>\n","protected":false},"author":2,"featured_media":7289,"comment_status":"closed","ping_status":"closed","sticky":false,"template":"","format":"standard","meta":{"footnotes":""},"categories":[67,72],"tags":[],"class_list":{"0":"post-7288","1":"post","2":"type-post","3":"status-publish","4":"format-standard","5":"has-post-thumbnail","7":"category-espectaculo","8":"category-provinciales"},"_links":{"self":[{"href":"https:\/\/radiobitacora.com.ar\/web\/wp-json\/wp\/v2\/posts\/7288","targetHints":{"allow":["GET"]}}],"collection":[{"href":"https:\/\/radiobitacora.com.ar\/web\/wp-json\/wp\/v2\/posts"}],"about":[{"href":"https:\/\/radiobitacora.com.ar\/web\/wp-json\/wp\/v2\/types\/post"}],"author":[{"embeddable":true,"href":"https:\/\/radiobitacora.com.ar\/web\/wp-json\/wp\/v2\/users\/2"}],"replies":[{"embeddable":true,"href":"https:\/\/radiobitacora.com.ar\/web\/wp-json\/wp\/v2\/comments?post=7288"}],"version-history":[{"count":0,"href":"https:\/\/radiobitacora.com.ar\/web\/wp-json\/wp\/v2\/posts\/7288\/revisions"}],"wp:featuredmedia":[{"embeddable":true,"href":"https:\/\/radiobitacora.com.ar\/web\/wp-json\/wp\/v2\/media\/7289"}],"wp:attachment":[{"href":"https:\/\/radiobitacora.com.ar\/web\/wp-json\/wp\/v2\/media?parent=7288"}],"wp:term":[{"taxonomy":"category","embeddable":true,"href":"https:\/\/radiobitacora.com.ar\/web\/wp-json\/wp\/v2\/categories?post=7288"},{"taxonomy":"post_tag","embeddable":true,"href":"https:\/\/radiobitacora.com.ar\/web\/wp-json\/wp\/v2\/tags?post=7288"}],"curies":[{"name":"wp","href":"https:\/\/api.w.org\/{rel}","templated":true}]}}