{"id":7330,"date":"2022-09-04T18:00:20","date_gmt":"2022-09-04T21:00:20","guid":{"rendered":"https:\/\/radiobitacora.com.ar\/web\/?p=7330"},"modified":"2022-09-04T18:00:20","modified_gmt":"2022-09-04T21:00:20","slug":"federico-delgado-todo-lo-que-no-nos-gusta-es-lawfare","status":"publish","type":"post","link":"https:\/\/radiobitacora.com.ar\/web\/2022\/09\/04\/federico-delgado-todo-lo-que-no-nos-gusta-es-lawfare\/","title":{"rendered":"Federico Delgado: \u201cTodo lo que no nos gusta es lawfare\u201d"},"content":{"rendered":"<p class=\"paragraph\"><b>Federico Delgado<\/b>\u00a0es abogado y licenciado en Ciencia Pol\u00edtica. Desde 1997 es fiscal federal en lo criminal en la Ciudad de Buenos Aires y fue fiscal adjunto del poderoso ex fiscal de C\u00e1mara Germ\u00e1n Moldes, con quien supo cultivar una amistad que ya no existe. Estuvo a cargo de la investigaci\u00f3n que llev\u00f3 a las condenas del primer juicio por la tragedia de Once y tuvo un fuerte cruce con la familia de Lucas Menghini Rey cuando pidi\u00f3 absolver a los bomberos que tardaron 60 horas en encontrarlo. Tambi\u00e9n trabaj\u00f3 en causas picantes como las coimas del Senado, el megacanje, la tragedia de Time Warp y Odebrecht.<\/p>\n<p class=\"paragraph\"><b>&#8211; Federico Delgado. \u00bfQui\u00e9n sos?<\/b><\/p>\n<p class=\"paragraph\">&#8211; Federico Delgado. Trabajo de fiscal federal en la Justicia argentina hace demasiados a\u00f1os. Soy un tipo que tiene un buen salario, que trabaja para la gente, que labura en el Estado. Simplemente eso.<\/p>\n<p class=\"paragraph\"><b>-Y que no va vestido de traje a trabajar. El fiscal de las remeras negras. \u00bfLas compras al por mayor?<\/b><\/p>\n<p class=\"paragraph\">&#8211; No.<\/p>\n<p class=\"paragraph\"><b>&#8211; En definitiva tu remera negra es la camisa y la corbata. Al final es un uniforme.<\/b><\/p>\n<p class=\"paragraph\">&#8211; Es un uniforme. Lo que pasa es que el traje me parece muy inc\u00f3modo y uno para trabajar tiene que estar c\u00f3modo.<\/p>\n<p class=\"paragraph\"><b>&#8211; \u00bfY, m\u00e1s all\u00e1 de la ropa, en la Procuraci\u00f3n est\u00e1s c\u00f3modo para trabajar?<\/b><\/p>\n<p class=\"paragraph\">&#8211; En Argentina, en el sistema judicial, es dif\u00edcil estar c\u00f3modo porque nuestras instituciones son como grandes quesos con agujeros muy grandes. Y no tienen que proteger a la persona, tienen que proteger a la instituci\u00f3n. Pero eso no pasa, entonces se cuelan siempre intereses particulares. Cuando el poder se mueve, genera siempre alg\u00fan tipo de resistencia. Bueno, el sistema judicial se mueve.<mark class=\"hl_yellow\">\u00a0Obviamente, a nadie le gusta que lo investiguen. La gente resiste. Esas resistencias pueden ser discursivas, pueden ser t\u00e9cnicas, pueden ser\u2026<\/mark><\/p>\n<p class=\"paragraph\"><b>&#8211; Violentas.<\/b><\/p>\n<p class=\"paragraph\">&#8211; Pueden ser violentas. Pueden ser presiones.<\/p>\n<p class=\"paragraph\"><b>&#8211; Pero aprietes, digamos, amenazas, cosas m\u00e1s jodidas, \u00bfte pasaron?<\/b><\/p>\n<p class=\"paragraph\">&#8211; No, as\u00ed cara a cara no.<\/p>\n<p class=\"paragraph\"><b>&#8211; Pero te pis\u00f3 un auto.<\/b><\/p>\n<p class=\"paragraph\">&#8211;\u00a0<mark class=\"hl_yellow\">Me pis\u00f3 un auto. Y nadie me explic\u00f3 por qu\u00e9.<\/mark><\/p>\n<p class=\"paragraph\"><b>La reforma<\/b><\/p>\n<p class=\"paragraph\">&#8211;\u00a0<b>\u00bfQu\u00e9 hay que hacer con la oficina anticorrupci\u00f3n? \u00bfLa cerramos? \u00bfTiramos la llave?<\/b><\/p>\n<p class=\"paragraph\">&#8211; No. Es que es una locura. Argentina tiene dos oficinas con las mismas competencias. Hay una oficina del Ministerio P\u00fablico Fiscal que tiene competencias parecidas. Hay que hacer de dos, una.<\/p>\n<p class=\"paragraph\"><b>&#8211; \u00bfTe parece bien lo que hace esta gesti\u00f3n actual en la Oficina, que ha renunciado a las querellas que estaban en tr\u00e1mite porque considera que no es su rol y que, en todo caso, son los fiscales los que tienen que ocupar ese lugar?<\/b><\/p>\n<p class=\"paragraph\">&#8211; Eso no me parece ni bien ni mal. Yo no hubiera hecho eso. Si empiezo una causa, la termino.\u00a0<mark class=\"hl_yellow\">El problema que tiene la Justicia como sistema es que est\u00e1 sospechada. Y eso es lo peor que puede pasar, que la gente no te crea.<\/mark><\/p>\n<p class=\"paragraph\"><b>&#8211; \u00bfC\u00f3mo ves la situaci\u00f3n judicial de Cristina Fern\u00e1ndez?<\/b><\/p>\n<p class=\"paragraph\">&#8211;\u00a0<mark class=\"hl_yellow\">El final abierto. Veo juicios que me duelen a m\u00ed como agente del sistema judicial. \u00bfPor qu\u00e9? Me duelen por el tiempo que llevan.<\/mark>\u00a0Hechos del a\u00f1o 2004, 2005, 2008, 2009. Es 2022 y esperamos sentencia. Me parece que hay un problema de temporalidad tremendo.<\/p>\n<p class=\"paragraph\"><b>&#8211; \u00bfY a qu\u00e9 obedece que las causas de corrupci\u00f3n demoren en promedio 15 a\u00f1os en Argentina?<\/b><\/p>\n<p class=\"paragraph\">&#8211; Porque no pasa nada. Las leyes tienen plazos. \u00bfY si no los cumpl\u00eds, qu\u00e9 pasa?<\/p>\n<p class=\"paragraph\"><b>&#8211; Nada, porque no son perentorios.<\/b><\/p>\n<p class=\"paragraph\">&#8211; Bueno\u2026<\/p>\n<p class=\"paragraph\"><b>&#8211; Son \u201cplazos\u201d.<\/b><\/p>\n<p class=\"paragraph\">&#8211; \u00bfQu\u00e9 pasa si vos dec\u00eds: \u201cBueno, tengo una causa contra este gobierno\u2026Y, pero este gobierno\u2026 Voy a esperar a que este gobierno pase y cuando venga el pr\u00f3ximo la muevo\u201d. \u00bfTe pasa algo si fueses jueza?<\/p>\n<p class=\"paragraph\"><b>&#8211; Nada.<\/b><\/p>\n<p class=\"paragraph\">&#8211; Incluso, capaz te va bien.\u00a0<mark class=\"hl_yellow\">Hay una ventana que permite que los magistrados (no todos, pero muchos) usen las causas de acuerdo con sus intereses personales<\/mark>, que puede ser dinero, puede ser fama, puede ser miedo, puede ser salir en el diario. Puede ser lo que se te ocurra.<\/p>\n<p class=\"paragraph\"><b>La pregunta inconstitucional<\/b><\/p>\n<p class=\"paragraph\"><b>&#8211; Cuando el fiscal de C\u00e1mara Germ\u00e1n Moldes desist\u00eda de tus apelaciones en causas varias para un lado y para el otro, \u00bfsent\u00eds que lo hac\u00eda porque cre\u00eda que actuaba conforme a la ley?<\/b><\/p>\n<div class=\"visual__image\"><img loading=\"lazy\" decoding=\"async\" class=\"\" src=\"https:\/\/cloudfront-us-east-1.images.arcpublishing.com\/infobae\/3XXN24MOKZG6JAVOS7SYRMWZPY.jpg\" sizes=\"auto, (min-width: 800px) 50vw, 90vw\" srcset=\"https:\/\/www.infobae.com\/new-resizer\/Mt1qiWOee2LQ4A-mocJLeQrY06s=\/420x315\/filters:format(webp):quality(85)\/cloudfront-us-east-1.images.arcpublishing.com\/infobae\/3XXN24MOKZG6JAVOS7SYRMWZPY.jpg 420w,https:\/\/www.infobae.com\/new-resizer\/o0nKBNIgimDQD4iyeQHDYrRnkZg=\/768x576\/filters:format(webp):quality(85)\/cloudfront-us-east-1.images.arcpublishing.com\/infobae\/3XXN24MOKZG6JAVOS7SYRMWZPY.jpg 768w,https:\/\/www.infobae.com\/new-resizer\/GF4Om7EefHnyh9OFY35d29q7upI=\/992x744\/filters:format(webp):quality(85)\/cloudfront-us-east-1.images.arcpublishing.com\/infobae\/3XXN24MOKZG6JAVOS7SYRMWZPY.jpg 992w,https:\/\/www.infobae.com\/new-resizer\/HLOlCGhAH_ye2xMCQinCFL109KE=\/1200x900\/filters:format(webp):quality(85)\/cloudfront-us-east-1.images.arcpublishing.com\/infobae\/3XXN24MOKZG6JAVOS7SYRMWZPY.jpg 1200w,https:\/\/www.infobae.com\/new-resizer\/LoYoaBE0RVBY_-Tsli-vXVFX6zw=\/1440x1080\/filters:format(webp):quality(85)\/cloudfront-us-east-1.images.arcpublishing.com\/infobae\/3XXN24MOKZG6JAVOS7SYRMWZPY.jpg 1440w\" alt=\"\" width=\"1920\" height=\"1528\" \/><\/div>\n<div class=\"visual__image\"><img loading=\"lazy\" decoding=\"async\" class=\"\" src=\"https:\/\/cloudfront-us-east-1.images.arcpublishing.com\/infobae\/ATNBW7EANZFI3HELAW4I3LD5W4.jpg\" alt=\"\" width=\"1920\" height=\"573\" \/><\/div>\n<p class=\"paragraph\">&#8211; No, muchas veces no. Yo le agradezco mucho a Germ\u00e1n Moldes que me empuj\u00f3 para ser fiscal. A m\u00ed me nombran fiscal cuando no hab\u00eda concursos, por resoluci\u00f3n. Y porque \u00e9l, que era mi jefe (yo trabajaba en la C\u00e1mara Federal), \u00e9l me empuj\u00f3. Tuve una relaci\u00f3n muy linda con \u00e9l.<\/p>\n<p class=\"paragraph\"><b>&#8211; De amistad, \u00bfno?<\/b><\/p>\n<p class=\"paragraph\">&#8211; De amistad, mucho tiempo.<\/p>\n<p class=\"paragraph\"><b>&#8211; \u00bfLa segu\u00eds teniendo?<\/b><\/p>\n<p class=\"paragraph\">&#8211; Despu\u00e9s no. Pasaron cosas. Pasaron cosas. Cosas feas para m\u00ed y yo dej\u00e9 de tener esa relaci\u00f3n.<\/p>\n<p class=\"paragraph\"><b>El temazo<\/b><\/p>\n<p class=\"paragraph\"><b>&#8211; \u00bfEs verdad que se trabaja poco en Tribunales?<\/b><\/p>\n<p class=\"paragraph\">&#8211; Hay de todo.\u00a0<mark class=\"hl_yellow\">Hay gente que trabaja muy poco. Gente que no trabaja nada. Gente que trabaja mucho y no sabe para qu\u00e9. Yo creo que se trabaja mal.<\/mark>\u00a0No hay capacitaci\u00f3n. No te olvides que hasta hace no tanto tiempo, antes de la pandemia, nosotros mand\u00e1bamos telegramas. Us\u00e1bamos el fax. Mand\u00e1bamos c\u00e9dulas de notificaci\u00f3n, que la gente ni sabe de qu\u00e9 estoy hablando.<\/p>\n<p class=\"paragraph\"><b>&#8211; Cos\u00edamos expedientes.<\/b><\/p>\n<p class=\"paragraph\">&#8211; Cos\u00edamos expedientes. De verdad. A nadie le ha importado. La famosa reforma judicial, a nadie le import\u00f3 de verdad mirar la casa desde abajo. La miramos de arriba, la Corte 15.000 miembros, 18 procuradores, 300 c\u00e1maras de casaci\u00f3n. Est\u00e1 bien. Ahora, el caso, \u00bfc\u00f3mo se construye?<\/p>\n<p class=\"paragraph\"><b>&#8211; Porque son las reformas que le importan al poder.<\/b><\/p>\n<p class=\"paragraph\">&#8211; Yo creo que s\u00ed, que son reformas que tienen que ver con cargos, con rotaciones de elites en los roles de gobierno. Pero, de verdad, si vamos a discutir la Justicia en serio hay que discutir desde el principio.<\/p>\n<div class=\"jwplayer-ctn\">\n<div>\n<div id=\"Ck8MMaeL\" class=\"jwplayer jw-reset jw-state-idle jw-stretch-uniform jw-flag-aspect-mode jw-floating-dismissible jw-flag-user-inactive jw-breakpoint-4\" tabindex=\"0\" role=\"application\" aria-label=\"Reproductor de Video\" aria-describedby=\"jw-shortcuts-tooltip-explanation\">\n<div class=\"jw-wrapper jw-reset\">\n<div class=\"jw-controls jw-reset\">\n<div class=\"jw-nextup-container jw-reset\">\n<div class=\"jw-nextup jw-background-color jw-reset jw-nextup-thumbnail-visible\"><\/div>\n<\/div>\n<\/div>\n<\/div>\n<\/div>\n<\/div>\n<p>Cr\u00edticas de Mar\u00eda Lujan Rey al fiscal Delgado<\/p><\/div>\n<p class=\"paragraph\"><b>&#8211; \u00bfCambiar\u00edas algo?<\/b><\/p>\n<p class=\"paragraph\">&#8211; No. En absoluto.\u00a0<mark class=\"hl_yellow\">Una tragedia no se arregla con una injusticia. Mi trabajo es ser fiscal.\u00a0<\/mark>Los fiscales tenemos que perseguir la aplicaci\u00f3n de la ley. Y a veces aplicar la ley, por m\u00e1s dolor que haya, no es castigar al primero que se cruza. Lo de Once es algo horrible. En ese momento me pareci\u00f3, despu\u00e9s de escuchar a los testigos, despu\u00e9s de ver las pruebas, despu\u00e9s de haber visto c\u00f3mo el juez Bonadio les neg\u00f3 a los acusados que ten\u00edan dudas hacer una prueba m\u00e1s porque tem\u00edan que haya un cuerpo m\u00e1s y el juez Bonadio les dijo: \u201cNo, ustedes no pueden buscar m\u00e1s\u201d.<\/p>\n<p class=\"paragraph\"><b>&#8211; Ellos quer\u00edan buscar con una c\u00e1mara.<\/b><\/p>\n<div class=\"visual__image\"><img loading=\"lazy\" decoding=\"async\" class=\"\" src=\"https:\/\/cloudfront-us-east-1.images.arcpublishing.com\/infobae\/NYFWUESB4VFINBB62RJBQ2RBW4.png\" alt=\"\" width=\"1310\" height=\"424\" \/><\/div>\n<p class=\"paragraph\">&#8211; Quer\u00edan buscar con una c\u00e1mara espec\u00edfica. Cuando el cuerpo es hallado, una persona que ya lamentablemente estaba fallecida, achacar la responsabilidad por eso a los polic\u00edas me parec\u00eda que no se correspond\u00eda con la prueba que hab\u00eda resultado del juicio.<\/p>\n<p class=\"paragraph\">El lugar de las v\u00edctimas es horrible, y en la Argentina a las v\u00edctimas todo el mundo en general tiende a decirles que tienen raz\u00f3n.<mark class=\"hl_yellow\">\u00a0Y mi trabajo es horrible a veces, mi trabajo es ingrato. Yo a veces tengo que decirle a una v\u00edctima que no tiene raz\u00f3n desde mi humilde perspectiva.<\/mark><\/p>\n<p class=\"paragraph\"><b>&#8211; \u00bfPor qu\u00e9 la causa en el juicio de Once, en el primer juicio que interviniste en la instrucci\u00f3n, se avanz\u00f3 tan r\u00e1pido? En apenas cuatro a\u00f1os hubo condenas en el primer juicio, cuando normalmente las causas de corrupci\u00f3n demoran 15.<\/b><\/p>\n<p class=\"paragraph\">&#8211; Voy a decir una cosa horrible.\u00a0<mark class=\"hl_yellow\">Me parece que la magnitud de la tragedia hizo que el sistema en su conjunto respetase los plazos<\/mark>. Y la labor que hicieron las v\u00edctimas, funcionando como una especie de t\u00e1bano que todo el tiempo aguijoneaba al sistema judicial, fue clave.<\/p>\n<p class=\"paragraph\"><b>El retuit<\/b><\/p>\n<div class=\"visual__image\"><img loading=\"lazy\" decoding=\"async\" class=\"\" src=\"https:\/\/cloudfront-us-east-1.images.arcpublishing.com\/infobae\/4426UOX73VATNHH76JGWMF65ZQ.jpg\" sizes=\"auto, (min-width: 800px) 50vw, 90vw\" srcset=\"https:\/\/www.infobae.com\/new-resizer\/uCjO0Tz3S9xa6Ewmp4wjwmaVUqE=\/420x420\/filters:format(webp):quality(85)\/cloudfront-us-east-1.images.arcpublishing.com\/infobae\/4426UOX73VATNHH76JGWMF65ZQ.jpg 420w,https:\/\/www.infobae.com\/new-resizer\/8RH-tQfeYJruzP_F7sRdekd2vOc=\/768x768\/filters:format(webp):quality(85)\/cloudfront-us-east-1.images.arcpublishing.com\/infobae\/4426UOX73VATNHH76JGWMF65ZQ.jpg 768w,https:\/\/www.infobae.com\/new-resizer\/4jMCeladDGgvUGlossmoICS4C40=\/992x992\/filters:format(webp):quality(85)\/cloudfront-us-east-1.images.arcpublishing.com\/infobae\/4426UOX73VATNHH76JGWMF65ZQ.jpg 992w,https:\/\/www.infobae.com\/new-resizer\/aHCR90VpfQXf3Dgrl_D4hG7YkFU=\/1200x1200\/filters:format(webp):quality(85)\/cloudfront-us-east-1.images.arcpublishing.com\/infobae\/4426UOX73VATNHH76JGWMF65ZQ.jpg 1200w,https:\/\/www.infobae.com\/new-resizer\/ukA-2FoMje1GtViWJ9WVaAYSn_o=\/1440x1440\/filters:format(webp):quality(85)\/cloudfront-us-east-1.images.arcpublishing.com\/infobae\/4426UOX73VATNHH76JGWMF65ZQ.jpg 1440w\" alt=\"\" width=\"1920\" height=\"2093\" \/><\/div>\n<div class=\"visual__image\"><img loading=\"lazy\" decoding=\"async\" class=\"\" src=\"https:\/\/cloudfront-us-east-1.images.arcpublishing.com\/infobae\/SY5ESEGAX5HDDFDAJ2KZRTBZ6A.jpg\" sizes=\"auto, (min-width: 800px) 50vw, 90vw\" srcset=\"https:\/\/www.infobae.com\/new-resizer\/GrPFHrGLo7WGh2stwKQ0hAQEYaE=\/420x187\/filters:format(webp):quality(85)\/cloudfront-us-east-1.images.arcpublishing.com\/infobae\/SY5ESEGAX5HDDFDAJ2KZRTBZ6A.jpg 420w,https:\/\/www.infobae.com\/new-resizer\/EipJRdAeu8CBOAt-vHGH-TSRzwo=\/768x341\/filters:format(webp):quality(85)\/cloudfront-us-east-1.images.arcpublishing.com\/infobae\/SY5ESEGAX5HDDFDAJ2KZRTBZ6A.jpg 768w,https:\/\/www.infobae.com\/new-resizer\/rdNsXgUL7jrHCnfVWfhmnF7Jm4E=\/992x441\/filters:format(webp):quality(85)\/cloudfront-us-east-1.images.arcpublishing.com\/infobae\/SY5ESEGAX5HDDFDAJ2KZRTBZ6A.jpg 992w,https:\/\/www.infobae.com\/new-resizer\/8q3EIhohbUGDuizcaB2r1IQc6qw=\/1200x533\/filters:format(webp):quality(85)\/cloudfront-us-east-1.images.arcpublishing.com\/infobae\/SY5ESEGAX5HDDFDAJ2KZRTBZ6A.jpg 1200w\" alt=\"\" width=\"1920\" height=\"935\" \/><\/div>\n<p class=\"paragraph\"><b>&#8211; \u00bfCu\u00e1l de los dos retuitear\u00edas?<\/b><\/p>\n<p class=\"paragraph\">&#8211; Los dos tienen ah\u00ed alguna cosita ah\u00ed para pensar.\u00a0<mark class=\"hl_yellow\">Estoy m\u00e1s cerca de Gargarella. El uso arbitrario de la ley es tan viejo como Occidente. Me parece que el lawfare es un concepto que est\u00e1 sin definir.<\/mark>\u00a0Es una cosa en la que todo ingresa. Pero s\u00ed, b\u00e1sicamente hay arbitrariedad y hay interferencia de los poderes manipulando las leyes.<\/p>\n<p class=\"paragraph\"><b>&#8211; \u00bfY pens\u00e1s que el lawfare funciona solo para la persecuci\u00f3n judicial de opositores o tambi\u00e9n para salvar \u201cculpables\u201d?<\/b><\/p>\n<p class=\"paragraph\">&#8211; No. Yo tengo mi tesis del lawfare preventivo.\u00a0<mark class=\"hl_yellow\">El lawfare preventivo es cuando armo las causas, miro para un solo lado y fabric\u00f3 un inocente donde hay un culpable<\/mark>. Me parece que el concepto de lawfare se ha estirado. Lamentablemente,\u00a0<b>todo lo que no nos gusta es lawfare.<\/b><\/p>\n","protected":false},"excerpt":{"rendered":"<p>Federico Delgado\u00a0es abogado y licenciado en Ciencia Pol\u00edtica. Desde 1997 es fiscal federal en lo criminal en la Ciudad de Buenos Aires y fue fiscal adjunto del poderoso ex fiscal de C\u00e1mara Germ\u00e1n Moldes, con quien supo cultivar una amistad que ya no existe. Estuvo a cargo de la investigaci\u00f3n que llev\u00f3 a las condenas [&hellip;]<\/p>\n","protected":false},"author":2,"featured_media":7331,"comment_status":"closed","ping_status":"closed","sticky":false,"template":"","format":"standard","meta":{"footnotes":""},"categories":[79],"tags":[],"class_list":{"0":"post-7330","1":"post","2":"type-post","3":"status-publish","4":"format-standard","5":"has-post-thumbnail","7":"category-politica"},"_links":{"self":[{"href":"https:\/\/radiobitacora.com.ar\/web\/wp-json\/wp\/v2\/posts\/7330","targetHints":{"allow":["GET"]}}],"collection":[{"href":"https:\/\/radiobitacora.com.ar\/web\/wp-json\/wp\/v2\/posts"}],"about":[{"href":"https:\/\/radiobitacora.com.ar\/web\/wp-json\/wp\/v2\/types\/post"}],"author":[{"embeddable":true,"href":"https:\/\/radiobitacora.com.ar\/web\/wp-json\/wp\/v2\/users\/2"}],"replies":[{"embeddable":true,"href":"https:\/\/radiobitacora.com.ar\/web\/wp-json\/wp\/v2\/comments?post=7330"}],"version-history":[{"count":0,"href":"https:\/\/radiobitacora.com.ar\/web\/wp-json\/wp\/v2\/posts\/7330\/revisions"}],"wp:featuredmedia":[{"embeddable":true,"href":"https:\/\/radiobitacora.com.ar\/web\/wp-json\/wp\/v2\/media\/7331"}],"wp:attachment":[{"href":"https:\/\/radiobitacora.com.ar\/web\/wp-json\/wp\/v2\/media?parent=7330"}],"wp:term":[{"taxonomy":"category","embeddable":true,"href":"https:\/\/radiobitacora.com.ar\/web\/wp-json\/wp\/v2\/categories?post=7330"},{"taxonomy":"post_tag","embeddable":true,"href":"https:\/\/radiobitacora.com.ar\/web\/wp-json\/wp\/v2\/tags?post=7330"}],"curies":[{"name":"wp","href":"https:\/\/api.w.org\/{rel}","templated":true}]}}