{"id":7345,"date":"2022-09-05T07:29:35","date_gmt":"2022-09-05T10:29:35","guid":{"rendered":"https:\/\/radiobitacora.com.ar\/web\/?p=7345"},"modified":"2022-09-05T07:29:35","modified_gmt":"2022-09-05T10:29:35","slug":"goya-corre-una-competencia-una-manana-en-familia-y-solidaridad-a-la-vera-del-riacho-goya","status":"publish","type":"post","link":"https:\/\/radiobitacora.com.ar\/web\/2022\/09\/05\/goya-corre-una-competencia-una-manana-en-familia-y-solidaridad-a-la-vera-del-riacho-goya\/","title":{"rendered":"Goya Corre: Una competencia, una ma\u00f1ana en familia y solidaridad a la vera del Riacho Goya"},"content":{"rendered":"<div class=\"panel-pane pane-token pane-node-body\">\n<div class=\"pane-content\">\n<p class=\"rtejustify\">Se disput\u00f3 la Prueba \u201cGOYA CORRE\u201d, en conmemoraci\u00f3n de los 20 a\u00f1os de FUNDACI\u00d3N AGRUPAR.<\/p>\n<p class=\"rtejustify\">La segunda Edici\u00f3n de esta prueba se realiz\u00f3 en el Predio Costa Surub\u00ed, vale recordar que la primera edici\u00f3n se corri\u00f3 en septiembre del 2018.<\/p>\n<p class=\"rtejustify\">\n<p class=\"rtejustify\">Despu\u00e9s de a\u00f1os, se retoma nuevamente su realizaci\u00f3n con un fin ben\u00e9fico; lo recaudado se destinar\u00e1 a los programas de FUNDACI\u00d3N AGRUPAR (Centro CONIN Goya, Banco de Alimentos, Programa de Becas Escolares y Programa de Becas Universitarias), los cuales tienen como objeto promover, facilitar, apoyar y desarrollar toda actividad tendiente al mejoramiento de la calidad de vida de nuestra comunidad.<\/p>\n<p class=\"rtejustify\">\n<p class=\"rtejustify\">Esta carrera se disput\u00f3 en dos tramos: de 5 km., y 10 km., adem\u00e1s de un tramo participativo de 100 metros para ni\u00f1os peque\u00f1os; teniendo como finalidad ser, adem\u00e1s de una competencia, una ma\u00f1ana en familia y solidaridad a la vera del Riacho Goya.<\/p>\n<p class=\"rtejustify\">Prueba que cont\u00f3 con el apoyo de la Municipalidad a trav\u00e9s de la Direccion de Deportes.<\/p>\n<\/div>\n<\/div>\n<div class=\"panel-separator\"><\/div>\n<div class=\"panel-pane pane-separador-linea\">\n<div class=\"pane-content\">\n<div class=\"separator linea clearfix\">\n<hr \/>\n<\/div>\n<\/div>\n<\/div>\n<div class=\"panel-separator\"><\/div>\n<div class=\"panel-pane pane-entity-field pane-node-field-imagenes\">\n<div class=\"pane-content\">\n<div class=\"field field-name-field-imagenes field-type-image field-label-above\">\n<div class=\"field-label\">Im\u00e1genes:<\/div>\n<div class=\"field-items\">\n<div class=\"field-item even\"><a class=\"colorbox init-colorbox-processed cboxElement\" title=\"jpg\" href=\"https:\/\/www.goya.gob.ar\/sites\/default\/files\/goya_corre_1.jpg\" data-colorbox-gallery=\"gallery-node-9956-ROKynvddokI\" data-cbox-img-attrs=\"{&quot;title&quot;: &quot;jpg&quot;, &quot;alt&quot;: &quot;&quot;}\"><img loading=\"lazy\" decoding=\"async\" class=\"img-responsive\" title=\"jpg\" src=\"https:\/\/www.goya.gob.ar\/sites\/default\/files\/styles\/thumbnail\/public\/goya_corre_1.jpg?itok=f0L1dIlL\" alt=\"\" width=\"230\" height=\"153\" \/><\/a><\/div>\n<div class=\"field-item odd\"><a class=\"colorbox init-colorbox-processed cboxElement\" title=\"jpg\" href=\"https:\/\/www.goya.gob.ar\/sites\/default\/files\/goya_corre_5.jpg\" data-colorbox-gallery=\"gallery-node-9956-ROKynvddokI\" data-cbox-img-attrs=\"{&quot;title&quot;: &quot;jpg&quot;, &quot;alt&quot;: &quot;&quot;}\"><img loading=\"lazy\" decoding=\"async\" class=\"img-responsive\" title=\"jpg\" src=\"https:\/\/www.goya.gob.ar\/sites\/default\/files\/styles\/thumbnail\/public\/goya_corre_5.jpg?itok=Nzd4Y0Iv\" alt=\"\" width=\"230\" height=\"153\" \/><\/a><\/div>\n<div class=\"field-item even\"><a class=\"colorbox init-colorbox-processed cboxElement\" title=\"jpg\" href=\"https:\/\/www.goya.gob.ar\/sites\/default\/files\/goya_corre_2.jpg\" data-colorbox-gallery=\"gallery-node-9956-ROKynvddokI\" data-cbox-img-attrs=\"{&quot;title&quot;: &quot;jpg&quot;, &quot;alt&quot;: &quot;&quot;}\"><img loading=\"lazy\" decoding=\"async\" class=\"img-responsive\" title=\"jpg\" src=\"https:\/\/www.goya.gob.ar\/sites\/default\/files\/styles\/thumbnail\/public\/goya_corre_2.jpg?itok=6b2HRHkD\" alt=\"\" width=\"230\" height=\"153\" \/><\/a><\/div>\n<\/div>\n<\/div>\n<\/div>\n<\/div>\n","protected":false},"excerpt":{"rendered":"<p>Se disput\u00f3 la Prueba \u201cGOYA CORRE\u201d, en conmemoraci\u00f3n de los 20 a\u00f1os de FUNDACI\u00d3N AGRUPAR. La segunda Edici\u00f3n de esta prueba se realiz\u00f3 en el Predio Costa Surub\u00ed, vale recordar que la primera edici\u00f3n se corri\u00f3 en septiembre del 2018. Despu\u00e9s de a\u00f1os, se retoma nuevamente su realizaci\u00f3n con un fin ben\u00e9fico; lo recaudado se [&hellip;]<\/p>\n","protected":false},"author":2,"featured_media":7346,"comment_status":"closed","ping_status":"closed","sticky":false,"template":"","format":"standard","meta":{"footnotes":""},"categories":[78],"tags":[],"class_list":{"0":"post-7345","1":"post","2":"type-post","3":"status-publish","4":"format-standard","5":"has-post-thumbnail","7":"category-deportes"},"_links":{"self":[{"href":"https:\/\/radiobitacora.com.ar\/web\/wp-json\/wp\/v2\/posts\/7345","targetHints":{"allow":["GET"]}}],"collection":[{"href":"https:\/\/radiobitacora.com.ar\/web\/wp-json\/wp\/v2\/posts"}],"about":[{"href":"https:\/\/radiobitacora.com.ar\/web\/wp-json\/wp\/v2\/types\/post"}],"author":[{"embeddable":true,"href":"https:\/\/radiobitacora.com.ar\/web\/wp-json\/wp\/v2\/users\/2"}],"replies":[{"embeddable":true,"href":"https:\/\/radiobitacora.com.ar\/web\/wp-json\/wp\/v2\/comments?post=7345"}],"version-history":[{"count":0,"href":"https:\/\/radiobitacora.com.ar\/web\/wp-json\/wp\/v2\/posts\/7345\/revisions"}],"wp:featuredmedia":[{"embeddable":true,"href":"https:\/\/radiobitacora.com.ar\/web\/wp-json\/wp\/v2\/media\/7346"}],"wp:attachment":[{"href":"https:\/\/radiobitacora.com.ar\/web\/wp-json\/wp\/v2\/media?parent=7345"}],"wp:term":[{"taxonomy":"category","embeddable":true,"href":"https:\/\/radiobitacora.com.ar\/web\/wp-json\/wp\/v2\/categories?post=7345"},{"taxonomy":"post_tag","embeddable":true,"href":"https:\/\/radiobitacora.com.ar\/web\/wp-json\/wp\/v2\/tags?post=7345"}],"curies":[{"name":"wp","href":"https:\/\/api.w.org\/{rel}","templated":true}]}}