{"id":7354,"date":"2022-09-05T07:40:38","date_gmt":"2022-09-05T10:40:38","guid":{"rendered":"https:\/\/radiobitacora.com.ar\/web\/?p=7354"},"modified":"2022-09-05T07:40:38","modified_gmt":"2022-09-05T10:40:38","slug":"dia-del-periodista-turistico-5-de-septiembre","status":"publish","type":"post","link":"https:\/\/radiobitacora.com.ar\/web\/2022\/09\/05\/dia-del-periodista-turistico-5-de-septiembre\/","title":{"rendered":"D\u00cdA DEL PERIODISTA TUR\u00cdSTICO &#8211; 5 de Septiembre"},"content":{"rendered":"<div class=\"m8h3af8h l7ghb35v kjdc1dyq kmwttqpk gh25dzvf n3t5jt4f\">\n<div dir=\"auto\">Feliz D\u00eda para los Amigos Periodistas Tur\u00edsticos !!!, por brindar informaci\u00f3n real para que el turista pueda tomar la mejor decisi\u00f3n a la hora de viajar.<\/div>\n<\/div>\n<div class=\"l7ghb35v kjdc1dyq kmwttqpk gh25dzvf jikcssrz n3t5jt4f\">\n<div dir=\"auto\">Periodismo tur\u00edstico: pasi\u00f3n y profesionalidad<\/div>\n<\/div>\n<div class=\"l7ghb35v kjdc1dyq kmwttqpk gh25dzvf jikcssrz n3t5jt4f\">\n<div dir=\"auto\">Hoy, 5 de septiembre, se celebra el D\u00eda Mundial del Periodista Tur\u00edstico, esta fecha se celebra desde el 2018, con el octavo Congreso de Periodistas y Profesionales del Turismo, celebrado en Iguaz\u00fa, Argentina, con la presencia de profesionales de los medios de toda Am\u00e9rica Latina.<\/div>\n<\/div>\n<div class=\"l7ghb35v kjdc1dyq kmwttqpk gh25dzvf jikcssrz n3t5jt4f\">\n<div dir=\"auto\">La Organizaci\u00f3n estuvo a cargo del Iguaz\u00fa Convention Bureau, ITUREM, la Organizaci\u00f3n Mundial de Prensa Tur\u00edstica, y Organizaci\u00f3n Internacional de Periodistas Tur\u00edsticos.<\/div>\n<\/div>\n<div class=\"l7ghb35v kjdc1dyq kmwttqpk gh25dzvf jikcssrz n3t5jt4f\">\n<div dir=\"auto\">\u201cEl periodismo tur\u00edstico es la recolecci\u00f3n de datos, el an\u00e1lisis y la elaboraci\u00f3n de la informaci\u00f3n referida a las actividades tur\u00edsticas. Significa estudiar, interpretar y redactar la noticia tur\u00edstica que se brindar\u00e1 a los diferentes actores\u201d que integran una sociedad que quiere ser tur\u00edstica o que ya lo es.<\/div>\n<\/div>\n<div class=\"l7ghb35v kjdc1dyq kmwttqpk gh25dzvf jikcssrz n3t5jt4f\">\n<div dir=\"auto\">\u201cEste periodismo especializado busca potenciar los atractivos tur\u00edsticos de una regi\u00f3n mediante los medios de comunicaci\u00f3n masivos, a trav\u00e9s de la difusi\u00f3n y promoci\u00f3n de eventos y acontecimientos de toda \u00edndole\u201d (Antonio Rodr\u00edguez Ruibal, Periodismo Tur\u00edstico. An\u00e1lisis del Turismo a trav\u00e9s de las portadas)<\/div>\n<\/div>\n<div class=\"l7ghb35v kjdc1dyq kmwttqpk gh25dzvf jikcssrz n3t5jt4f\">\n<div dir=\"auto\">El periodismo tur\u00edstico puede abarcar la cr\u00f3nica de viaje, la nota tur\u00edstica, notas de opini\u00f3n, reportaje y entrevista. Esta especialidad ha aumentado en los \u00faltimos a\u00f1os, obteniendo cada vez m\u00e1s importancia.<\/div>\n<\/div>\n<div class=\"l7ghb35v kjdc1dyq kmwttqpk gh25dzvf jikcssrz n3t5jt4f\">\n<div dir=\"auto\">Es importante diferenciar el trabajo que hacen los periodistas tur\u00edsticos del que realizan los denominados influencers de redes sociales. Los periodistas exponen su trabajo en medios como peri\u00f3dicos, revistas, portales web, televisi\u00f3n y radio. Es un trabajo que perdura a trav\u00e9s del tiempo y que adem\u00e1s, cuenta con una gran credibilidad entre las personas. El trabajo de ambos (periodistas e influencers) se complementa a la hora de promocionar un destino o lugar, ya que las redes sociales tienen una gran popularidad e impacto hoy en d\u00eda. Listin Diario &#8211; HechoEnCalifornia<\/div>\n<\/div>\n","protected":false},"excerpt":{"rendered":"<p>Feliz D\u00eda para los Amigos Periodistas Tur\u00edsticos !!!, por brindar informaci\u00f3n real para que el turista pueda tomar la mejor decisi\u00f3n a la hora de viajar. Periodismo tur\u00edstico: pasi\u00f3n y profesionalidad Hoy, 5 de septiembre, se celebra el D\u00eda Mundial del Periodista Tur\u00edstico, esta fecha se celebra desde el 2018, con el octavo Congreso de [&hellip;]<\/p>\n","protected":false},"author":2,"featured_media":7355,"comment_status":"closed","ping_status":"closed","sticky":false,"template":"","format":"standard","meta":{"footnotes":""},"categories":[73],"tags":[],"class_list":{"0":"post-7354","1":"post","2":"type-post","3":"status-publish","4":"format-standard","5":"has-post-thumbnail","7":"category-turismo"},"_links":{"self":[{"href":"https:\/\/radiobitacora.com.ar\/web\/wp-json\/wp\/v2\/posts\/7354","targetHints":{"allow":["GET"]}}],"collection":[{"href":"https:\/\/radiobitacora.com.ar\/web\/wp-json\/wp\/v2\/posts"}],"about":[{"href":"https:\/\/radiobitacora.com.ar\/web\/wp-json\/wp\/v2\/types\/post"}],"author":[{"embeddable":true,"href":"https:\/\/radiobitacora.com.ar\/web\/wp-json\/wp\/v2\/users\/2"}],"replies":[{"embeddable":true,"href":"https:\/\/radiobitacora.com.ar\/web\/wp-json\/wp\/v2\/comments?post=7354"}],"version-history":[{"count":0,"href":"https:\/\/radiobitacora.com.ar\/web\/wp-json\/wp\/v2\/posts\/7354\/revisions"}],"wp:featuredmedia":[{"embeddable":true,"href":"https:\/\/radiobitacora.com.ar\/web\/wp-json\/wp\/v2\/media\/7355"}],"wp:attachment":[{"href":"https:\/\/radiobitacora.com.ar\/web\/wp-json\/wp\/v2\/media?parent=7354"}],"wp:term":[{"taxonomy":"category","embeddable":true,"href":"https:\/\/radiobitacora.com.ar\/web\/wp-json\/wp\/v2\/categories?post=7354"},{"taxonomy":"post_tag","embeddable":true,"href":"https:\/\/radiobitacora.com.ar\/web\/wp-json\/wp\/v2\/tags?post=7354"}],"curies":[{"name":"wp","href":"https:\/\/api.w.org\/{rel}","templated":true}]}}