{"id":7366,"date":"2022-09-05T07:56:46","date_gmt":"2022-09-05T10:56:46","guid":{"rendered":"https:\/\/radiobitacora.com.ar\/web\/?p=7366"},"modified":"2022-09-05T07:56:46","modified_gmt":"2022-09-05T10:56:46","slug":"economia-anuncio-un-dolar-a-200-pesos-para-las-exportaciones-de-granos","status":"publish","type":"post","link":"https:\/\/radiobitacora.com.ar\/web\/2022\/09\/05\/economia-anuncio-un-dolar-a-200-pesos-para-las-exportaciones-de-granos\/","title":{"rendered":"Econom\u00eda anunci\u00f3 un d\u00f3lar a 200 pesos para las exportaciones de granos"},"content":{"rendered":"<p>El ministro de Econom\u00eda, Sergio Massa, anunci\u00f3 ayer que se pagar\u00e1 \u201cun d\u00f3lar a 200 pesos para la liquidaci\u00f3n de exportaciones de granos, en un mecanismo simple y transparente\u201d<\/p>\n<p>En una conferencia de prensa, el ministro expres\u00f3 que \u201cdesde ma\u00f1ana hasta el 30 de septiembre se pone en marcha este programa de liquidaci\u00f3n de divisas voluntario, de manera simple y sencilla para los productores\u201d.<\/p>\n<p>En principio, el Gobierno instrumentar\u00e1 una mejora en el tipo de cambio, de un d\u00f3lar de $200, pero con la condici\u00f3n de liquidar en 30 d\u00edas. La expectativa oficial es que la liquidaci\u00f3n del sector agropecuario sea \u201cimportante\u201d. Requisito fundamental para reforzar las alica\u00eddas reservas. Algunos especialistas estiman que la liquidaci\u00f3n podr\u00eda ser superior a los USD 4.000 millones.<\/p>\n<p>El secretario de Agricultura, Juan Jos\u00e9 Bahillo, mantuvo reuniones en las \u00faltimas semanas en las que se analiz\u00f3 la propuesta con todos los sectores involucrados, productores y dirigentes de la Mesa de Enlace.<\/p>\n<div class=\"container_publi\" data-tipo=\"tipo_desktop \" data-pos=\"AMP_P1_cuerpo\"><\/div>\n<p>La semana pasada termin\u00f3 la vigencia de la herramienta conocida como \u201cd\u00f3lar soja\u201d lanzada por el Banco Central en julio pasado, que permit\u00eda a los productores acceder a la compra del denominado \u201cd\u00f3lar turista\u201d hasta un porcentaje equivalente al 30 % de la liquidaci\u00f3n y con 70 % restante depositarlo en un plazo fijo atado a la cotizaci\u00f3n de la divisa.<\/p>\n<p>Con este anuncio el lunes el titular del Palacio de Hacienda partir\u00e1 rumbo a Washington para mantener reuniones con el Fondo Monetario Internacional, el Tesoro de los Estados Unidos, el Banco Interamericano de Desarrollo, el Banco Mundial, inversores, entre otros encuentros.<\/p>\n","protected":false},"excerpt":{"rendered":"<p>El ministro de Econom\u00eda, Sergio Massa, anunci\u00f3 ayer que se pagar\u00e1 \u201cun d\u00f3lar a 200 pesos para la liquidaci\u00f3n de exportaciones de granos, en un mecanismo simple y transparente\u201d En una conferencia de prensa, el ministro expres\u00f3 que \u201cdesde ma\u00f1ana hasta el 30 de septiembre se pone en marcha este programa de liquidaci\u00f3n de divisas [&hellip;]<\/p>\n","protected":false},"author":2,"featured_media":7367,"comment_status":"closed","ping_status":"closed","sticky":false,"template":"","format":"standard","meta":{"footnotes":""},"categories":[65],"tags":[],"class_list":{"0":"post-7366","1":"post","2":"type-post","3":"status-publish","4":"format-standard","5":"has-post-thumbnail","7":"category-economia"},"_links":{"self":[{"href":"https:\/\/radiobitacora.com.ar\/web\/wp-json\/wp\/v2\/posts\/7366","targetHints":{"allow":["GET"]}}],"collection":[{"href":"https:\/\/radiobitacora.com.ar\/web\/wp-json\/wp\/v2\/posts"}],"about":[{"href":"https:\/\/radiobitacora.com.ar\/web\/wp-json\/wp\/v2\/types\/post"}],"author":[{"embeddable":true,"href":"https:\/\/radiobitacora.com.ar\/web\/wp-json\/wp\/v2\/users\/2"}],"replies":[{"embeddable":true,"href":"https:\/\/radiobitacora.com.ar\/web\/wp-json\/wp\/v2\/comments?post=7366"}],"version-history":[{"count":0,"href":"https:\/\/radiobitacora.com.ar\/web\/wp-json\/wp\/v2\/posts\/7366\/revisions"}],"wp:featuredmedia":[{"embeddable":true,"href":"https:\/\/radiobitacora.com.ar\/web\/wp-json\/wp\/v2\/media\/7367"}],"wp:attachment":[{"href":"https:\/\/radiobitacora.com.ar\/web\/wp-json\/wp\/v2\/media?parent=7366"}],"wp:term":[{"taxonomy":"category","embeddable":true,"href":"https:\/\/radiobitacora.com.ar\/web\/wp-json\/wp\/v2\/categories?post=7366"},{"taxonomy":"post_tag","embeddable":true,"href":"https:\/\/radiobitacora.com.ar\/web\/wp-json\/wp\/v2\/tags?post=7366"}],"curies":[{"name":"wp","href":"https:\/\/api.w.org\/{rel}","templated":true}]}}