{"id":7396,"date":"2022-09-06T07:15:44","date_gmt":"2022-09-06T10:15:44","guid":{"rendered":"https:\/\/radiobitacora.com.ar\/web\/?p=7396"},"modified":"2022-09-06T07:15:44","modified_gmt":"2022-09-06T10:15:44","slug":"mariano-hormaechea-participo-de-la-4ta-reunion-de-la-microrregion-en-lavalle","status":"publish","type":"post","link":"https:\/\/radiobitacora.com.ar\/web\/2022\/09\/06\/mariano-hormaechea-participo-de-la-4ta-reunion-de-la-microrregion-en-lavalle\/","title":{"rendered":"MARIANO HORMAECHEA PARTICIP\u00d3 DE LA 4TA REUNI\u00d3N DE LA MICRORREGI\u00d3N EN LAVALLE"},"content":{"rendered":"<h3><strong>El Intendente de Goya, en la tarde del lunes particip\u00f3 del Foro de Intendentes de la Microrregi\u00f3n R\u00edo Santa Luc\u00eda, donde se plantearon distintos temas concernientes a la actividad de la zona.<\/strong><\/h3>\n<p>Esta reuni\u00f3n se dio en el Sal\u00f3n de Usos M\u00faltiples de Lavalle, con los intendentes y funcionarios de los municipios de Lavalle, Goya, Santa Luc\u00eda, Carolina, Gobernador Mart\u00ednez, Cruz de los Milagros, San Isidro, Yatay Ti Calle y Cecilio Echavarr\u00eda.<img loading=\"lazy\" decoding=\"async\" class=\"size-medium wp-image-23993 alignright lazyloaded\" src=\"https:\/\/883radiociudad.gob.ar\/wp-content\/uploads\/2022\/09\/REUNION-MICROREGION-2-300x169.jpg\" sizes=\"auto, (max-width: 300px) 100vw, 300px\" srcset=\"https:\/\/883radiociudad.gob.ar\/wp-content\/uploads\/2022\/09\/REUNION-MICROREGION-2-300x169.jpg 300w, https:\/\/883radiociudad.gob.ar\/wp-content\/uploads\/2022\/09\/REUNION-MICROREGION-2-1024x576.jpg 1024w, https:\/\/883radiociudad.gob.ar\/wp-content\/uploads\/2022\/09\/REUNION-MICROREGION-2-768x432.jpg 768w, https:\/\/883radiociudad.gob.ar\/wp-content\/uploads\/2022\/09\/REUNION-MICROREGION-2-1536x864.jpg 1536w, https:\/\/883radiociudad.gob.ar\/wp-content\/uploads\/2022\/09\/REUNION-MICROREGION-2-scaled.jpg 1020w\" alt=\"\" width=\"300\" height=\"169\" data-srcset=\"https:\/\/883radiociudad.gob.ar\/wp-content\/uploads\/2022\/09\/REUNION-MICROREGION-2-300x169.jpg 300w, https:\/\/883radiociudad.gob.ar\/wp-content\/uploads\/2022\/09\/REUNION-MICROREGION-2-1024x576.jpg 1024w, https:\/\/883radiociudad.gob.ar\/wp-content\/uploads\/2022\/09\/REUNION-MICROREGION-2-768x432.jpg 768w, https:\/\/883radiociudad.gob.ar\/wp-content\/uploads\/2022\/09\/REUNION-MICROREGION-2-1536x864.jpg 1536w, https:\/\/883radiociudad.gob.ar\/wp-content\/uploads\/2022\/09\/REUNION-MICROREGION-2-scaled.jpg 1020w\" data-src=\"https:\/\/883radiociudad.gob.ar\/wp-content\/uploads\/2022\/09\/REUNION-MICROREGION-2-300x169.jpg\" data-sizes=\"(max-width: 300px) 100vw, 300px\" \/><\/p>\n<p>En la oportunidad se retom\u00f3 este tipo de encuentros para continuar en un trabajo articulado, se plante\u00f3 la necesidad de generar una agenda en com\u00fan, pensando a la Regi\u00f3n como zona tur\u00edstica y de actividades, tambi\u00e9n se trat\u00f3 la circulaci\u00f3n vial en Ruta provincial 27, en el tramo comprendido entre Goya y Santa Luc\u00eda.<\/p>\n<p>Se acord\u00f3 una pr\u00f3xima reuni\u00f3n para dentro de un mes, para avanzar con los temas tratados e incorporar otros que son en com\u00fan y de fundamental importancia para la regi\u00f3n.<img loading=\"lazy\" decoding=\"async\" class=\"size-medium wp-image-23994 alignleft lazyloaded\" src=\"https:\/\/883radiociudad.gob.ar\/wp-content\/uploads\/2022\/09\/REUNION-MICROREGION-3-300x169.jpg\" sizes=\"auto, (max-width: 300px) 100vw, 300px\" srcset=\"https:\/\/883radiociudad.gob.ar\/wp-content\/uploads\/2022\/09\/REUNION-MICROREGION-3-300x169.jpg 300w, https:\/\/883radiociudad.gob.ar\/wp-content\/uploads\/2022\/09\/REUNION-MICROREGION-3-1024x576.jpg 1024w, https:\/\/883radiociudad.gob.ar\/wp-content\/uploads\/2022\/09\/REUNION-MICROREGION-3-768x432.jpg 768w, https:\/\/883radiociudad.gob.ar\/wp-content\/uploads\/2022\/09\/REUNION-MICROREGION-3-1536x864.jpg 1536w, https:\/\/883radiociudad.gob.ar\/wp-content\/uploads\/2022\/09\/REUNION-MICROREGION-3-scaled.jpg 1020w\" alt=\"\" width=\"300\" height=\"169\" data-srcset=\"https:\/\/883radiociudad.gob.ar\/wp-content\/uploads\/2022\/09\/REUNION-MICROREGION-3-300x169.jpg 300w, https:\/\/883radiociudad.gob.ar\/wp-content\/uploads\/2022\/09\/REUNION-MICROREGION-3-1024x576.jpg 1024w, https:\/\/883radiociudad.gob.ar\/wp-content\/uploads\/2022\/09\/REUNION-MICROREGION-3-768x432.jpg 768w, https:\/\/883radiociudad.gob.ar\/wp-content\/uploads\/2022\/09\/REUNION-MICROREGION-3-1536x864.jpg 1536w, https:\/\/883radiociudad.gob.ar\/wp-content\/uploads\/2022\/09\/REUNION-MICROREGION-3-scaled.jpg 1020w\" data-src=\"https:\/\/883radiociudad.gob.ar\/wp-content\/uploads\/2022\/09\/REUNION-MICROREGION-3-300x169.jpg\" data-sizes=\"(max-width: 300px) 100vw, 300px\" \/><\/p>\n<p>Para reorganizar la secretar\u00eda de la Microrregi\u00f3n se plante\u00f3 una pr\u00f3xima convocatoria, teniendo en cuenta la transici\u00f3n en la asunci\u00f3n de los nuevos intendentes en los respectivos municipios.<\/p>\n<p>Estuvieron presentes: Hugo Perrota, de Lavalle; Elvio Sanabria, de Carolina, presidente de la Microrregi\u00f3n; Mariano Hormaechea, de Goya; Carlos Mart\u00ednez, de San Isidro; Norberto Villordo, de Santa Luc\u00eda; Alberto Quiroz, de Cruz de los Milagros; Aldo Sando.<\/p>\n","protected":false},"excerpt":{"rendered":"<p>El Intendente de Goya, en la tarde del lunes particip\u00f3 del Foro de Intendentes de la Microrregi\u00f3n R\u00edo Santa Luc\u00eda, donde se plantearon distintos temas concernientes a la actividad de la zona. Esta reuni\u00f3n se dio en el Sal\u00f3n de Usos M\u00faltiples de Lavalle, con los intendentes y funcionarios de los municipios de Lavalle, Goya, [&hellip;]<\/p>\n","protected":false},"author":2,"featured_media":7397,"comment_status":"closed","ping_status":"closed","sticky":false,"template":"","format":"standard","meta":{"footnotes":""},"categories":[56],"tags":[],"class_list":{"0":"post-7396","1":"post","2":"type-post","3":"status-publish","4":"format-standard","5":"has-post-thumbnail","7":"category-locales"},"_links":{"self":[{"href":"https:\/\/radiobitacora.com.ar\/web\/wp-json\/wp\/v2\/posts\/7396","targetHints":{"allow":["GET"]}}],"collection":[{"href":"https:\/\/radiobitacora.com.ar\/web\/wp-json\/wp\/v2\/posts"}],"about":[{"href":"https:\/\/radiobitacora.com.ar\/web\/wp-json\/wp\/v2\/types\/post"}],"author":[{"embeddable":true,"href":"https:\/\/radiobitacora.com.ar\/web\/wp-json\/wp\/v2\/users\/2"}],"replies":[{"embeddable":true,"href":"https:\/\/radiobitacora.com.ar\/web\/wp-json\/wp\/v2\/comments?post=7396"}],"version-history":[{"count":0,"href":"https:\/\/radiobitacora.com.ar\/web\/wp-json\/wp\/v2\/posts\/7396\/revisions"}],"wp:featuredmedia":[{"embeddable":true,"href":"https:\/\/radiobitacora.com.ar\/web\/wp-json\/wp\/v2\/media\/7397"}],"wp:attachment":[{"href":"https:\/\/radiobitacora.com.ar\/web\/wp-json\/wp\/v2\/media?parent=7396"}],"wp:term":[{"taxonomy":"category","embeddable":true,"href":"https:\/\/radiobitacora.com.ar\/web\/wp-json\/wp\/v2\/categories?post=7396"},{"taxonomy":"post_tag","embeddable":true,"href":"https:\/\/radiobitacora.com.ar\/web\/wp-json\/wp\/v2\/tags?post=7396"}],"curies":[{"name":"wp","href":"https:\/\/api.w.org\/{rel}","templated":true}]}}