{"id":7399,"date":"2022-09-06T07:17:22","date_gmt":"2022-09-06T10:17:22","guid":{"rendered":"https:\/\/radiobitacora.com.ar\/web\/?p=7399"},"modified":"2022-09-06T07:17:22","modified_gmt":"2022-09-06T10:17:22","slug":"personal-jornalizado-y-por-dia-percibiran-un-aumento-del-10","status":"publish","type":"post","link":"https:\/\/radiobitacora.com.ar\/web\/2022\/09\/06\/personal-jornalizado-y-por-dia-percibiran-un-aumento-del-10\/","title":{"rendered":"PERSONAL JORNALIZADO Y POR D\u00cdA PERCIBIR\u00c1N UN AUMENTO DEL 10 %"},"content":{"rendered":"<h3><strong>El Municipio de Goya anuncia un incremento del 10 % para empleados jornalizados y por expediente.<\/strong><\/h3>\n<p>La efectivizaci\u00f3n del pago, este aumento, se har\u00e1 efectivo cuando los agentes que revisten por d\u00eda cobren el pr\u00f3ximo viernes 16 de septiembre. Con esto pasar\u00e1n a percibir 1.100 pesos el jornal, en tanto que el personal que reviste como expediente percibir\u00e1 este aumento con su retribuci\u00f3n del mes de septiembre.<\/p>\n<p>Esto fue anunciado a trav\u00e9s de la cuenta de Twitter del Intendente Municipal Mariano Hormaechea.<\/p>\n","protected":false},"excerpt":{"rendered":"<p>El Municipio de Goya anuncia un incremento del 10 % para empleados jornalizados y por expediente. La efectivizaci\u00f3n del pago, este aumento, se har\u00e1 efectivo cuando los agentes que revisten por d\u00eda cobren el pr\u00f3ximo viernes 16 de septiembre. Con esto pasar\u00e1n a percibir 1.100 pesos el jornal, en tanto que el personal que reviste [&hellip;]<\/p>\n","protected":false},"author":2,"featured_media":7400,"comment_status":"closed","ping_status":"closed","sticky":false,"template":"","format":"standard","meta":{"footnotes":""},"categories":[56],"tags":[],"class_list":{"0":"post-7399","1":"post","2":"type-post","3":"status-publish","4":"format-standard","5":"has-post-thumbnail","7":"category-locales"},"_links":{"self":[{"href":"https:\/\/radiobitacora.com.ar\/web\/wp-json\/wp\/v2\/posts\/7399","targetHints":{"allow":["GET"]}}],"collection":[{"href":"https:\/\/radiobitacora.com.ar\/web\/wp-json\/wp\/v2\/posts"}],"about":[{"href":"https:\/\/radiobitacora.com.ar\/web\/wp-json\/wp\/v2\/types\/post"}],"author":[{"embeddable":true,"href":"https:\/\/radiobitacora.com.ar\/web\/wp-json\/wp\/v2\/users\/2"}],"replies":[{"embeddable":true,"href":"https:\/\/radiobitacora.com.ar\/web\/wp-json\/wp\/v2\/comments?post=7399"}],"version-history":[{"count":0,"href":"https:\/\/radiobitacora.com.ar\/web\/wp-json\/wp\/v2\/posts\/7399\/revisions"}],"wp:featuredmedia":[{"embeddable":true,"href":"https:\/\/radiobitacora.com.ar\/web\/wp-json\/wp\/v2\/media\/7400"}],"wp:attachment":[{"href":"https:\/\/radiobitacora.com.ar\/web\/wp-json\/wp\/v2\/media?parent=7399"}],"wp:term":[{"taxonomy":"category","embeddable":true,"href":"https:\/\/radiobitacora.com.ar\/web\/wp-json\/wp\/v2\/categories?post=7399"},{"taxonomy":"post_tag","embeddable":true,"href":"https:\/\/radiobitacora.com.ar\/web\/wp-json\/wp\/v2\/tags?post=7399"}],"curies":[{"name":"wp","href":"https:\/\/api.w.org\/{rel}","templated":true}]}}