{"id":7408,"date":"2022-09-06T07:27:50","date_gmt":"2022-09-06T10:27:50","guid":{"rendered":"https:\/\/radiobitacora.com.ar\/web\/?p=7408"},"modified":"2022-09-06T07:27:50","modified_gmt":"2022-09-06T10:27:50","slug":"corrientes-sera-anfitriona-de-un-importante-encuentro-sobre-el-cambio-climatico","status":"publish","type":"post","link":"https:\/\/radiobitacora.com.ar\/web\/2022\/09\/06\/corrientes-sera-anfitriona-de-un-importante-encuentro-sobre-el-cambio-climatico\/","title":{"rendered":"Corrientes ser\u00e1 anfitriona de un importante encuentro sobre el Cambio Clim\u00e1tico"},"content":{"rendered":"<header>\n<div>\n<div>\n<p>Eduardo Tassano y Gustavo Vald\u00e9s ser\u00e1n anfitriones de un importante encuentro de intendentes de distintos puntos del pa\u00eds y la regi\u00f3n latinoamericana, que se llevar\u00e1 a cabo el viernes 23 y que contar\u00e1 con la presencia del jefe de Gobierno porte\u00f1o, Horacio Rodr\u00edguez Larreta. Ser\u00e1 un c\u00f3nclave previo al encuentro internacional que se har\u00e1 en la Ciudad de Buenos Aires del 19 al 21 de octubre.Eduardo Tassano y Gustavo Vald\u00e9s ser\u00e1n anfitriones de un importante encuentro de intendentes de distintos puntos del pa\u00eds y la regi\u00f3n latinoamericana, que se llevar\u00e1 a cabo el viernes 23 y que contar\u00e1 con la presencia del jefe de Gobierno porte\u00f1o, Horacio Rodr\u00edguez Larreta. Ser\u00e1 un c\u00f3nclave previo al encuentro internacional que se har\u00e1 en la Ciudad de Buenos Aires del 19 al 21 de octubre.<\/p>\n<\/div>\n<div class=\"meta\"><time>5 de Septiembre, 2022<\/time><\/div>\n<\/div>\n<\/header>\n<section class=\"body\">\n<section class=\"content\">\n<figure class=\"big-column\"><picture><source srcset=\"https:\/\/www.radiodos.com.ar\/content\/bucket\/2\/174672w850h566c.jpg.webp\" type=\"image\/webp\" media=\"(min-width: 640px)\" \/><source srcset=\"https:\/\/www.radiodos.com.ar\/content\/bucket\/2\/174672w480h320c.jpg.webp\" type=\"image\/webp\" media=\"(min-width: 300px)\" \/><source srcset=\"https:\/\/www.radiodos.com.ar\/content\/bucket\/2\/174672w850h566c.jpg\" media=\"(min-width: 300px)\" \/><img loading=\"lazy\" decoding=\"async\" class=\"pic\" src=\"https:\/\/www.radiodos.com.ar\/content\/bucket\/2\/174672w850h566c.jpg.webp\" alt=\"\" width=\"850\" height=\"566\" \/><\/picture><\/figure>\n<div class=\"main-text\">\n<div class=\"social\">\n<div class=\"share\"><\/div>\n<\/div>\n<p>La ciudad de Corrientes ser\u00e1 anfitriona, el pr\u00f3ximo 23 de septiembre, de un importante c\u00f3nclave que cobra vital trascendencia, dado que ser\u00e1 la antesala a la reuni\u00f3n sobre cambio clim\u00e1tico m\u00e1s importante del mundo que involucra a gobiernos locales, la Cumbre Internacional C40, que se llevar\u00e1 a cabo del 19 al 21 de octubre en la Ciudad Aut\u00f3noma de Buenos Aires.<\/p>\n<p>En este marco, el intendente Eduardo Tassano y el gobernador Gustavo Vald\u00e9s recibir\u00e1n a alcaldes argentinos y de la regi\u00f3n latinoamericana que visitar\u00e1n la capital provincial junto con equipos especializados para deliberar en este encuentro, previo a la cumbre mundial. Todo ello, en un marco en el que se viene desarrollando en el pa\u00eds una serie de encuentros de intendentes cuyas gestiones integran la Red Argentina de Municipios contra el Cambio Clim\u00e1tico (RAMCC).<\/p>\n<p><strong>Ciudades de bienestar:<\/strong><\/p>\n<p>El tema que se desarrollar\u00e1n en Corrientes es &#8220;Ciudades de bienestar&#8221;, lo cual contempla conocer qu\u00e9 acciones est\u00e1n llevando a cabo desde los gobiernos locales para preparase ante los impactos del cambio clim\u00e1tico.<\/p>\n<p>En ese contexto, se record\u00f3 que un importante conjunto de medidas de esta \u00edndole forma parte tambi\u00e9n de los compromisos asumidos el a\u00f1o pasado por el intendente Tassano para esta segunda gesti\u00f3n al frente del Municipio, con el objetivo de que Corrientes se afiance como una ciudad verde, sustentable y resiliente.<\/p>\n<p>&#8220;En el caso de Corrientes, por ejemplo, ya tenemos desde diciembre del a\u00f1o pasado la primera \u00e1rea protegida: la reserva Santa Catalina, al sur de la ciudad, con 275 hect\u00e1reas protegidas a perpetuidad&#8221;, indic\u00f3 por su parte el subsecretario de Planificaci\u00f3n Ambiental de la Municipalidad, Alejandro Cristi\u00e1.<\/p>\n<p>Al respecto, resalt\u00f3 tambi\u00e9n que &#8220;la gesti\u00f3n del intendente Tassano se traz\u00f3 como un objetivo para su segundo mandato el duplicar la cantidad de \u00e1rboles plantados en la ciudad y llegar a 15.000 nuevos&#8221;.<\/p>\n<p>Al referirse a este tipo de acciones concretas llevadas adelante desde la Municipalidad de Corrientes en este contexto, Cristi\u00e1 mencion\u00f3 el desarrollo de ciclov\u00edas, la plantaci\u00f3n de nuevos \u00e1rboles, el mejoramiento en la gesti\u00f3n de residuos, los puntos verdes, el reciclaje y la econom\u00eda circular. Tambi\u00e9n subray\u00f3 la importancia que representa las continuas labores en cuanto al recambio de l\u00e1mparas hal\u00f3genas por luces led, que consume mucho menos energ\u00eda. &#8220;Todas son peque\u00f1as acciones que la ciudad de Corrientes viene desarrollando en el marco de su plan de acci\u00f3n contra el cambio clim\u00e1tico&#8221;, indic\u00f3.<\/p>\n<p><strong>C\u00f3nclave mundial:<\/strong><\/p>\n<p>El encuentro en Corrientes marcar\u00e1 el camino a la cumbre mundial de octubre en la CABA, una cita importante para la que ya est\u00e1 confirmada la presencia de alcaldes de ciudades como Par\u00eds (Francia), Londres (Inglaterra) y Nueva York (Estados Unidos).<\/p>\n<p>A la fecha, m\u00e1s de medio centenar de jefes comunales de ciudades globales y los intendentes de ciudades argentinas confirmaron su participaci\u00f3n en la Cumbre Mundial de Alcaldes de C40, que se realizar\u00e1 entre el 19 y el 21 de octubre en Buenos Aires. Es un foro que se efect\u00faa cada tres a\u00f1os y mediante el que se busca trazar pol\u00edticas p\u00fablicas comunes a escala municipal en distintos puntos del planeta.<\/p>\n<p>El evento tambi\u00e9n incluye un Foro Urbano Federal del que participan m\u00e1s de cien ciudades argentinas que presentar\u00e1n una declaraci\u00f3n conjunta con compromisos concretos para reducir las emisiones de carbono.<\/p>\n<p>Bajo el lema &#8220;Unidos en acci\u00f3n&#8221;, este a\u00f1o, los ejes principales del foro ser\u00e1n ciudades de bienestar, recuperaci\u00f3n econ\u00f3mica verde e inclusiva y financiamiento verde.<\/p>\n<p><strong>Qu\u00e9 es el C40:<\/strong><\/p>\n<p>C40 es una red de casi cien alcaldes de las principales ciudades del mundo que trabajan para brindar la acci\u00f3n urgente necesaria para enfrentar la crisis clim\u00e1tica y crear un futuro en el que todos, en todas partes, puedan prosperar.<\/p>\n<p>Las anteriores cumbres de C40 se realizaron en Londres, Nueva York, Se\u00fal, San Pablo, Johannesburgo, Ciudad de M\u00e9xico y Copenhague.<\/p>\n<p>Como legado del encuentro, C40 y la ciudad de Buenos Aires impulsan el &#8220;Consenso Buenos Aires&#8221;, que incluye la creaci\u00f3n de un fondo internacional de financiamiento para proyectos urbanos destinados a luchar contra el cambio clim\u00e1tico, que contemple especialmente los desaf\u00edos que enfrentan las ciudades latinoamericanas.<\/p>\n<p>Tambi\u00e9n se contemplan otras actividades en paralelo como un festival sustentable, una carrera por el medioambiente y un foro empresarial, para el que se prev\u00e9 una fuerte presencia global del sector privado.<\/p>\n<p>En este sentido, esperan que asistan a la cumbre de Buenos Aires m\u00e1s de mil personas, incluyendo delegados de ciudades de todo el mundo, representantes de la sociedad civil y del sector privado, medios internacionales e instituciones multilaterales como la ONU, el Banco Interamericano de Desarrollo (BID), el Banco Mundial, la Corporaci\u00f3n Andina de Fomento (CAF) y la International Finance Corporation (IFC), entre otros.<\/p>\n<p><strong>Reuniones preparatorias:<\/strong><\/p>\n<p>Con vistas a la cumbre de octubre en Buenos Aires, y antes del encuentro en Corrientes, recientemente se llev\u00f3 a cabo el Tercer Encuentro T\u00e9cnico de Intendentes y jefes comunales realizado en la ciudad de Rosario, de la que particip\u00f3 Tassano. La reuni\u00f3n fue clave para intercambiar ideas y analizar la importancia del financiamiento clim\u00e1tico en la transici\u00f3n ecol\u00f3gica.<\/p>\n<p>Tras las distintas exposiciones, y de forma consensuada, se pudieron establecer algunas demandas como la &#8220;Centralizaci\u00f3n en las poblaciones m\u00e1s vulnerables a los impactos del cambio clim\u00e1tico&#8221;; &#8220;Refuerzo de la educaci\u00f3n como herramienta de transformaci\u00f3n y empoderamiento de base&#8221;; y el &#8220;Impulso y promoci\u00f3n de la participaci\u00f3n de m\u00faltiples actores en todos los \u00e1mbitos&#8221;.<\/p>\n<p>Ahora es el turno de la ciudad de Corrientes, en la antesala a la cumbre mundial de octubre en Buenos Aires.<\/p>\n<\/div>\n<\/section>\n<\/section>\n","protected":false},"excerpt":{"rendered":"<p>Eduardo Tassano y Gustavo Vald\u00e9s ser\u00e1n anfitriones de un importante encuentro de intendentes de distintos puntos del pa\u00eds y la regi\u00f3n latinoamericana, que se llevar\u00e1 a cabo el viernes 23 y que contar\u00e1 con la presencia del jefe de Gobierno porte\u00f1o, Horacio Rodr\u00edguez Larreta. Ser\u00e1 un c\u00f3nclave previo al encuentro internacional que se har\u00e1 en [&hellip;]<\/p>\n","protected":false},"author":2,"featured_media":7409,"comment_status":"closed","ping_status":"closed","sticky":false,"template":"","format":"standard","meta":{"footnotes":""},"categories":[90],"tags":[],"class_list":{"0":"post-7408","1":"post","2":"type-post","3":"status-publish","4":"format-standard","5":"has-post-thumbnail","7":"category-ecologia"},"_links":{"self":[{"href":"https:\/\/radiobitacora.com.ar\/web\/wp-json\/wp\/v2\/posts\/7408","targetHints":{"allow":["GET"]}}],"collection":[{"href":"https:\/\/radiobitacora.com.ar\/web\/wp-json\/wp\/v2\/posts"}],"about":[{"href":"https:\/\/radiobitacora.com.ar\/web\/wp-json\/wp\/v2\/types\/post"}],"author":[{"embeddable":true,"href":"https:\/\/radiobitacora.com.ar\/web\/wp-json\/wp\/v2\/users\/2"}],"replies":[{"embeddable":true,"href":"https:\/\/radiobitacora.com.ar\/web\/wp-json\/wp\/v2\/comments?post=7408"}],"version-history":[{"count":0,"href":"https:\/\/radiobitacora.com.ar\/web\/wp-json\/wp\/v2\/posts\/7408\/revisions"}],"wp:featuredmedia":[{"embeddable":true,"href":"https:\/\/radiobitacora.com.ar\/web\/wp-json\/wp\/v2\/media\/7409"}],"wp:attachment":[{"href":"https:\/\/radiobitacora.com.ar\/web\/wp-json\/wp\/v2\/media?parent=7408"}],"wp:term":[{"taxonomy":"category","embeddable":true,"href":"https:\/\/radiobitacora.com.ar\/web\/wp-json\/wp\/v2\/categories?post=7408"},{"taxonomy":"post_tag","embeddable":true,"href":"https:\/\/radiobitacora.com.ar\/web\/wp-json\/wp\/v2\/tags?post=7408"}],"curies":[{"name":"wp","href":"https:\/\/api.w.org\/{rel}","templated":true}]}}