{"id":7414,"date":"2022-09-06T07:35:21","date_gmt":"2022-09-06T10:35:21","guid":{"rendered":"https:\/\/radiobitacora.com.ar\/web\/?p=7414"},"modified":"2022-09-06T07:35:21","modified_gmt":"2022-09-06T10:35:21","slug":"corrientes-presento-el-proyecto-caa-cannabis-para-fines-medicinales-y-terapeuticos","status":"publish","type":"post","link":"https:\/\/radiobitacora.com.ar\/web\/2022\/09\/06\/corrientes-presento-el-proyecto-caa-cannabis-para-fines-medicinales-y-terapeuticos\/","title":{"rendered":"Corrientes present\u00f3 el proyecto Ca\u00e1 Cannabis para fines medicinales y terap\u00e9uticos"},"content":{"rendered":"<p>El gobernador Gustavo Vald\u00e9s junto a autoridades de la Universidad Nacional del Nordeste (Unne) presentaron ayer el proyecto \u201cCa\u00e1 Cannabis\u201d en un acto desarrollado en el Centro Tecnol\u00f3gico de Producci\u00f3n de Cannabis, ubicado sobre Ruta Nacional N\u00b0 12, Km 1.032, al lado de la Eragia.<\/p>\n<p>\u201cCa\u00e1 Cannabis fue todo un desaf\u00edo\u201d, destac\u00f3 el gobernador Gustavo Vald\u00e9s sobre el avance del proyecto coordinado por la \u201cSociedad del Estado para la Producci\u00f3n, Fomento e Investigaci\u00f3n del Cannabis Medicinal\u201d, que demand\u00f3 primero una instancia de debates a nivel nacional y luego se otorg\u00f3 la potestad de producci\u00f3n con fines terap\u00e9uticos a las provincias.<\/p>\n<p>El mandatario indic\u00f3 que la prioridad es poder llegar con un producto elaborado de calidad a los pacientes con ciertas patolog\u00edas que demandan del cannabis medicinal para su tratamiento, no obstante la meta final es lograr la comercializaci\u00f3n general de distintos tipos de productos derivados del cannabis medicinal.<\/p>\n<p>Estimo que es factible poder consolidar la producci\u00f3n e industrializaci\u00f3n del cannabis medicinal como una actividad econ\u00f3mica que genere empleo e ingresos en la provincia de Corrientes, y se\u00f1al\u00f3 que el Gobierno provincial lleva invertido m\u00e1s de 250 millones de pesos en el proyecto, incluyendo partidas previstas hasta fin de a\u00f1o.<\/p>\n<div class=\"container_publi\" data-tipo=\"tipo_desktop \" data-pos=\"AMP_P1_cuerpo\"><\/div>\n<p>\u201cEl a\u00f1o que viene vamos a estar invirtiendo 500 millones de pesos, vamos a ir avanzando con los laboratorios esperemos que el a\u00f1o que viene podamos tener nuestro primer aceite producido en laboratorio y estamos readaptando todo lo que va a ser un laboratorio experimental para luego nosotros podamos invertir en un laboratorio definitivo con escala industrial, para que nosotros podamos generar aceite de cannabis con nuestra empresa\u201d, agreg\u00f3 durante la prensa tras el acto.<\/p>\n<p>\u201cTodo lo que sea investigaci\u00f3n va a ser en Capital y todo lo que sea la fabricaci\u00f3n de productos se va a estar dando en la ciudad de Goya que nos hab\u00edamos comprometido. Tenemos identificado un predio que ya lo transferimos de la Provincia a la Municipalidad de diez hect\u00e1reas que vamos a comenzar a marcar y comenzar a generar los laboratorios de producci\u00f3n industrial en Goya\u201d, detall\u00f3.<\/p>\n<p>\u201cMientras tanto tenemos que saber exactamente c\u00f3mo se va a estructurar el laboratorio, para saber c\u00f3mo hacerlo a escala industrial. Esperamos hacerlo pronto porque sabemos que hay posibilidades de tener rentabilidad pero fundamentalmente generar un producto de alta calidad a nivel mundial\u201d, sigui\u00f3.<\/p>\n<p>\u201cSe calcula por hect\u00e1rea se pueden generar entre 300 y 500 mil d\u00f3lares, que es lo que nosotros estamos planteando hacia el futuro. Tambi\u00e9n es para la demanda interna, pero podemos hacer buenos n\u00fameros, un muy buen trabajo. Corrientes tiene las condiciones para poder hacerlo y de hecho lo estamos haciendo\u201d, destac\u00f3.<\/p>\n<div class=\"container_publi\" data-tipo=\"tipo_desktop \" data-pos=\"AMP_P2_cuerpo\"><\/div>\n<p>En este marco destac\u00f3 el apoyo de la provincia de Jujuy, el rol de la Universidad y otras instituciones que colaboran con la iniciativa provincial. \u201cQuiero agradecer a Gerardo Morales (por el gobernador de Jujuy) que nos abri\u00f3 las puertas de Jujuy con sus investigaciones, y ahora vamos a tener un proceso de cooperaci\u00f3n con Jujuy, como hab\u00edamos suscripto un convenio y por eso tambi\u00e9n quiero agradecer la presencia de la Universidad Nacional del Nordeste (Unne), del rector, del decano tanto de agronom\u00eda y de Ciencias Exactas que nos va a permitir tener todo el apoyo de la Universidad , el apoyo cient\u00edfico, que juntamente con el Ministro de Producci\u00f3n (por Claudio Anselmo) estamos trabajando en esto\u201d, dijo y agreg\u00f3 que \u201cy por supuesto el Inta, el Inti y tener tecnolog\u00eda aplicada al conocimiento y poder generar la industria farmacol\u00f3gica, insumos de calidad que permitan esta comercializaci\u00f3n\u201d. En el lanzamiento por parte de la Unne participaron del acto el rector, profesor Omar Larroza; el vicedecano de la Facultad de Ciencias Agrarias, dr. Aldo Bernardis; y la decana de la Facultad de Ciencias Exactas y Naturales y Agrimensura, mgter. Mar\u00eda Viviana Godoy Guglielmone.<\/p>\n<p>El proyecto Ca\u00e1 Cannabis tiene como sede el Centro Tecnol\u00f3gico de Producci\u00f3n de Cannabis, con una superficie de 300 metros cuadrados que se ampliar\u00e1 a 1.300 metros cuadrados con la posibilidad de desarrollar diversas etapas de producci\u00f3n y comercializaci\u00f3n.<\/p>\n<p>En julio de 2022 llegaron las 250 plantas de las l\u00edneas varietales que se constituyeron como \u201cplantas madres\u201d a partir de la cuales se desarrollar\u00e1 todo el proceso de trabajo y se espera para el mes de octubre la primera cosecha experimental.<\/p>\n","protected":false},"excerpt":{"rendered":"<p>El gobernador Gustavo Vald\u00e9s junto a autoridades de la Universidad Nacional del Nordeste (Unne) presentaron ayer el proyecto \u201cCa\u00e1 Cannabis\u201d en un acto desarrollado en el Centro Tecnol\u00f3gico de Producci\u00f3n de Cannabis, ubicado sobre Ruta Nacional N\u00b0 12, Km 1.032, al lado de la Eragia. \u201cCa\u00e1 Cannabis fue todo un desaf\u00edo\u201d, destac\u00f3 el gobernador Gustavo [&hellip;]<\/p>\n","protected":false},"author":2,"featured_media":7415,"comment_status":"closed","ping_status":"closed","sticky":false,"template":"","format":"standard","meta":{"footnotes":""},"categories":[69],"tags":[],"class_list":{"0":"post-7414","1":"post","2":"type-post","3":"status-publish","4":"format-standard","5":"has-post-thumbnail","7":"category-salud"},"_links":{"self":[{"href":"https:\/\/radiobitacora.com.ar\/web\/wp-json\/wp\/v2\/posts\/7414","targetHints":{"allow":["GET"]}}],"collection":[{"href":"https:\/\/radiobitacora.com.ar\/web\/wp-json\/wp\/v2\/posts"}],"about":[{"href":"https:\/\/radiobitacora.com.ar\/web\/wp-json\/wp\/v2\/types\/post"}],"author":[{"embeddable":true,"href":"https:\/\/radiobitacora.com.ar\/web\/wp-json\/wp\/v2\/users\/2"}],"replies":[{"embeddable":true,"href":"https:\/\/radiobitacora.com.ar\/web\/wp-json\/wp\/v2\/comments?post=7414"}],"version-history":[{"count":0,"href":"https:\/\/radiobitacora.com.ar\/web\/wp-json\/wp\/v2\/posts\/7414\/revisions"}],"wp:featuredmedia":[{"embeddable":true,"href":"https:\/\/radiobitacora.com.ar\/web\/wp-json\/wp\/v2\/media\/7415"}],"wp:attachment":[{"href":"https:\/\/radiobitacora.com.ar\/web\/wp-json\/wp\/v2\/media?parent=7414"}],"wp:term":[{"taxonomy":"category","embeddable":true,"href":"https:\/\/radiobitacora.com.ar\/web\/wp-json\/wp\/v2\/categories?post=7414"},{"taxonomy":"post_tag","embeddable":true,"href":"https:\/\/radiobitacora.com.ar\/web\/wp-json\/wp\/v2\/tags?post=7414"}],"curies":[{"name":"wp","href":"https:\/\/api.w.org\/{rel}","templated":true}]}}