{"id":7478,"date":"2022-09-07T07:19:31","date_gmt":"2022-09-07T10:19:31","guid":{"rendered":"https:\/\/radiobitacora.com.ar\/web\/?p=7478"},"modified":"2022-09-07T07:19:31","modified_gmt":"2022-09-07T10:19:31","slug":"la-voz-argentina-este-miercoles-participa-damian-ayala","status":"publish","type":"post","link":"https:\/\/radiobitacora.com.ar\/web\/2022\/09\/07\/la-voz-argentina-este-miercoles-participa-damian-ayala\/","title":{"rendered":"LA VOZ ARGENTINA: ESTE MI\u00c9RCOLES PARTICIPA DAMI\u00c1N AYALA"},"content":{"rendered":"<h3><strong>Luego de su presentaci\u00f3n este mi\u00e9rcoles, precisar\u00e1 del voto de todos los goyanos y correntinos para proseguir en La Voz Argentina.<\/strong><\/h3>\n<p>Dami\u00e1n Ayala busca avanzar en el certamen para consagrarse en la Voz Argentina 2022.<\/p>\n<p>En la Fase de cuartos de final, este concurso entra en su etapa de definici\u00f3n y es cuando el voto del p\u00fablico juega un rol preponderante.<\/p>\n<p>Se invita a la ciudadan\u00eda a sumar el voto para apoyar la continuidad de Dami\u00e1n Ayala en el certamen, con el anhelo que se convierta en la pr\u00f3xima Voz Argentina.<\/p>\n<p>Este mi\u00e9rcoles a las 22,30 horas por TELEFE, ingres\u00e1 y vot\u00e1 en\u00a0<a href=\"http:\/\/lavoz.mitelefe.com\/\" data-saferedirecturl=\"https:\/\/www.google.com\/url?q=http:\/\/LAVOZ.MITELEFE.COM&amp;source=gmail&amp;ust=1662603665628000&amp;usg=AOvVaw296KTfKDFkV9pvGYNqo2DD\">LAVOZ.MITELEFE.COM<\/a><\/p>\n","protected":false},"excerpt":{"rendered":"<p>Luego de su presentaci\u00f3n este mi\u00e9rcoles, precisar\u00e1 del voto de todos los goyanos y correntinos para proseguir en La Voz Argentina. Dami\u00e1n Ayala busca avanzar en el certamen para consagrarse en la Voz Argentina 2022. En la Fase de cuartos de final, este concurso entra en su etapa de definici\u00f3n y es cuando el voto [&hellip;]<\/p>\n","protected":false},"author":2,"featured_media":7479,"comment_status":"closed","ping_status":"closed","sticky":false,"template":"","format":"standard","meta":{"footnotes":""},"categories":[56],"tags":[],"class_list":{"0":"post-7478","1":"post","2":"type-post","3":"status-publish","4":"format-standard","5":"has-post-thumbnail","7":"category-locales"},"_links":{"self":[{"href":"https:\/\/radiobitacora.com.ar\/web\/wp-json\/wp\/v2\/posts\/7478","targetHints":{"allow":["GET"]}}],"collection":[{"href":"https:\/\/radiobitacora.com.ar\/web\/wp-json\/wp\/v2\/posts"}],"about":[{"href":"https:\/\/radiobitacora.com.ar\/web\/wp-json\/wp\/v2\/types\/post"}],"author":[{"embeddable":true,"href":"https:\/\/radiobitacora.com.ar\/web\/wp-json\/wp\/v2\/users\/2"}],"replies":[{"embeddable":true,"href":"https:\/\/radiobitacora.com.ar\/web\/wp-json\/wp\/v2\/comments?post=7478"}],"version-history":[{"count":0,"href":"https:\/\/radiobitacora.com.ar\/web\/wp-json\/wp\/v2\/posts\/7478\/revisions"}],"wp:featuredmedia":[{"embeddable":true,"href":"https:\/\/radiobitacora.com.ar\/web\/wp-json\/wp\/v2\/media\/7479"}],"wp:attachment":[{"href":"https:\/\/radiobitacora.com.ar\/web\/wp-json\/wp\/v2\/media?parent=7478"}],"wp:term":[{"taxonomy":"category","embeddable":true,"href":"https:\/\/radiobitacora.com.ar\/web\/wp-json\/wp\/v2\/categories?post=7478"},{"taxonomy":"post_tag","embeddable":true,"href":"https:\/\/radiobitacora.com.ar\/web\/wp-json\/wp\/v2\/tags?post=7478"}],"curies":[{"name":"wp","href":"https:\/\/api.w.org\/{rel}","templated":true}]}}