{"id":7493,"date":"2022-09-07T07:41:49","date_gmt":"2022-09-07T10:41:49","guid":{"rendered":"https:\/\/radiobitacora.com.ar\/web\/?p=7493"},"modified":"2022-09-07T07:41:49","modified_gmt":"2022-09-07T10:41:49","slug":"aniversario-del-fallecimiento-emotivo-homenaje-a-angel-rodriguez-creador-de-la-universidad-de-la-cuenca-del-plata","status":"publish","type":"post","link":"https:\/\/radiobitacora.com.ar\/web\/2022\/09\/07\/aniversario-del-fallecimiento-emotivo-homenaje-a-angel-rodriguez-creador-de-la-universidad-de-la-cuenca-del-plata\/","title":{"rendered":"ANIVERSARIO DEL FALLECIMIENTO: Emotivo homenaje a \u00c1ngel Rodr\u00edguez, creador de la Universidad de la Cuenca del Plata"},"content":{"rendered":"<p>La Universidad de la Cuenca del Plata homenaje\u00f3 ayer al rector fundador, magister \u00c1ngel E. Rodr\u00edguez, al cumplirse un a\u00f1o de su muerte. Funcionarios provinciales, municipales y destacados referentes de la educaci\u00f3n participaron del acto. Al finalizar, sus hijas y nietos\/as descubrieron un busto en su honor.<\/p>\n<p>Un video repas\u00f3 la vida del \u00c1ngel Rodr\u00edguez, su infancia. La p\u00e9rdida de su padre cuando apenas ten\u00eda 4 a\u00f1os. La detenci\u00f3n de su madre en plena dictadura militar. Su adolescencia en el Colegio Pio XI y el apoyo de los salesianos para continuar sus estudios hasta recibirse de maestro. Sus sue\u00f1os y anhelos. El descubrimiento de la doctrina de Jean Piaget y el compromiso por cambiar la educaci\u00f3n de Corrientes y el pa\u00eds.<\/p>\n<p>Rodr\u00edguez fue el responsable de los cambios paradigm\u00e1ticos en la educaci\u00f3n correntina al crear la primera instituci\u00f3n educativa de gesti\u00f3n privada. Emprendimiento que oblig\u00f3 a crear nuevas leyes en Corrientes. Sus proyectos fueron una revoluci\u00f3n en toda la regi\u00f3n.<\/p>\n<p>La rectora de la Universidad de la Cuenca del Plata, Florencia Rodr\u00edguez, hija del querido educador, continu\u00f3 el homenaje y enton\u00f3 la canci\u00f3n de cuna que su padre le cantaba. Repas\u00f3 cada uno de los desaf\u00edos que su progenitor asumi\u00f3.<\/p>\n<div class=\"container_publi\" data-tipo=\"tipo_desktop \" data-pos=\"AMP_P1_cuerpo\"><\/div>\n<p>\u201cLa Universidad surge como proyecto de continuidad del Colegio Piaget y le debe su primera esencia, el Piaget late desde el coraz\u00f3n de la Universidad de la Cuenca del Plata. En estos a\u00f1os que vienen, tenemos en mano el desaf\u00edo de reencontrarnos con esta esencia fundacional de la Universidad, abandonar los pupitres y redise\u00f1ar los espacios de aprendizaje, reencontrarnos con el paradigma, recuperar las aulas abiertas y prepararlas para explorar, repensar y transformar nuestro mundo circundante y expandirlo hacia nuevos horizontes por crear\u201d, dijo.<\/p>\n<p>\u201cNos dejaste y no te cre\u00edmos, porque tu presencia sigue estando cuando nos miramos y entre todos volvemos a verte\u201d, cerr\u00f3.<\/p>\n<p>El senador nacional Carlos Mauricio Esp\u00ednola entreg\u00f3 un diploma de honor en reconocimiento a Rodr\u00edguez, quien tambi\u00e9n fue diputado provincial.<\/p>\n","protected":false},"excerpt":{"rendered":"<p>La Universidad de la Cuenca del Plata homenaje\u00f3 ayer al rector fundador, magister \u00c1ngel E. Rodr\u00edguez, al cumplirse un a\u00f1o de su muerte. Funcionarios provinciales, municipales y destacados referentes de la educaci\u00f3n participaron del acto. Al finalizar, sus hijas y nietos\/as descubrieron un busto en su honor. Un video repas\u00f3 la vida del \u00c1ngel Rodr\u00edguez, [&hellip;]<\/p>\n","protected":false},"author":2,"featured_media":7494,"comment_status":"closed","ping_status":"closed","sticky":false,"template":"","format":"standard","meta":{"footnotes":""},"categories":[72],"tags":[],"class_list":{"0":"post-7493","1":"post","2":"type-post","3":"status-publish","4":"format-standard","5":"has-post-thumbnail","7":"category-provinciales"},"_links":{"self":[{"href":"https:\/\/radiobitacora.com.ar\/web\/wp-json\/wp\/v2\/posts\/7493","targetHints":{"allow":["GET"]}}],"collection":[{"href":"https:\/\/radiobitacora.com.ar\/web\/wp-json\/wp\/v2\/posts"}],"about":[{"href":"https:\/\/radiobitacora.com.ar\/web\/wp-json\/wp\/v2\/types\/post"}],"author":[{"embeddable":true,"href":"https:\/\/radiobitacora.com.ar\/web\/wp-json\/wp\/v2\/users\/2"}],"replies":[{"embeddable":true,"href":"https:\/\/radiobitacora.com.ar\/web\/wp-json\/wp\/v2\/comments?post=7493"}],"version-history":[{"count":0,"href":"https:\/\/radiobitacora.com.ar\/web\/wp-json\/wp\/v2\/posts\/7493\/revisions"}],"wp:featuredmedia":[{"embeddable":true,"href":"https:\/\/radiobitacora.com.ar\/web\/wp-json\/wp\/v2\/media\/7494"}],"wp:attachment":[{"href":"https:\/\/radiobitacora.com.ar\/web\/wp-json\/wp\/v2\/media?parent=7493"}],"wp:term":[{"taxonomy":"category","embeddable":true,"href":"https:\/\/radiobitacora.com.ar\/web\/wp-json\/wp\/v2\/categories?post=7493"},{"taxonomy":"post_tag","embeddable":true,"href":"https:\/\/radiobitacora.com.ar\/web\/wp-json\/wp\/v2\/tags?post=7493"}],"curies":[{"name":"wp","href":"https:\/\/api.w.org\/{rel}","templated":true}]}}