{"id":7532,"date":"2022-09-07T16:16:32","date_gmt":"2022-09-07T19:16:32","guid":{"rendered":"https:\/\/radiobitacora.com.ar\/web\/?p=7532"},"modified":"2022-09-07T16:16:32","modified_gmt":"2022-09-07T19:16:32","slug":"ante-el-derrame-de-combustible-en-el-parana-aguas-de-corrientes-emitio-un-comunicado","status":"publish","type":"post","link":"https:\/\/radiobitacora.com.ar\/web\/2022\/09\/07\/ante-el-derrame-de-combustible-en-el-parana-aguas-de-corrientes-emitio-un-comunicado\/","title":{"rendered":"Ante el derrame de combustible en el Paran\u00e1, Aguas de Corrientes emiti\u00f3 un comunicado"},"content":{"rendered":"<p>Aguas de Corrientes public\u00f3 un comunicado, tras la alarma generada por un mensaje que circul\u00f3 por grupos de Whatsapp que alertaba a la comunidad no beber agua de la canilla porque &#8220;hubo un derrame de gaso\u00edl&#8221;.<\/p>\n<p>La\u00a0empresa asegur\u00f3 que\u00a0&#8220;el agua potable cumple con todos los par\u00e1metros de calidad es apta para el consumo humano&#8221;.<\/p>\n<p>En las \u00faltimas horas trascendi\u00f3 una informaci\u00f3n acerca de que, en los grupos de Whatsapp de los correntinos, comenz\u00f3 a circular que &#8220;un barco paraguayo derram\u00f3 su carga de gasoil en el medio del r\u00edo a la altura de Paso de la Patria&#8221;, anuncia el mensaje y alerta que &#8220;consuman agua de bid\u00f3n y avisen a todos los que puedan&#8221;.<\/p>\n<p>Si bien se desconoce la identidad de la persona que gener\u00f3 esta circulaci\u00f3n de informaci\u00f3n, Aguas de Corrientes sali\u00f3 a aclarar que &#8220;ante la noticia del derrame de combustible,\u00a0\u00a0<strong>nuestra planta potabilizadora implement\u00f3 el protocolo ante problemas de este tipo&#8221;.<\/strong><\/p>\n<div class=\"container_publi\" data-tipo=\"tipo_desktop \" data-pos=\"AMP_P1_cuerpo\"><\/div>\n<p>Adem\u00e1s, indicaron que desde el laboratorio Central ubicado en Corrientes est\u00e1n en &#8220;permanente contacto con funcionarios de la Administraci\u00f3n Provincial del Agua del Chaco, quienes informaron que el derrame ocurri\u00f3 en el margen derecho del Paran\u00e1 sobre\u00a0\u00a0<strong>la costa chaque\u00f1a y que se encuentra contenido<\/strong>&#8220;.<\/p>\n<p>Por \u00faltimo, el comunicado aclara que &#8220;ante cualquier emergencia el personal est\u00e1 con los conocimientos para accionar y que, al momento,\u00a0\u00a0<strong>no hay absolutamente ning\u00fan indicio de alteraci\u00f3n en el agua natural\u00a0\u00a0<\/strong>y que el suministro a la ciudad est\u00e1 en perfectas condiciones de potabilidad&#8221;.<\/p>\n","protected":false},"excerpt":{"rendered":"<p>Aguas de Corrientes public\u00f3 un comunicado, tras la alarma generada por un mensaje que circul\u00f3 por grupos de Whatsapp que alertaba a la comunidad no beber agua de la canilla porque &#8220;hubo un derrame de gaso\u00edl&#8221;. La\u00a0empresa asegur\u00f3 que\u00a0&#8220;el agua potable cumple con todos los par\u00e1metros de calidad es apta para el consumo humano&#8221;. En [&hellip;]<\/p>\n","protected":false},"author":2,"featured_media":7533,"comment_status":"closed","ping_status":"closed","sticky":false,"template":"","format":"standard","meta":{"footnotes":""},"categories":[72],"tags":[],"class_list":{"0":"post-7532","1":"post","2":"type-post","3":"status-publish","4":"format-standard","5":"has-post-thumbnail","7":"category-provinciales"},"_links":{"self":[{"href":"https:\/\/radiobitacora.com.ar\/web\/wp-json\/wp\/v2\/posts\/7532","targetHints":{"allow":["GET"]}}],"collection":[{"href":"https:\/\/radiobitacora.com.ar\/web\/wp-json\/wp\/v2\/posts"}],"about":[{"href":"https:\/\/radiobitacora.com.ar\/web\/wp-json\/wp\/v2\/types\/post"}],"author":[{"embeddable":true,"href":"https:\/\/radiobitacora.com.ar\/web\/wp-json\/wp\/v2\/users\/2"}],"replies":[{"embeddable":true,"href":"https:\/\/radiobitacora.com.ar\/web\/wp-json\/wp\/v2\/comments?post=7532"}],"version-history":[{"count":0,"href":"https:\/\/radiobitacora.com.ar\/web\/wp-json\/wp\/v2\/posts\/7532\/revisions"}],"wp:featuredmedia":[{"embeddable":true,"href":"https:\/\/radiobitacora.com.ar\/web\/wp-json\/wp\/v2\/media\/7533"}],"wp:attachment":[{"href":"https:\/\/radiobitacora.com.ar\/web\/wp-json\/wp\/v2\/media?parent=7532"}],"wp:term":[{"taxonomy":"category","embeddable":true,"href":"https:\/\/radiobitacora.com.ar\/web\/wp-json\/wp\/v2\/categories?post=7532"},{"taxonomy":"post_tag","embeddable":true,"href":"https:\/\/radiobitacora.com.ar\/web\/wp-json\/wp\/v2\/tags?post=7532"}],"curies":[{"name":"wp","href":"https:\/\/api.w.org\/{rel}","templated":true}]}}