{"id":7551,"date":"2022-09-07T16:40:48","date_gmt":"2022-09-07T19:40:48","guid":{"rendered":"https:\/\/radiobitacora.com.ar\/web\/?p=7551"},"modified":"2022-09-07T16:40:48","modified_gmt":"2022-09-07T19:40:48","slug":"el-banco-mundial-le-prestara-otros-usd-900-millones-a-la-argentina-tras-una-reunion-con-massa-en-washington","status":"publish","type":"post","link":"https:\/\/radiobitacora.com.ar\/web\/2022\/09\/07\/el-banco-mundial-le-prestara-otros-usd-900-millones-a-la-argentina-tras-una-reunion-con-massa-en-washington\/","title":{"rendered":"El Banco Mundial le prestar\u00e1 otros USD 900 millones a la Argentina tras una reuni\u00f3n con Massa en Washington"},"content":{"rendered":"<p class=\"paragraph\"><i><b>Desde Washington DC &#8211;<\/b><\/i>\u00a0<b>El Banco Mundial confirm\u00f3 que le prestar\u00e1 otros USD 900 millones a la Argentina<\/b>\u00a0tras una reuni\u00f3n que mantuvo con el ministro de Econom\u00eda,\u00a0<b>Sergio Massa.<\/b><\/p>\n<p class=\"paragraph\">La entidad que preside\u00a0<b>David Malpass\u00a0<\/b>inform\u00f3: \u201cHoy, el Director Gerente de Operaciones del Banco Mundial,\u00a0<b>Axel van Trotsenburg<\/b>, se reuni\u00f3 con Sergio Massa, Ministro de Econom\u00eda de Argentina. Van Trotsenburg y el Ministro Massa discutieron sobre la situaci\u00f3n macroecon\u00f3mica de Argentina y destacaron la muy buena colaboraci\u00f3n entre el Banco y Argentina\u201d. Por la entidad estuvieron adem\u00e1s\u00a0<b>Felipe Jaramillo\u00a0<\/b>-vicepresidente del Banco Mundial para la regi\u00f3n de Am\u00e9rica Latina y el Caribe- y\u00a0<b>Jordan Schwartz<\/b>, representante del banco en la Argentina.<\/p>\n<p class=\"paragraph\">\u201cEl ministro Massa present\u00f3 el programa que est\u00e1 tomando el Gobierno para construir reservas internacionales y estabilizar las condiciones macroecon\u00f3micas en Argentina. Van Trotsenburg reconoci\u00f3 la importancia de tales esfuerzos durante estos tiempos dif\u00edciles. Tambi\u00e9n confirmaron su compromiso de trabajar juntos para proteger a los pobres del impacto de la inflaci\u00f3n y otros desaf\u00edos macroecon\u00f3micos, mejorar los servicios b\u00e1sicos y la infraestructura, y promover la agenda del cambio clim\u00e1tico como una forma de promover el crecimiento sostenible en Argentina\u201d, precis\u00f3.<\/p>\n<blockquote class=\"color_figcaption\"><p>\u201cEl ministro Massa present\u00f3 el programa que est\u00e1 tomando el Gobierno para construir reservas internacionales y estabilizar las condiciones macroecon\u00f3micas en Argentina\u201d<\/p><\/blockquote>\n<p class=\"paragraph\"><b>\u201cEl Banco Mundial ha estado junto a la Argentina, desde el comienzo de la crisis, para contribuir a amortiguar el impacto sobre los pobres.<\/b>\u00a0Desde 2020, hemos aprobado nuevos pr\u00e9stamos por un valor de USD 3.730 millones. Este a\u00f1o ya hemos aprobado USD 1.100 millones en nuevos proyectos y tenemos planeados otros $900 millones para los pr\u00f3ximos seis meses\u201d.<\/p>\n<p class=\"paragraph\"><b>\u201cEl gobierno de Argentina estima desembolsar unos USD 500 millones de d\u00f3lares de proyectos financiados por el Banco Mundial durante los pr\u00f3ximos cuatro meses<\/b>. Los desembolsos principales provendr\u00e1n de las obras de saneamiento de Matanza-Riachuelo, del apoyo al sistema universal de salud, del financiamiento a la capacitaci\u00f3n de trabajadores y del apoyo a ni\u00f1os pobres que reciben la Asignaci\u00f3n Universal por Hijo.<\/p>\n<div class=\"visual__image\"><img loading=\"lazy\" decoding=\"async\" class=\"\" src=\"https:\/\/cloudfront-us-east-1.images.arcpublishing.com\/infobae\/P6AICR6SA6CDD5GTJ3O24Q7PB4.jpg\" sizes=\"auto, (min-width: 800px) 50vw, 90vw\" srcset=\"https:\/\/www.infobae.com\/new-resizer\/x8foab6arunvHCB20B-Ejrh95xo=\/420x280\/filters:format(webp):quality(85)\/cloudfront-us-east-1.images.arcpublishing.com\/infobae\/P6AICR6SA6CDD5GTJ3O24Q7PB4.jpg 420w,https:\/\/www.infobae.com\/new-resizer\/ZMXndOmLlWgkNjJhgvgoEpGUXp0=\/768x512\/filters:format(webp):quality(85)\/cloudfront-us-east-1.images.arcpublishing.com\/infobae\/P6AICR6SA6CDD5GTJ3O24Q7PB4.jpg 768w,https:\/\/www.infobae.com\/new-resizer\/HQo9lZgJIx-CiwtyckPsHyTbv2g=\/992x661\/filters:format(webp):quality(85)\/cloudfront-us-east-1.images.arcpublishing.com\/infobae\/P6AICR6SA6CDD5GTJ3O24Q7PB4.jpg 992w,https:\/\/www.infobae.com\/new-resizer\/VRnGZEXuG7wh9zQ1FQzPS-OltUU=\/1200x800\/filters:format(webp):quality(85)\/cloudfront-us-east-1.images.arcpublishing.com\/infobae\/P6AICR6SA6CDD5GTJ3O24Q7PB4.jpg 1200w,https:\/\/www.infobae.com\/new-resizer\/EERlNkQt6rS0JV5lCMcAbCFnoCo=\/1440x960\/filters:format(webp):quality(85)\/cloudfront-us-east-1.images.arcpublishing.com\/infobae\/P6AICR6SA6CDD5GTJ3O24Q7PB4.jpg 1440w\" alt=\"Axel van Trotsenburg (REUTERS)\" width=\"4000\" height=\"2665\" \/>Axel van Trotsenburg (REUTERS)<\/div>\n<p class=\"paragraph\">Se destac\u00f3 que \u201cla cartera del Banco es de 9.100 millones de d\u00f3lares y consta de 25 proyectos por un total de USD 8.600 millones m\u00e1s una garant\u00eda del BIRF de 466 millones\u201d.<\/p>\n<p class=\"paragraph\"><b>Cr\u00e9ditos del BID<\/b><\/p>\n<p class=\"paragraph\"><a href=\"https:\/\/www.infobae.com\/economia\/2022\/09\/07\/massa-en-eeuu-el-fuerte-impacto-de-los-dolares-del-bid-y-un-miercoles-con-anuncios-de-inversiones\/\" target=\"_blank\" rel=\"noopener\">Los nuevos pr\u00e9stamos del Banco Mundial se suman a los que acord\u00f3 ayer Massa con el presidente del Banco Interamericano de Desarrollo (BID)<\/a>,\u00a0<b>Mauricio Claver-Carone.\u00a0<\/b>El BID\u00a0<b>confirm\u00f3 cr\u00e9ditos para el pa\u00eds que llegar\u00e1n antes de fin de a\u00f1o por 3.000 millones de d\u00f3lares, de los cuales 1.200 millones servir\u00e1n para el fortalecimiento de las reservas del BCRA. De esa cifra, al menos USD 500 millones ingresar\u00e1n a las arcas de la autoridad monetaria al 30 de septiembre y el resto antes de fin de a\u00f1o.<\/b><\/p>\n<p class=\"paragraph\">El monto total para los a\u00f1os 2022 y 2023 ser\u00e1 de USD 4.933 millones. Seg\u00fan destacaron desde Econom\u00eda, habr\u00e1 otros USD 1.933 millones de programas a firmar y aprobar antes de fin de a\u00f1o, y al menos USD 1.800 nuevos que se sumar\u00e1n en 2023.<\/p>\n<p class=\"paragraph\">En un di\u00e1logo con la prensa luego de su encuentro, Claver-Carone y Massa ratificaron el acuerdo en torno de estos cr\u00e9ditos para el pa\u00eds. \u201cSi la misi\u00f3n del ministro era destrabar lo que era no solamente la relaci\u00f3n pero operativamente el programa con el BID,\u00a0<b>se puede decir que el ministro tiene una misi\u00f3n cumplida, porque hemos podido destrabar lo que estaba trabado y ver c\u00f3mo lo aumentamos con una v\u00eda directa<\/b>\u201d, se\u00f1al\u00f3 el presidente del BID.<\/p>\n","protected":false},"excerpt":{"rendered":"<p>Desde Washington DC &#8211;\u00a0El Banco Mundial confirm\u00f3 que le prestar\u00e1 otros USD 900 millones a la Argentina\u00a0tras una reuni\u00f3n que mantuvo con el ministro de Econom\u00eda,\u00a0Sergio Massa. La entidad que preside\u00a0David Malpass\u00a0inform\u00f3: \u201cHoy, el Director Gerente de Operaciones del Banco Mundial,\u00a0Axel van Trotsenburg, se reuni\u00f3 con Sergio Massa, Ministro de Econom\u00eda de Argentina. Van Trotsenburg [&hellip;]<\/p>\n","protected":false},"author":2,"featured_media":7552,"comment_status":"closed","ping_status":"closed","sticky":false,"template":"","format":"standard","meta":{"footnotes":""},"categories":[65],"tags":[],"class_list":{"0":"post-7551","1":"post","2":"type-post","3":"status-publish","4":"format-standard","5":"has-post-thumbnail","7":"category-economia"},"_links":{"self":[{"href":"https:\/\/radiobitacora.com.ar\/web\/wp-json\/wp\/v2\/posts\/7551","targetHints":{"allow":["GET"]}}],"collection":[{"href":"https:\/\/radiobitacora.com.ar\/web\/wp-json\/wp\/v2\/posts"}],"about":[{"href":"https:\/\/radiobitacora.com.ar\/web\/wp-json\/wp\/v2\/types\/post"}],"author":[{"embeddable":true,"href":"https:\/\/radiobitacora.com.ar\/web\/wp-json\/wp\/v2\/users\/2"}],"replies":[{"embeddable":true,"href":"https:\/\/radiobitacora.com.ar\/web\/wp-json\/wp\/v2\/comments?post=7551"}],"version-history":[{"count":0,"href":"https:\/\/radiobitacora.com.ar\/web\/wp-json\/wp\/v2\/posts\/7551\/revisions"}],"wp:featuredmedia":[{"embeddable":true,"href":"https:\/\/radiobitacora.com.ar\/web\/wp-json\/wp\/v2\/media\/7552"}],"wp:attachment":[{"href":"https:\/\/radiobitacora.com.ar\/web\/wp-json\/wp\/v2\/media?parent=7551"}],"wp:term":[{"taxonomy":"category","embeddable":true,"href":"https:\/\/radiobitacora.com.ar\/web\/wp-json\/wp\/v2\/categories?post=7551"},{"taxonomy":"post_tag","embeddable":true,"href":"https:\/\/radiobitacora.com.ar\/web\/wp-json\/wp\/v2\/tags?post=7551"}],"curies":[{"name":"wp","href":"https:\/\/api.w.org\/{rel}","templated":true}]}}