{"id":7597,"date":"2022-09-08T08:26:12","date_gmt":"2022-09-08T11:26:12","guid":{"rendered":"https:\/\/radiobitacora.com.ar\/web\/?p=7597"},"modified":"2022-09-08T08:26:12","modified_gmt":"2022-09-08T11:26:12","slug":"la-estrategia-de-susana-gimenez-contra-la-demanda-de-la-afip","status":"publish","type":"post","link":"https:\/\/radiobitacora.com.ar\/web\/2022\/09\/08\/la-estrategia-de-susana-gimenez-contra-la-demanda-de-la-afip\/","title":{"rendered":"La estrategia de Susana Gim\u00e9nez contra la demanda de la AFIP"},"content":{"rendered":"<p><strong>Susana Gim\u00e9nez <\/strong>est\u00e1 en problemas. La Administraci\u00f3n Federal de Ingresos P\u00fablicos (<strong>AFIP<\/strong>) la demand\u00f3 por evasi\u00f3n agravada y le reclama el pago de $150 millones. El organismo asegura que la diva omiti\u00f3 presentar su declaraci\u00f3n jurada de Bienes Personales del 2019 y sospecha que la maniobra ten\u00eda como objetivo final ocultar su patrimonio para no pagar el Aporte Solidario y Extraordinario, que aprob\u00f3 el Congreso en el 2020 para morigerar los efectos de la pandemia.<\/p>\n<p>Cuando recibi\u00f3 la noticia, la conductora enfureci\u00f3 y\u00a0<strong>C\u00e9sar Litving<\/strong>, su abogado y contador, se convirti\u00f3 en su principal defensor medi\u00e1tico: \u201cNo hubo evasi\u00f3n, ocultamiento o enga\u00f1o. Lo \u00fanico que hay es el derecho de defensa ejercido por una contribuyente frente a un impuesto que es confiscatorio\u201d, asegur\u00f3 a NOTICIAS. Sin embargo, cuando se avanza en los detalles sobre c\u00f3mo se lleg\u00f3 a esta situaci\u00f3n, todo parece indicar que, tarde o temprano, la diva deber\u00e1 pagar.<\/p>\n<p>En el entorno de la conductora aseguran que ella se mantiene en silencio porque se trata de un tema t\u00e9cnico. De todas formas, deslizan hip\u00f3tesis ins\u00f3litas acerca de las razones de fondo de la denuncia. \u201cJuegan con contribuyentes de la talla de Susana en esta coyuntura de crisis porque estos temas tapan un poco todo, como lo del juicio de Vialidad contra Cristina\u201d, dicen sus allegados.<\/p>\n<p>Sin embargo, aunque esas declaraciones en off the record puedan alimentar el debate medi\u00e1tico, la Justicia mirar\u00e1 los detalles t\u00e9cnicos. De hecho,\u00a0<strong>Litving\u00a0<\/strong>confirm\u00f3 que en paralelo a la denuncia que recibi\u00f3 su clienta, su estudio present\u00f3 otra demanda para que se revise la constitucionalidad del impuesto a los Bienes Personales, cuya al\u00edcuota se increment\u00f3 en el 2019 por decisi\u00f3n del Congreso. Su objetivo es que el asunto termine en la Corte.<\/p>\n<h2>La denuncia<\/h2>\n<p>En di\u00e1logo con NOTICIAS, desde la\u00a0<strong>AFIP\u00a0<\/strong>explicaron las circunstancias por las que se lleg\u00f3 a esta denuncia en el fuero penal tributario. El delito por el que se acusa a la diva tiene una pena que va de 3 a 9 a\u00f1os de prisi\u00f3n (aunque, se sabe, en la Argentina ning\u00fan poderoso de la pol\u00edtica o los medios va preso y menos por cuestiones impositivas).<\/p>\n<p><strong>Susana\u00a0<\/strong>siempre hab\u00eda presentado sus declaraciones juradas de Bienes Personales y de Ganancias en tiempo y forma. Pero no lo hizo cuando se venci\u00f3 el plazo para las correspondientes al per\u00edodo 2019. Entonces, se activ\u00f3 el protocolo que utiliza el organismo para cualquier contribuyente: despu\u00e9s de cinco d\u00edas h\u00e1biles del primer vencimiento, le realiz\u00f3 una intimaci\u00f3n acompa\u00f1ada de una multa. \u201cEsa primera multa es peque\u00f1a, pero simb\u00f3lica. Es para ponerte en aviso de que est\u00e1s en falta\u201d, explicaron los voceros de la\u00a0<strong>AFIP<\/strong>.<\/p>\n<p>Despu\u00e9s de esa primera intimaci\u00f3n se dejaron correr veinte d\u00edas h\u00e1biles y, como Susana no regulariz\u00f3 su situaci\u00f3n, la nueva intimaci\u00f3n lleg\u00f3 con el aviso de que iba a comenzar un proceso de \u201cfiscalizaci\u00f3n sist\u00e9mica\u201d. Con este mecanismo que consiste en cruzar datos, la\u00a0<strong>AFIP\u00a0<\/strong>realiza una estimaci\u00f3n de los bienes del contribuyente en cuesti\u00f3n. \u201cNo pod\u00e9s cobrar el impuesto si no sab\u00e9s qu\u00e9 bienes tiene esa persona\u201d, agregaron.<\/p>\n<p>El tiempo pasaba y, a mediados del 2020,\u00a0<strong>Susana\u00a0<\/strong>present\u00f3 la declaraci\u00f3n jurada de Ganancias, pero no la de Bienes Personales. Esa decisi\u00f3n le sirvi\u00f3 a la AFIP para saber cu\u00e1nto gan\u00f3 la diva en el 2019 y as\u00ed ajustar mejor la estimaci\u00f3n hecha en base a la fiscalizaci\u00f3n sistem\u00e1tica. En total, la AFIP concluy\u00f3 que ten\u00eda que pagar $50 millones de Bienes Personales.<\/p>\n<p>En paralelo,\u00a0<strong>Litving\u00a0<\/strong>fue a la Justicia. Primero pidi\u00f3 una medida cautelar en un juzgado argumentando que la reforma del 2019 en la al\u00edcuota es \u201cconfiscatoria\u201d. La Justicia la rechaz\u00f3 y el abogado fue a otro juzgado. La respuesta fue la misma.<\/p>\n<p>Cuando la\u00a0<strong>AFIP\u00a0<\/strong>supo de estas presentaciones entendi\u00f3 que era hora de denunciar: \u201cTen\u00eda dos cautelares rechazadas y segu\u00eda neg\u00e1ndose a pagar. El organismo comprendi\u00f3 que esta persona no ten\u00eda ninguna intenci\u00f3n de pagar. \u00bfPor qu\u00e9 evasi\u00f3n agravada? Porque adem\u00e1s de todos los intentos que se hicieron para cobrar, sospechamos que la no declaraci\u00f3n de Bienes Personales tiene por objetivo ocultar su patrimonio para no pagar el Aporte Solidario\u201d, subrayaron desde la entidad.<\/p>\n<div class=\"media noticia-relacionada row\">\n<div class=\"banner-related flex-shrink-1\">\n<div id=\"eplAdDiv320x50x1\" class=\"ads-space text-center\" data-id=\"320x50x1\" data-w=\"320\" data-h=\"50\" data-loaded=\"true\" data-reload=\"false\"><\/div>\n<\/div>\n<\/div>\n<p>El monto de $150 millones es un c\u00e1lculo que hizo el organismo a partir de los $50 millones de la deuda original m\u00e1s todas las multas correspondientes a la situaci\u00f3n.<\/p>\n<h2>La defensa<\/h2>\n<p><strong>Litving\u00a0<\/strong>rechaz\u00f3 de manera categ\u00f3rica todas las acusaciones. Dijo que los rechazos de las cautelares \u201cno fueron inesperados&#8221; y que \u201cno inciden en el fondo de la cuesti\u00f3n\u201d.<\/p>\n<p>Seg\u00fan el abogado, la no presentaci\u00f3n de la declaraci\u00f3n jurada de Bienes Personales tuvo que ver con la crisis sanitaria. \u201cAntes de que venciera el plazo,\u00a0<strong>Susana\u00a0<\/strong>se fue a vivir a Uruguay. Era el momento de la pandemia y despu\u00e9s ella se enferm\u00f3. No se present\u00f3 en t\u00e9rmino porque no pudimos. Hab\u00eda restricci\u00f3n de actividades y era complicado hacer una declaraci\u00f3n tan intensa como la de Susana. Cuando se enferm\u00f3 no se pudo ocupar del tema con premura\u201d, asegur\u00f3.<\/p>\n<p>Para explicar que no hubo intenci\u00f3n de ocultamiento,\u00a0<strong>Litving\u00a0<\/strong>cont\u00f3: &#8220;Con la declaraci\u00f3n jurada de Ganancias, se present\u00f3 una multinota equivalente a la declaraci\u00f3n jurada de Bienes Personales. Es un tema t\u00e9cnico, pero si yo presentaba la declaraci\u00f3n de Bienes Personales iba a tener que pagar el impuesto. Pero como yo no quer\u00eda pagarlo por confiscatorio, present\u00e9 esta multinota\u201d. Los voceros de la\u00a0<strong>AFIP\u00a0<\/strong>respondieron: \u201cLa declaraci\u00f3n jurada de Bienes Personales es un tr\u00e1mite irremplazable. No se puede cambiar por una nota\u201d.<\/p>\n<p>A partir de ahora, ser\u00e1 la Justicia la que determinar\u00e1 si\u00a0<strong>Susana\u00a0<\/strong>evadi\u00f3 o no. Para su abogado, la discusi\u00f3n encierra un debate tributario m\u00e1s profundo y por eso hizo la presentaci\u00f3n judicial paralela. Para \u00e9l, el impuesto a los Bienes Personales y, en particular, el incremento que tuvo en el 2019 es inconstitucional y significa \u201cun avance voraz del Estado contra el bolsillo de los contribuyentes\u201d.<\/p>\n<p>De hecho,\u00a0<strong>Litving\u00a0<\/strong>cont\u00f3 que, en el 2020, unos 65 clientes suyos hicieron el cambio de domicilio a Uruguay como estrategia para pagar menos impuestos. \u201cEn el 2021 hubo que pagar tres impuestos: Bienes Personales, el Aporte Solidario y el Impuesto a las Ganancias. En gente que tiene patrimonios afuera de 20 millones de d\u00f3lares, represent\u00f3 un 9 por ciento anual, y en Uruguay no tienen que pagar nada. Porque en Uruguay, con la idea de atraer gente e inversiones, por diez a\u00f1os no te cobran nada\u201d, asegur\u00f3 y volvi\u00f3 sobre el tema\u00a0<strong>Gim\u00e9nez<\/strong>: \u201cHay gente muy emprendedora que ha construido un imperio y que, como\u00a0<strong>Susana<\/strong>, ha generado con mucho esfuerzo y trabajo un patrimonio importante. No es il\u00edcito que quieran cuidar su fortuna\u201d.<\/p>\n<p>M\u00e1s all\u00e1 de las hip\u00f3tesis disparatadas que lanzan en el entorno de\u00a0<strong>Susana\u00a0<\/strong>y del gran debate tributario que quiere dar\u00a0<strong>Litving<\/strong>, la denuncia contra la conductora es sobre hechos particulares que la Justicia deber\u00e1 analizar con lupa.<\/p>\n","protected":false},"excerpt":{"rendered":"<p>Susana Gim\u00e9nez est\u00e1 en problemas. La Administraci\u00f3n Federal de Ingresos P\u00fablicos (AFIP) la demand\u00f3 por evasi\u00f3n agravada y le reclama el pago de $150 millones. El organismo asegura que la diva omiti\u00f3 presentar su declaraci\u00f3n jurada de Bienes Personales del 2019 y sospecha que la maniobra ten\u00eda como objetivo final ocultar su patrimonio para no [&hellip;]<\/p>\n","protected":false},"author":2,"featured_media":7598,"comment_status":"closed","ping_status":"closed","sticky":false,"template":"","format":"standard","meta":{"footnotes":""},"categories":[86],"tags":[],"class_list":{"0":"post-7597","1":"post","2":"type-post","3":"status-publish","4":"format-standard","5":"has-post-thumbnail","7":"category-sociedad"},"_links":{"self":[{"href":"https:\/\/radiobitacora.com.ar\/web\/wp-json\/wp\/v2\/posts\/7597","targetHints":{"allow":["GET"]}}],"collection":[{"href":"https:\/\/radiobitacora.com.ar\/web\/wp-json\/wp\/v2\/posts"}],"about":[{"href":"https:\/\/radiobitacora.com.ar\/web\/wp-json\/wp\/v2\/types\/post"}],"author":[{"embeddable":true,"href":"https:\/\/radiobitacora.com.ar\/web\/wp-json\/wp\/v2\/users\/2"}],"replies":[{"embeddable":true,"href":"https:\/\/radiobitacora.com.ar\/web\/wp-json\/wp\/v2\/comments?post=7597"}],"version-history":[{"count":0,"href":"https:\/\/radiobitacora.com.ar\/web\/wp-json\/wp\/v2\/posts\/7597\/revisions"}],"wp:featuredmedia":[{"embeddable":true,"href":"https:\/\/radiobitacora.com.ar\/web\/wp-json\/wp\/v2\/media\/7598"}],"wp:attachment":[{"href":"https:\/\/radiobitacora.com.ar\/web\/wp-json\/wp\/v2\/media?parent=7597"}],"wp:term":[{"taxonomy":"category","embeddable":true,"href":"https:\/\/radiobitacora.com.ar\/web\/wp-json\/wp\/v2\/categories?post=7597"},{"taxonomy":"post_tag","embeddable":true,"href":"https:\/\/radiobitacora.com.ar\/web\/wp-json\/wp\/v2\/tags?post=7597"}],"curies":[{"name":"wp","href":"https:\/\/api.w.org\/{rel}","templated":true}]}}