{"id":7615,"date":"2022-09-08T17:10:12","date_gmt":"2022-09-08T20:10:12","guid":{"rendered":"https:\/\/radiobitacora.com.ar\/web\/?p=7615"},"modified":"2022-09-08T17:10:12","modified_gmt":"2022-09-08T20:10:12","slug":"las-3-razones-medicas-que-llevaron-a-la-reina-isabel-ii-a-la-muerte","status":"publish","type":"post","link":"https:\/\/radiobitacora.com.ar\/web\/2022\/09\/08\/las-3-razones-medicas-que-llevaron-a-la-reina-isabel-ii-a-la-muerte\/","title":{"rendered":"Las 3 razones m\u00e9dicas que llevaron a la reina Isabel II a la muerte"},"content":{"rendered":"<p class=\"paragraph\">Fue la soberana m\u00e1s longeva de la historia de Reino Unido, con 70 a\u00f1os de reinado a sus espaldas.<b>\u00a0La salud de\u00a0<\/b><a href=\"https:\/\/www.infobae.com\/america\/realeza\/2022\/09\/08\/murio-la-reina-isabel-ii\/\" target=\"_blank\" rel=\"noopener\"><b>Isabel II,<\/b><\/a><b>\u00a0<\/b><a href=\"https:\/\/www.infobae.com\/america\/realeza\/2022\/09\/08\/murio-la-reina-isabel-ii\/\" target=\"_blank\" rel=\"noopener\"><b>quien muri\u00f3 hoy,\u00a0<\/b><\/a><b>fue siempre envidiable hasta este 2022,<\/b>\u00a0en el que cumpli\u00f3 los\u00a0<b>96 a\u00f1os<\/b>. Con\u00a0<b>una agenda p\u00fablica cada vez m\u00e1s reducida, y faltas repentinas a actos<\/b>\u00a0en los que estaba confirmada su asistencia, el aspecto de la monarca fue cada vez m\u00e1s fr\u00e1gil.<\/p>\n<p class=\"paragraph\">En<b>\u00a0junio de 2022, la reina se perdi\u00f3 varias de sus festividades del Jubileo<\/b>, que celebraba su 70\u00ba aniversario en el trono,\u00a0<a href=\"https:\/\/www.infobae.com\/america\/mundo\/2022\/09\/08\/la-reina-isabel-ii-esta-bajo-supervision-medica-por-su-fragil-estado-de-salud\/\" target=\"_blank\" rel=\"noopener\"><b>debido a problemas de salud<\/b><\/a><b>.\u00a0<\/b>Ya entonces, en los festejos que se hicieron en su honor, fue sustituida por sus hijos y nietos, y en los actos en los que s\u00ed aparec\u00eda\u00a0<b>dej\u00f3 patente su debilidad.<\/b><\/p>\n<p class=\"paragraph\">Este mismo a\u00f1o\u00a0<a href=\"https:\/\/www.infobae.com\/america\/realeza\/2022\/04\/11\/la-reina-isabel-ii-conto-como-se-sintio-cuando-tuvo-covid-19\/\" target=\"_blank\" rel=\"noopener\"><b>se contagi\u00f3 de<\/b>\u00a0<b>COVID-19.<\/b><\/a><b>\u00a0Fue en febrero<\/b>\u00a0y lo pas\u00f3\u00a0<b>con s\u00edntomas leves,\u00a0<\/b>aunque la monarca confes\u00f3 poco despu\u00e9s de dar positivo que<b>\u00a0se hab\u00eda quedado exhausta tras la infecci\u00f3n.<\/b><\/p>\n<div class=\"visual__image\"><img loading=\"lazy\" decoding=\"async\" class=\"\" src=\"https:\/\/cloudfront-us-east-1.images.arcpublishing.com\/infobae\/SKRHVFJJLQY5X45LIN5EGAQU4Q.jpg\" sizes=\"auto, (min-width: 800px) 50vw, 90vw\" srcset=\"https:\/\/www.infobae.com\/new-resizer\/qOsqcdnDNRg0Z-8DxLRqEJENCgM=\/420x280\/filters:format(webp):quality(85)\/cloudfront-us-east-1.images.arcpublishing.com\/infobae\/SKRHVFJJLQY5X45LIN5EGAQU4Q.jpg 420w,https:\/\/www.infobae.com\/new-resizer\/xx8eOUeyhorGAab1hx1GxbiaU8I=\/768x512\/filters:format(webp):quality(85)\/cloudfront-us-east-1.images.arcpublishing.com\/infobae\/SKRHVFJJLQY5X45LIN5EGAQU4Q.jpg 768w,https:\/\/www.infobae.com\/new-resizer\/pLYh36gaIoNlHq0whmnkIgONKW4=\/992x661\/filters:format(webp):quality(85)\/cloudfront-us-east-1.images.arcpublishing.com\/infobae\/SKRHVFJJLQY5X45LIN5EGAQU4Q.jpg 992w,https:\/\/www.infobae.com\/new-resizer\/0SwDRosDrBK8ppeAEtS2o5nyay4=\/1200x800\/filters:format(webp):quality(85)\/cloudfront-us-east-1.images.arcpublishing.com\/infobae\/SKRHVFJJLQY5X45LIN5EGAQU4Q.jpg 1200w,https:\/\/www.infobae.com\/new-resizer\/hzUsfHr07PZReJmfaK-YMyniCyQ=\/1440x960\/filters:format(webp):quality(85)\/cloudfront-us-east-1.images.arcpublishing.com\/infobae\/SKRHVFJJLQY5X45LIN5EGAQU4Q.jpg 1440w\" alt=\"La monarca, de 95 a\u00f1os, contrajo COVID-19 en febrero luego de estar en contacto con su hijo Carlos, que se infect\u00f3 en dos oportunidades desde el inicio de la pandemia (REUTERS)\" width=\"3500\" height=\"2333\" \/>La monarca, de 95 a\u00f1os, contrajo COVID-19 en febrero luego de estar en contacto con su hijo Carlos, que se infect\u00f3 en dos oportunidades desde el inicio de la pandemia (REUTERS)<\/div>\n<p class=\"paragraph\">Esa sensaci\u00f3n de cansancio la revel\u00f3 la monarca durante una videoconferencia con personal sanitario en abril pasado, poco antes de su cumplea\u00f1os n\u00famero 96. Se trata de uno de los s\u00edntomas m\u00e1s habituales que reportan las personas que padecen\u00a0<b>COVID prolongado.<\/b><\/p>\n<p class=\"paragraph\">El virus deja\u00a0<a href=\"https:\/\/www.infobae.com\/america\/realeza\/2022\/04\/11\/la-reina-isabel-ii-conto-como-se-sintio-cuando-tuvo-covid-19\/\" target=\"_blank\" rel=\"noopener\"><b>\u201cmuy cansado y exhausto, \u00bfes as\u00ed, no?\u201d<\/b>, pregunt\u00f3 la reina a<b>\u00a0Asef Hussain<\/b>,\u00a0<\/a>un paciente que tuvo el COVID-19, durante la inauguraci\u00f3n virtual de una unidad de cuidados m\u00e9dicos que lleva su nombre en el\u00a0<b>Royal London Hospital\u00a0<\/b>de la capital brit\u00e1nica.<\/p>\n<p class=\"paragraph\">Por otra parte, la reina hab\u00eda sufrido un profundo<b>\u00a0impacto psicol\u00f3gico<\/b>\u00a0cuando el\u00a0<b>9 de abril<\/b>\u00a0del a\u00f1o pasado muri\u00f3 su esposo, el\u00a0<b>pr\u00edncipe\u00a0<\/b><a href=\"https:\/\/www.infobae.com\/america\/realeza\/2021\/04\/09\/murio-el-principe-felipe-de-edimburgo-esposo-de-la-reina-isabel-ii-de-inglaterra\/\" target=\"_blank\" rel=\"noopener\"><b>Felipe, a los 99 a\u00f1os<\/b><\/a><b>.<\/b>\u00a0Poco antes hab\u00eda sido hospitalizado y sometido a una intervenci\u00f3n card\u00edaca. Felipe de Edimburgo se hab\u00eda retirado de las actividades p\u00fablicas en 2017<\/p>\n<p class=\"paragraph\">La reina, poco proclive a hacer demostraciones de cari\u00f1o en p\u00fablico, hab\u00eda dicho una vez de su marido:\u00a0<b>\u201cEs mi roca. Ha sido mi fuerza y mi sost\u00e9n\u201d.\u00a0<\/b>Fue \u201cel \u00fanico hombre del mundo en tratar a la reina como un ser humano<b>, de igual a igual\u201d,\u00a0<\/b>explic\u00f3 una vez\u00a0<b>Lord Charteris,\u00a0<\/b>ex secretario privado de la monarca.<\/p>\n<div class=\"visual__image\"><img loading=\"lazy\" decoding=\"async\" class=\"\" src=\"https:\/\/cloudfront-us-east-1.images.arcpublishing.com\/infobae\/JYHZ4LHUYNEU7CXHCNOVAVYOPI.jpg\" sizes=\"auto, (min-width: 800px) 50vw, 90vw\" srcset=\"https:\/\/www.infobae.com\/new-resizer\/BRy_AzSE-zPgQILghER9tEScq0w=\/420x236\/filters:format(webp):quality(85)\/cloudfront-us-east-1.images.arcpublishing.com\/infobae\/JYHZ4LHUYNEU7CXHCNOVAVYOPI.jpg 420w,https:\/\/www.infobae.com\/new-resizer\/GX1vDAavMkU-_gUKXk6Beq1WXes=\/768x432\/filters:format(webp):quality(85)\/cloudfront-us-east-1.images.arcpublishing.com\/infobae\/JYHZ4LHUYNEU7CXHCNOVAVYOPI.jpg 768w,https:\/\/www.infobae.com\/new-resizer\/Z9z_tvBQAzkNa6sK0JvHQ60IkN4=\/992x558\/filters:format(webp):quality(85)\/cloudfront-us-east-1.images.arcpublishing.com\/infobae\/JYHZ4LHUYNEU7CXHCNOVAVYOPI.jpg 992w,https:\/\/www.infobae.com\/new-resizer\/EsSXjbjGXi7Ux2O00oLsmrl1UxU=\/1200x675\/filters:format(webp):quality(85)\/cloudfront-us-east-1.images.arcpublishing.com\/infobae\/JYHZ4LHUYNEU7CXHCNOVAVYOPI.jpg 1200w,https:\/\/www.infobae.com\/new-resizer\/ddlRP7XdWGKw9oS4NF_yhZYlUZo=\/1440x810\/filters:format(webp):quality(85)\/cloudfront-us-east-1.images.arcpublishing.com\/infobae\/JYHZ4LHUYNEU7CXHCNOVAVYOPI.jpg 1440w\" alt=\"En noviembre de 2021 la reina de Inglaterra falt\u00f3 a un acto p\u00fablico por una lesi\u00f3n en la espalda (LEON NEAL \/ POOL \/ AFP)\" width=\"1920\" height=\"1080\" \/>En noviembre de 2021 la reina de Inglaterra falt\u00f3 a un acto p\u00fablico por una lesi\u00f3n en la espalda (LEON NEAL \/ POOL \/ AFP)<\/div>\n<p class=\"paragraph\">Pero la primera se\u00f1al de alarma sobre la salud de la reina hab\u00eda saltado en\u00a0<b>noviembre de 2021, cuando la reina de Inglaterra falt\u00f3 a un acto p\u00fablico por una lesi\u00f3n en la espalda.<\/b>\u00a0\u201cLa Reina, despu\u00e9s de haberse torcido la espalda, ha decidido esta ma\u00f1ana con gran pesar que no podr\u00e1 asistir al<b>\u00a0Servicio del Domingo del Recuerdo\u00a0<\/b>de hoy en el\u00a0<b>Cenotafio\u201d,<\/b>\u00a0dijo el Palacio en un comunicado en ese momento.<\/p>\n<p class=\"paragraph\">Antes de eso, Isabel II hab\u00eda pasado una noche en el hospital sobre la que\u00a0<b>Buckingham<\/b>\u00a0no quiso informar. La estancia hospitalaria fue mantenida en secreto hasta que lo filtr\u00f3 el tabloide\u00a0<i><b>The Sun.\u00a0<\/b><\/i>La\u00a0<b>Casa Windsor<\/b>\u00a0se limit\u00f3 a informar de que \u201c<b>la reina Isabel II de Inglaterra fue a un hospital el mi\u00e9rcoles por la tarde para hacerse pruebas preliminares\u00a0<\/b>y regres\u00f3 al castillo de Windsor el jueves a la hora de comer y mantiene un buen estado de \u00e1nimo\u201d.<\/p>\n<p class=\"paragraph\">Y en un servicio religioso en octubre,\u00a0<b>us\u00f3 un bast\u00f3n en p\u00fablico por primera vez desde 2003.<\/b><\/p>\n<div class=\"visual__image\"><img loading=\"lazy\" decoding=\"async\" class=\"\" src=\"https:\/\/cloudfront-us-east-1.images.arcpublishing.com\/infobae\/FKR5SEM45FTWYXRAODMTUL5SWA.jpg\" sizes=\"auto, (min-width: 800px) 50vw, 90vw\" srcset=\"https:\/\/www.infobae.com\/new-resizer\/-2F0Ae58LoDcUsyPSaKkgKGrWLk=\/420x280\/filters:format(webp):quality(85)\/cloudfront-us-east-1.images.arcpublishing.com\/infobae\/FKR5SEM45FTWYXRAODMTUL5SWA.jpg 420w,https:\/\/www.infobae.com\/new-resizer\/JbgC_gljsZRYI5VKmimGkmqNGzg=\/768x512\/filters:format(webp):quality(85)\/cloudfront-us-east-1.images.arcpublishing.com\/infobae\/FKR5SEM45FTWYXRAODMTUL5SWA.jpg 768w,https:\/\/www.infobae.com\/new-resizer\/MEVG2kqwvU71qYiIdekX443yxlA=\/992x661\/filters:format(webp):quality(85)\/cloudfront-us-east-1.images.arcpublishing.com\/infobae\/FKR5SEM45FTWYXRAODMTUL5SWA.jpg 992w,https:\/\/www.infobae.com\/new-resizer\/BQKDJ6qpNx4r7iBtNTh5vOVf7WA=\/1200x800\/filters:format(webp):quality(85)\/cloudfront-us-east-1.images.arcpublishing.com\/infobae\/FKR5SEM45FTWYXRAODMTUL5SWA.jpg 1200w,https:\/\/www.infobae.com\/new-resizer\/b4kv81ail26Zh8iDtmnc-Grz2s0=\/1440x960\/filters:format(webp):quality(85)\/cloudfront-us-east-1.images.arcpublishing.com\/infobae\/FKR5SEM45FTWYXRAODMTUL5SWA.jpg 1440w\" alt=\"El gran cambio en su salud de la monarca se produjo en octubre pasado cuando cancel\u00f3 un viaje a Irlanda del Norte y pas\u00f3 la noche en el hospital (REUTERS)\" width=\"5500\" height=\"3601\" \/>El gran cambio en su salud de la monarca se produjo en octubre pasado cuando cancel\u00f3 un viaje a Irlanda del Norte y pas\u00f3 la noche en el hospital (REUTERS)<\/div>\n<p class=\"paragraph\">En el\u00a0<b>2017 la reina tuvo que faltar a un servicio religioso de A\u00f1o Nuevo por un fuerte resfriado.<\/b>\u00a0Era su segunda falta a un evento religioso desde 1988. En\u00a0<b>2013 Isabel II tuvo una gastroenteritis<\/b>. Contaba entonces con\u00a0<b>75 a\u00f1os\u00a0<\/b>y era la primera vez que tuvo que ser ingresada a un hospital en una d\u00e9cada.<\/p>\n<p class=\"paragraph\">En concreto, en\u00a0<b>2003 tuvo que ser intervenida para extirparle el cart\u00edlago<\/b>\u00a0desgarrado de la rodilla derecha. Antes de eso, solamente consta p\u00fablicamente otro ingreso hospitalario de Isabel II:\u00a0<b>en 1994 se rompi\u00f3 la mu\u00f1eca izquierda<\/b>\u00a0cuando se cay\u00f3 de un caballo en su residencia de\u00a0<b>Sandringham<\/b>\u00a0en Norfolk, Inglaterra. Medios brit\u00e1nicos publicaron entonces que la reina, tras caerse, volvi\u00f3 a montarse y no se percat\u00f3 de que ten\u00eda un hueso roto en m\u00e1s de 24 horas.<\/p>\n<p class=\"paragraph\">En marzo de\u00a0<b>1993, el pr\u00edncipe Eduardo la reemplaz\u00f3 en varios compromisos porque ten\u00eda gripe<\/b>. Tambi\u00e9n ese a\u00f1o\u00a0<b>la reina tuvo que recibir tres puntos de sutura<\/b>\u00a0en la mano izquierda tras ser\u00a0<b>mordida<\/b>\u00a0por uno de sus perros, pero se neg\u00f3 a cancelar una visita a una f\u00e1brica de bolsos.<\/p>\n","protected":false},"excerpt":{"rendered":"<p>Fue la soberana m\u00e1s longeva de la historia de Reino Unido, con 70 a\u00f1os de reinado a sus espaldas.\u00a0La salud de\u00a0Isabel II,\u00a0quien muri\u00f3 hoy,\u00a0fue siempre envidiable hasta este 2022,\u00a0en el que cumpli\u00f3 los\u00a096 a\u00f1os. Con\u00a0una agenda p\u00fablica cada vez m\u00e1s reducida, y faltas repentinas a actos\u00a0en los que estaba confirmada su asistencia, el aspecto de [&hellip;]<\/p>\n","protected":false},"author":2,"featured_media":7616,"comment_status":"closed","ping_status":"closed","sticky":false,"template":"","format":"standard","meta":{"footnotes":""},"categories":[80],"tags":[],"class_list":{"0":"post-7615","1":"post","2":"type-post","3":"status-publish","4":"format-standard","5":"has-post-thumbnail","7":"category-internacionales"},"_links":{"self":[{"href":"https:\/\/radiobitacora.com.ar\/web\/wp-json\/wp\/v2\/posts\/7615","targetHints":{"allow":["GET"]}}],"collection":[{"href":"https:\/\/radiobitacora.com.ar\/web\/wp-json\/wp\/v2\/posts"}],"about":[{"href":"https:\/\/radiobitacora.com.ar\/web\/wp-json\/wp\/v2\/types\/post"}],"author":[{"embeddable":true,"href":"https:\/\/radiobitacora.com.ar\/web\/wp-json\/wp\/v2\/users\/2"}],"replies":[{"embeddable":true,"href":"https:\/\/radiobitacora.com.ar\/web\/wp-json\/wp\/v2\/comments?post=7615"}],"version-history":[{"count":0,"href":"https:\/\/radiobitacora.com.ar\/web\/wp-json\/wp\/v2\/posts\/7615\/revisions"}],"wp:featuredmedia":[{"embeddable":true,"href":"https:\/\/radiobitacora.com.ar\/web\/wp-json\/wp\/v2\/media\/7616"}],"wp:attachment":[{"href":"https:\/\/radiobitacora.com.ar\/web\/wp-json\/wp\/v2\/media?parent=7615"}],"wp:term":[{"taxonomy":"category","embeddable":true,"href":"https:\/\/radiobitacora.com.ar\/web\/wp-json\/wp\/v2\/categories?post=7615"},{"taxonomy":"post_tag","embeddable":true,"href":"https:\/\/radiobitacora.com.ar\/web\/wp-json\/wp\/v2\/tags?post=7615"}],"curies":[{"name":"wp","href":"https:\/\/api.w.org\/{rel}","templated":true}]}}