{"id":7627,"date":"2022-09-09T07:31:17","date_gmt":"2022-09-09T10:31:17","guid":{"rendered":"https:\/\/radiobitacora.com.ar\/web\/?p=7627"},"modified":"2022-09-09T07:31:17","modified_gmt":"2022-09-09T10:31:17","slug":"mita-y-mita-intendente-inauguro-obras-y-anuncio-plan-de-obras","status":"publish","type":"post","link":"https:\/\/radiobitacora.com.ar\/web\/2022\/09\/09\/mita-y-mita-intendente-inauguro-obras-y-anuncio-plan-de-obras\/","title":{"rendered":"Mita y Mita: Intendente inaugur\u00f3 Obras y anunci\u00f3 Plan de Obras"},"content":{"rendered":"<div class=\"main-container container\" role=\"main\">\n<div class=\"row\">\n<section class=\"col-sm-12\">\n<div class=\"row\">\n<div class=\"region region-content\">\n<section id=\"block-system-main\" class=\"block block-system clearfix\">\n<div class=\"clearfix\">\n<div class=\"col-md-9\">\n<div class=\"u-tpl-col-12 panel-panel\">\n<div class=\"inside\">\n<div class=\"panel-pane pane-token pane-node-body\">\n<div class=\"pane-content\">\n<p class=\"rtejustify\">En horas de la noche, con la presencia del Intendente Municipal Mariano Hormaechea, el Viceintendente Pedro Cassani, la presidente del barrio \u201cPrefectura Argentina\u201d Liliana P\u00e9rez, su par del barrio \u201cVirgen del Rosario\u201d, Lisandro Chiappe, los Secretarios, de Gobierno Ger\u00f3nimo Torre, de Obras y Servicios P\u00fablicos Guillermo Peluffo, los concejales Vivian Merlo, M\u00f3nica Cortinovis, Jes\u00fas M\u00e9ndez Vernengo, Jorge Zorzoli, y funcionarios del equipo municipal, el Presidente del Plenario de Consejos Vecinales, Fernando Sulligoy, y el Director de Consejos Vecinales Jos\u00e9 Casco, se inaugur\u00f3 una obra ejecutada por medio del programa Mita y Mita.<\/p>\n<p class=\"rtejustify\">Mariano Hormaechea destac\u00f3 la manera de trabajar junto al Gobierno Provincial y al lado del vecino.<\/p>\n<p class=\"rtejustify\">Y anunci\u00f3: \u201cPavimentaremos la calle Gendarmer\u00eda Nacional, 5 cuadras, 5 cuadras de la Yapey\u00fa, estaremos en las 17 cuadras, a finalizar para diciembre\u201d.<\/p>\n<p class=\"rtejustify\">\n<p class=\"rtejustify\"><strong>VECINOS EMOCIONADOS<\/strong><\/p>\n<p class=\"rtejustify\">\n<p class=\"rtejustify\">Una muestra de gratitud, reconocimiento, felicidad por la inauguraci\u00f3n de esta obra. Todos destacaron la motivaci\u00f3n, el trabajo de manera conjunta, lo que permiti\u00f3 las acciones de los vecinos logrando el objetivo y buscando la forma de mejorar la calidad del barrio y de vida de los vecinos. Reconocieron y agradecieron al Intendente Mariano Hormaechea, sintetizando en una frase las emociones, y el agradecimiento a los que confiaron y a los que cumplieron, a los vecinos por la confianza y a la Municipalidad por cumplir.<\/p>\n<p class=\"rtejustify\">En esta inauguraci\u00f3n de la obra ejecutada por medio del programa Mita y Mita, en su segunda etapa, con la presencia del Viceintendente Pedro Cassani, funcionarios, concejales, vecinos y p\u00fablico en general, el Intendente Mariano Hormaechea hizo los anuncios del plan de obra para este a\u00f1o, proyectado para nuestra ciudad.<\/p>\n<p class=\"rtejustify\">\n<p class=\"rtejustify\"><strong>MARIANO HORMAECHEA<\/strong><\/p>\n<p class=\"rtejustify\">\n<p class=\"rtejustify\">Mariano Hormaechea expres\u00f3: \u201cEsto es muy especial para m\u00ed. En la \u00e9poca de ser defensor de los vecinos, un cargo que se asumi\u00f3 por primera vez, uno de los primeros barrios donde cumpl\u00ed este rol es en este, barrio Prefectura, de all\u00ed la significaci\u00f3n. Desde todos los reclamos en la prestaci\u00f3n del servicio de agua, ha crecido y en la actualidad tiene este desarrollo, la tercera cuadra de pavimento inaugurada, de all\u00ed la importancia\u201d.<\/p>\n<p class=\"rtejustify\">Hormaechea, remarc\u00f3: \u201cestamos cumpliendo con 14 cuadras pavimentadas en el esquema de Mita y Mita, dando continuidad y \u00e9xito al programa. Estamos iniciando 5 cuadras m\u00e1s desde este viernes: en barrio 25 de Mayo, calle Farioli, en barrio Medalla Milagrosa, calle \u00a0Agust\u00edn P. Justo, Bolivia, en barrio San Mart\u00edn, calle Potos\u00ed, y en barrio Sc\u00f3fano, cortada Merceditas. Esos son los turnos de nuestro esquema\u201d.<\/p>\n<p class=\"rtejustify\">\u201cCon recursos propios lanzamos esquema de pavimento en boulevard de la playita, de all\u00ed la avenida Pacho Balestra con adoquines, las tres cuadras, para lugar de tr\u00e1nsito con velocidad reducida y un lugar de paseo, de peatonal. Una buena idea hacer con adoquines, tenemos experiencia y le dota de una particularidad\u201d.<\/p>\n<p class=\"rtejustify\">\u201cPavimentaremos la calle Gendarmer\u00eda Nacional, 5 cuadras, 5 cuadras de la Yapey\u00fa, estaremos en las 17 cuadras, a finalizar para diciembre\u201d.<\/p>\n<p class=\"rtejustify\">\u201cMa\u00f1ana se presenta el programa de enripiado para los barrios, estamos con los consejos vecinales recorriendo y hacemos audiencia donde tomamos nota de las necesidades, 72 cuadras de ripio en diferentes barrios, ordena la cuadra y el barrio\u201d.<\/p>\n<p class=\"rtejustify\">\u201cEstamos con el cord\u00f3n cuneta, 9 cuadras con este programa son los que tienen turnos\u201d.<\/p>\n<p class=\"rtejustify\">\u201cCon el Gobernador tenemos expectativas para embellecer la ciudad y generar espacios. La ampliaci\u00f3n de avenida Alem es obra de la provincia. Terminamos la \u00faltima etapa de alumbrado de la circunvalaci\u00f3n, los pozos para instalar la luminaria y cerrar todo el circuito de sur a norte. A eso sumamos, con recursos propios desde el municipio, el espacio que funcionar\u00e1 en el parque Santa Luc\u00eda, estamos poniendo en condiciones para inaugurar en noviembre o diciembre el cerramiento de la pileta, hacer vestuarios y mejorar los sanitarios. Para que sea un espacio con juegos acu\u00e1ticos para el disfrute de Goya y la regi\u00f3n lo estamos poniendo en valor\u201d.<\/p>\n<p class=\"rtejustify\">\u201cEsta es la forma de trabajar, seguiremos en equipo con el gobierno provincial y al lado del vecino, la manera de decirlo es mutua confianza\u201d.<\/p>\n<\/div>\n<\/div>\n<div class=\"panel-separator\"><\/div>\n<div class=\"panel-pane pane-separador-linea\">\n<div class=\"pane-content\">\n<div class=\"separator linea clearfix\">\n<hr \/>\n<\/div>\n<\/div>\n<\/div>\n<div class=\"panel-separator\"><\/div>\n<div class=\"panel-pane pane-entity-field pane-node-field-imagenes\">\n<div class=\"pane-content\">\n<div class=\"field field-name-field-imagenes field-type-image field-label-above\">\n<div class=\"field-label\">Im\u00e1genes:<\/div>\n<div class=\"field-items\">\n<div class=\"field-item even\"><a class=\"colorbox init-colorbox-processed cboxElement\" title=\"jpg\" href=\"https:\/\/www.goya.gob.ar\/sites\/default\/files\/calle_inaugurada_3.jpg\" data-colorbox-gallery=\"gallery-node-10023-tgXzs2jxzf4\" data-cbox-img-attrs=\"{&quot;title&quot;: &quot;jpg&quot;, &quot;alt&quot;: &quot;&quot;}\"><img loading=\"lazy\" decoding=\"async\" class=\"img-responsive\" title=\"jpg\" src=\"https:\/\/www.goya.gob.ar\/sites\/default\/files\/styles\/thumbnail\/public\/calle_inaugurada_3.jpg?itok=f_CDwkE-\" alt=\"\" width=\"230\" height=\"153\" \/><\/a><\/div>\n<div class=\"field-item odd\"><a class=\"colorbox init-colorbox-processed cboxElement\" title=\"jpg\" href=\"https:\/\/www.goya.gob.ar\/sites\/default\/files\/calle_inaugurada_5.jpg\" data-colorbox-gallery=\"gallery-node-10023-tgXzs2jxzf4\" data-cbox-img-attrs=\"{&quot;title&quot;: &quot;jpg&quot;, &quot;alt&quot;: &quot;&quot;}\"><img loading=\"lazy\" decoding=\"async\" class=\"img-responsive\" title=\"jpg\" src=\"https:\/\/www.goya.gob.ar\/sites\/default\/files\/styles\/thumbnail\/public\/calle_inaugurada_5.jpg?itok=7KJNmoE7\" alt=\"\" width=\"230\" height=\"153\" \/><\/a><\/div>\n<div class=\"field-item even\"><a class=\"colorbox init-colorbox-processed cboxElement\" title=\"jpg\" href=\"https:\/\/www.goya.gob.ar\/sites\/default\/files\/calle_inaugurada_2.jpg\" data-colorbox-gallery=\"gallery-node-10023-tgXzs2jxzf4\" data-cbox-img-attrs=\"{&quot;title&quot;: &quot;jpg&quot;, &quot;alt&quot;: &quot;&quot;}\"><img loading=\"lazy\" decoding=\"async\" class=\"img-responsive\" title=\"jpg\" src=\"https:\/\/www.goya.gob.ar\/sites\/default\/files\/styles\/thumbnail\/public\/calle_inaugurada_2.jpg?itok=zQsOCpNS\" alt=\"\" width=\"230\" height=\"153\" \/><\/a><\/div>\n<\/div>\n<\/div>\n<\/div>\n<\/div>\n<div class=\"panel-separator\"><\/div>\n<div class=\"panel-pane pane-separador\">\n<div class=\"pane-content\">\n<div class=\"separator clearfix\"><\/div>\n<\/div>\n<\/div>\n<\/div>\n<\/div>\n<\/div>\n<\/div>\n<\/section>\n<\/div>\n<\/div>\n<\/section>\n<\/div>\n<\/div>\n","protected":false},"excerpt":{"rendered":"<p>En horas de la noche, con la presencia del Intendente Municipal Mariano Hormaechea, el Viceintendente Pedro Cassani, la presidente del barrio \u201cPrefectura Argentina\u201d Liliana P\u00e9rez, su par del barrio \u201cVirgen del Rosario\u201d, Lisandro Chiappe, los Secretarios, de Gobierno Ger\u00f3nimo Torre, de Obras y Servicios P\u00fablicos Guillermo Peluffo, los concejales Vivian Merlo, M\u00f3nica Cortinovis, Jes\u00fas M\u00e9ndez [&hellip;]<\/p>\n","protected":false},"author":2,"featured_media":7628,"comment_status":"closed","ping_status":"closed","sticky":false,"template":"","format":"standard","meta":{"footnotes":""},"categories":[56],"tags":[],"class_list":{"0":"post-7627","1":"post","2":"type-post","3":"status-publish","4":"format-standard","5":"has-post-thumbnail","7":"category-locales"},"_links":{"self":[{"href":"https:\/\/radiobitacora.com.ar\/web\/wp-json\/wp\/v2\/posts\/7627","targetHints":{"allow":["GET"]}}],"collection":[{"href":"https:\/\/radiobitacora.com.ar\/web\/wp-json\/wp\/v2\/posts"}],"about":[{"href":"https:\/\/radiobitacora.com.ar\/web\/wp-json\/wp\/v2\/types\/post"}],"author":[{"embeddable":true,"href":"https:\/\/radiobitacora.com.ar\/web\/wp-json\/wp\/v2\/users\/2"}],"replies":[{"embeddable":true,"href":"https:\/\/radiobitacora.com.ar\/web\/wp-json\/wp\/v2\/comments?post=7627"}],"version-history":[{"count":0,"href":"https:\/\/radiobitacora.com.ar\/web\/wp-json\/wp\/v2\/posts\/7627\/revisions"}],"wp:featuredmedia":[{"embeddable":true,"href":"https:\/\/radiobitacora.com.ar\/web\/wp-json\/wp\/v2\/media\/7628"}],"wp:attachment":[{"href":"https:\/\/radiobitacora.com.ar\/web\/wp-json\/wp\/v2\/media?parent=7627"}],"wp:term":[{"taxonomy":"category","embeddable":true,"href":"https:\/\/radiobitacora.com.ar\/web\/wp-json\/wp\/v2\/categories?post=7627"},{"taxonomy":"post_tag","embeddable":true,"href":"https:\/\/radiobitacora.com.ar\/web\/wp-json\/wp\/v2\/tags?post=7627"}],"curies":[{"name":"wp","href":"https:\/\/api.w.org\/{rel}","templated":true}]}}