{"id":7630,"date":"2022-09-09T07:36:29","date_gmt":"2022-09-09T10:36:29","guid":{"rendered":"https:\/\/radiobitacora.com.ar\/web\/?p=7630"},"modified":"2022-09-09T07:36:29","modified_gmt":"2022-09-09T10:36:29","slug":"dia-mundial-de-la-agricultura-9-de-septiembre","status":"publish","type":"post","link":"https:\/\/radiobitacora.com.ar\/web\/2022\/09\/09\/dia-mundial-de-la-agricultura-9-de-septiembre\/","title":{"rendered":"D\u00cdA MUNDIAL DE LA AGRICULTURA 9 de Septiembre"},"content":{"rendered":"<div dir=\"auto\">El D\u00eda Mundial de la Agricultura se celebra anualmente el 9 de septiembre como homenaje a aquellas personas que dedican su vida al cultivo de la tierra con la finalidad de producir alimentos de la m\u00e1xima calidad para el consumo de una sociedad creciente.<\/div>\n<div dir=\"auto\">Algo M\u00e1s\u2026<\/div>\n<div dir=\"auto\">Hoy rendimos homenaje a una de las actividades m\u00e1s antiguas para la subsistencia de la humanidad. El 9 de septiembre se celebra el D\u00eda Mundial de la Agricultura, una actividad de gran importancia para el desarrollo sustentable de las naciones en el mundo.<\/div>\n<div dir=\"auto\">Menci\u00f3n especial merece el esfuerzo de los peque\u00f1os, medianos y grandes productores del campo, dedicados al cultivo de la tierra para la producci\u00f3n de alimentos de calidad para la poblaci\u00f3n. Con ello se reconoce su ardua labor en la producci\u00f3n de alimentos, a pesar de las vicisitudes generadas durante la pandemia por COVID-19.<\/div>\n<div dir=\"auto\">La creaci\u00f3n de esta efem\u00e9ride sirve para divulgar los retos que debe enfrentar el sector agr\u00edcola ante el cambio clim\u00e1tico en el planeta y otros factores ambientales, as\u00ed como los nuevos patrones de consumo.<\/div>\n<div dir=\"auto\">Por otra parte, promover el estudio, desarrollo e innovaci\u00f3n de la agricultura y su impacto en el medio ambiente, para el beneficio de futuras generaciones.<\/div>\n<div dir=\"auto\">\u00bfQu\u00e9 es la agricultura?<\/div>\n<div dir=\"auto\">Entendemos por agricultura el conjunto de actividades relacionadas con el cultivo de la tierra y el tratamiento del suelo mediante la intervenci\u00f3n del hombre para la producci\u00f3n y obtenci\u00f3n de:<\/div>\n<div dir=\"auto\">\u2022 Alimentos (verduras, vegetales, frutas, cereales, tub\u00e9rculos, granos) para el consumo humano.<\/div>\n<div dir=\"auto\">\u2022 Fibras (lino, algod\u00f3n) utilizadas para la confecci\u00f3n de prendas de vestir. \u2022 Pastos, semillas y forrajes para alimentar al ganado, aves de corral y dom\u00e9sticas.<\/div>\n<div dir=\"auto\">\u2022 Cultivos energ\u00e9ticos (ma\u00edz, soya) utilizados en la producci\u00f3n de bio-combustibles.<\/div>\n<div dir=\"auto\">\u2022 Productos qu\u00edmicos (etanol, pl\u00e1sticos, almid\u00f3n, az\u00facar).<\/div>\n<div dir=\"auto\">\u2022 Productos biofarmac\u00e9uticos y drogas legales.<\/div>\n<div dir=\"auto\">En la actualidad en varios pa\u00edses se utilizan t\u00e9cnicas e innovaciones aplicadas a la tecnolog\u00eda para el labrado y cultivo de la tierra, as\u00ed como para efectuar los controles pertinentes para una mejor calidad de los productos agr\u00edcolas.<\/div>\n<div dir=\"auto\">Or\u00edgenes de la agricultura<\/div>\n<div dir=\"auto\">Se estima que las actividades de agricultura se originaron durante el periodo del neol\u00edtico, constituyendo una evoluci\u00f3n de las actividades de recolecci\u00f3n, caza y pesca. Se evidenciaron en los primeros cultivos de trigo y cebada, siendo labores efectuadas por las familias para su propio sustento.<\/div>\n<div dir=\"auto\">Ya en la edad media se aplicaron algunas innovaciones, mediante nuevas formas de producci\u00f3n, incrementando las cosechas y la variedad de productos agr\u00edcolas.<\/div>\n<div dir=\"auto\">En la actualidad el sector agr\u00edcola dispone de maquinaria y tecnolog\u00eda de punta que facilita las labores de labranza, cultivo y cosecha, aumentando considerablemente los niveles de producci\u00f3n y la calidad de sus productos, satisfaciendo las necesidades de consumo de las familias a nivel mundial.<\/div>\n<div dir=\"auto\">Algunos avances de la agricultura<\/div>\n<div dir=\"auto\">El sector agr\u00edcola ha efectuado notables avances para el mejoramiento de las t\u00e9cnicas y m\u00e9todos de producci\u00f3n, as\u00ed como en la calidad de los alimentos. Algunos de los avances tecnol\u00f3gicos que est\u00e1 revolucionando a la agricultura son los siguientes:<\/div>\n<div dir=\"auto\">\u2022 Tecnolog\u00eda GPS para la medici\u00f3n, registro y c\u00e1lculo de \u00e1rea de terrenos.<\/div>\n<div dir=\"auto\">\u2022 Sensores de temperatura y humedad, para la medici\u00f3n de diversos \u00cdndices de Vegetaci\u00f3n y contenido de clorofila, a fin de minimizar el impacto del suelo durante la etapa de crecimiento de las plantas, detectar el contenido de vegetaci\u00f3n y la cantidad de nitr\u00f3geno en los cultivos.<\/div>\n<div dir=\"auto\">\u2022 Utilizaci\u00f3n de aviones teledirigidos para la distribuci\u00f3n de plaguicidas para contrarrestar la invasi\u00f3n de insectos y drones para la obtenci\u00f3n de datos como niveles de saturaci\u00f3n del agua, altura de las plantas y determinar la biomasa de los cultivos.<\/div>\n<div dir=\"auto\">\u2022 Software SIG aplicado a la agricultura, para la recopilaci\u00f3n de datos, temperatura, condiciones clim\u00e1ticas y del suelo, rendimiento de los cultivos.<\/div>\n<div dir=\"auto\">\u2022 \u00bfC\u00f3mo celebrar este d\u00eda mundial?<\/div>\n<div dir=\"auto\">\u2022 En la celebraci\u00f3n del D\u00eda Mundial de la Agricultura se llevan a cabo actividades, eventos y conferencias para exponer los cambios, avances y aportes de la agricultura en el mundo.<\/div>\n<div dir=\"auto\">\u2022 Asimismo, se analizan las diversas dificultades que enfrenta el sector agr\u00edcola, requiriendo el apoyo gubernamental y privado para optimizar las labores del campo en beneficio de la sociedad.<\/div>\n<div dir=\"auto\">\u2022 Es de vital importancia aunar esfuerzos para el desarrollo de tecnolog\u00edas flexibles que permitan incrementar la productividad de la tierra para la mejora continua de los productos cultivados, minimizando el impacto ambiental, as\u00ed como apoyar la mejora de las condiciones laborales y econ\u00f3micas de campesinos y peque\u00f1os productores.<\/div>\n<div dir=\"auto\">Fuente: Prensa y Difusi\u00f3n Corrientes.<\/div>\n","protected":false},"excerpt":{"rendered":"<p>El D\u00eda Mundial de la Agricultura se celebra anualmente el 9 de septiembre como homenaje a aquellas personas que dedican su vida al cultivo de la tierra con la finalidad de producir alimentos de la m\u00e1xima calidad para el consumo de una sociedad creciente. Algo M\u00e1s\u2026 Hoy rendimos homenaje a una de las actividades m\u00e1s [&hellip;]<\/p>\n","protected":false},"author":2,"featured_media":7631,"comment_status":"closed","ping_status":"closed","sticky":false,"template":"","format":"standard","meta":{"footnotes":""},"categories":[86],"tags":[],"class_list":{"0":"post-7630","1":"post","2":"type-post","3":"status-publish","4":"format-standard","5":"has-post-thumbnail","7":"category-sociedad"},"_links":{"self":[{"href":"https:\/\/radiobitacora.com.ar\/web\/wp-json\/wp\/v2\/posts\/7630","targetHints":{"allow":["GET"]}}],"collection":[{"href":"https:\/\/radiobitacora.com.ar\/web\/wp-json\/wp\/v2\/posts"}],"about":[{"href":"https:\/\/radiobitacora.com.ar\/web\/wp-json\/wp\/v2\/types\/post"}],"author":[{"embeddable":true,"href":"https:\/\/radiobitacora.com.ar\/web\/wp-json\/wp\/v2\/users\/2"}],"replies":[{"embeddable":true,"href":"https:\/\/radiobitacora.com.ar\/web\/wp-json\/wp\/v2\/comments?post=7630"}],"version-history":[{"count":0,"href":"https:\/\/radiobitacora.com.ar\/web\/wp-json\/wp\/v2\/posts\/7630\/revisions"}],"wp:featuredmedia":[{"embeddable":true,"href":"https:\/\/radiobitacora.com.ar\/web\/wp-json\/wp\/v2\/media\/7631"}],"wp:attachment":[{"href":"https:\/\/radiobitacora.com.ar\/web\/wp-json\/wp\/v2\/media?parent=7630"}],"wp:term":[{"taxonomy":"category","embeddable":true,"href":"https:\/\/radiobitacora.com.ar\/web\/wp-json\/wp\/v2\/categories?post=7630"},{"taxonomy":"post_tag","embeddable":true,"href":"https:\/\/radiobitacora.com.ar\/web\/wp-json\/wp\/v2\/tags?post=7630"}],"curies":[{"name":"wp","href":"https:\/\/api.w.org\/{rel}","templated":true}]}}