{"id":7636,"date":"2022-09-09T07:45:04","date_gmt":"2022-09-09T10:45:04","guid":{"rendered":"https:\/\/radiobitacora.com.ar\/web\/?p=7636"},"modified":"2022-09-09T07:45:04","modified_gmt":"2022-09-09T10:45:04","slug":"el-descenso-de-temperatura-durara-todo-el-fin-de-semana","status":"publish","type":"post","link":"https:\/\/radiobitacora.com.ar\/web\/2022\/09\/09\/el-descenso-de-temperatura-durara-todo-el-fin-de-semana\/","title":{"rendered":"El descenso de temperatura durar\u00e1 todo el fin de semana"},"content":{"rendered":"<p>El Servicio Meteorol\u00f3gico Nacional prev\u00e9 que el descenso de la temperatura m\u00ednima en la ciudad de Corrientes perdurar\u00e1 hasta el pr\u00f3ximo mi\u00e9rcoles. De este modo, la amplitud t\u00e9rmica durante el fin de semana se mantendr\u00e1 entre los 10 \u00b0C y 25 \u00b0C de m\u00e1xima.<\/p>\n<p>Mientras que el Instituto del Clima y Agua adelant\u00f3 que entre hoy y ma\u00f1ana \u201cun viento fr\u00edo atravesar\u00eda la provincia de Corrientes con abundante nubosidad, vientos del sector sudeste, descenso de temperaturas y baja probabilidad de lluvias\u201d. Este organismo dependiente del Instituto Nacional de Tecnolog\u00eda Agropecuaria (Inta) aclar\u00f3 en su pron\u00f3stico extendido que \u201cla anomal\u00eda de precipitaci\u00f3n pronosticada ser\u00eda inferior a los valores normales para la \u00e9poca sobre toda la provincia; pero en menor medida hacia el noreste\u201d.<\/p>\n<p>Para la siguiente semana, agregaron, \u201cel pron\u00f3stico indica probabilidad de algunas lluvias y tormentas entre el lunes 12 y el martes 13 sobre el este de la provincia\u201d. Sin embargo, las precipitaciones continuar\u00edan por debajo de lo esperado en toda la provincia.<\/p>\n","protected":false},"excerpt":{"rendered":"<p>El Servicio Meteorol\u00f3gico Nacional prev\u00e9 que el descenso de la temperatura m\u00ednima en la ciudad de Corrientes perdurar\u00e1 hasta el pr\u00f3ximo mi\u00e9rcoles. De este modo, la amplitud t\u00e9rmica durante el fin de semana se mantendr\u00e1 entre los 10 \u00b0C y 25 \u00b0C de m\u00e1xima. Mientras que el Instituto del Clima y Agua adelant\u00f3 que entre [&hellip;]<\/p>\n","protected":false},"author":2,"featured_media":7637,"comment_status":"closed","ping_status":"closed","sticky":false,"template":"","format":"standard","meta":{"footnotes":""},"categories":[72],"tags":[],"class_list":{"0":"post-7636","1":"post","2":"type-post","3":"status-publish","4":"format-standard","5":"has-post-thumbnail","7":"category-provinciales"},"_links":{"self":[{"href":"https:\/\/radiobitacora.com.ar\/web\/wp-json\/wp\/v2\/posts\/7636","targetHints":{"allow":["GET"]}}],"collection":[{"href":"https:\/\/radiobitacora.com.ar\/web\/wp-json\/wp\/v2\/posts"}],"about":[{"href":"https:\/\/radiobitacora.com.ar\/web\/wp-json\/wp\/v2\/types\/post"}],"author":[{"embeddable":true,"href":"https:\/\/radiobitacora.com.ar\/web\/wp-json\/wp\/v2\/users\/2"}],"replies":[{"embeddable":true,"href":"https:\/\/radiobitacora.com.ar\/web\/wp-json\/wp\/v2\/comments?post=7636"}],"version-history":[{"count":0,"href":"https:\/\/radiobitacora.com.ar\/web\/wp-json\/wp\/v2\/posts\/7636\/revisions"}],"wp:featuredmedia":[{"embeddable":true,"href":"https:\/\/radiobitacora.com.ar\/web\/wp-json\/wp\/v2\/media\/7637"}],"wp:attachment":[{"href":"https:\/\/radiobitacora.com.ar\/web\/wp-json\/wp\/v2\/media?parent=7636"}],"wp:term":[{"taxonomy":"category","embeddable":true,"href":"https:\/\/radiobitacora.com.ar\/web\/wp-json\/wp\/v2\/categories?post=7636"},{"taxonomy":"post_tag","embeddable":true,"href":"https:\/\/radiobitacora.com.ar\/web\/wp-json\/wp\/v2\/tags?post=7636"}],"curies":[{"name":"wp","href":"https:\/\/api.w.org\/{rel}","templated":true}]}}