{"id":7644,"date":"2022-09-09T08:05:43","date_gmt":"2022-09-09T11:05:43","guid":{"rendered":"https:\/\/radiobitacora.com.ar\/web\/?p=7644"},"modified":"2022-09-09T08:05:43","modified_gmt":"2022-09-09T11:05:43","slug":"asi-quedo-la-linea-de-sucesion-al-trono-britanico-luego-de-la-muerte-de-la-reina-isabel-ii","status":"publish","type":"post","link":"https:\/\/radiobitacora.com.ar\/web\/2022\/09\/09\/asi-quedo-la-linea-de-sucesion-al-trono-britanico-luego-de-la-muerte-de-la-reina-isabel-ii\/","title":{"rendered":"As\u00ed qued\u00f3 la l\u00ednea de sucesi\u00f3n al trono brit\u00e1nico luego de la muerte de la reina Isabel II"},"content":{"rendered":"<p class=\"paragraph\">La\u00a0<b>reina Isabel II<\/b>\u00a0fue la monarca con el reinado m\u00e1s largo de la historia. Tuvo una familia numerosa conformada por cuatro hijos, ocho nietos y doce bisnietos.<\/p>\n<p class=\"paragraph\">Tras su muerte, el mando del trono pasa directamente a su hijo mayor:\u00a0<b>Carlos III<\/b><\/p>\n<p class=\"paragraph\">Pero, \u00bfc\u00f3mo queda la l\u00ednea de sucesi\u00f3n de la familia real brit\u00e1nica?<\/p>\n<div class=\"visual__image\"><img loading=\"lazy\" decoding=\"async\" class=\"\" src=\"https:\/\/cloudfront-us-east-1.images.arcpublishing.com\/infobae\/HFWCIM4N2BG4BI75I5HJT4CVMQ.png\" sizes=\"auto, (min-width: 800px) 50vw, 90vw\" srcset=\"https:\/\/www.infobae.com\/new-resizer\/LSQMAe_R9jjU21LC-pNzA7vbnQs=\/420x420\/filters:format(webp):quality(85)\/cloudfront-us-east-1.images.arcpublishing.com\/infobae\/HFWCIM4N2BG4BI75I5HJT4CVMQ.png 420w,https:\/\/www.infobae.com\/new-resizer\/kg8bG4ZBPyQhPbWCLniPFW4t1K8=\/768x768\/filters:format(webp):quality(85)\/cloudfront-us-east-1.images.arcpublishing.com\/infobae\/HFWCIM4N2BG4BI75I5HJT4CVMQ.png 768w,https:\/\/www.infobae.com\/new-resizer\/exnj9w30J0xgVh5CcN5Y89z79Us=\/992x992\/filters:format(webp):quality(85)\/cloudfront-us-east-1.images.arcpublishing.com\/infobae\/HFWCIM4N2BG4BI75I5HJT4CVMQ.png 992w,https:\/\/www.infobae.com\/new-resizer\/KJ1oS_iJzToPqHNc4qugw0lbVEY=\/1200x1200\/filters:format(webp):quality(85)\/cloudfront-us-east-1.images.arcpublishing.com\/infobae\/HFWCIM4N2BG4BI75I5HJT4CVMQ.png 1200w,https:\/\/www.infobae.com\/new-resizer\/qfx3syt4P8WkUpMgyfHHWSyR-Qo=\/1440x1440\/filters:format(webp):quality(85)\/cloudfront-us-east-1.images.arcpublishing.com\/infobae\/HFWCIM4N2BG4BI75I5HJT4CVMQ.png 1440w\" alt=\"\" width=\"1080\" height=\"1080\" \/><\/div>\n<p class=\"paragraph\"><b>CARLOS III<\/b><\/p>\n<div class=\"visual__image\"><img loading=\"lazy\" decoding=\"async\" class=\"\" src=\"https:\/\/cloudfront-us-east-1.images.arcpublishing.com\/infobae\/OSMNCA3NEXK4NJPKFV2R354IFI.jpg\" sizes=\"auto, (min-width: 800px) 50vw, 90vw\" srcset=\"https:\/\/www.infobae.com\/new-resizer\/YW02QdODjYeeJOJ0SvIAgYaxe3I=\/420x236\/filters:format(webp):quality(85)\/cloudfront-us-east-1.images.arcpublishing.com\/infobae\/OSMNCA3NEXK4NJPKFV2R354IFI.jpg 420w,https:\/\/www.infobae.com\/new-resizer\/D3wSyAgIlIcs3hGU8T679GwKJf0=\/768x432\/filters:format(webp):quality(85)\/cloudfront-us-east-1.images.arcpublishing.com\/infobae\/OSMNCA3NEXK4NJPKFV2R354IFI.jpg 768w,https:\/\/www.infobae.com\/new-resizer\/RBeEmj0bZFhVm_kZwqEvTpJoTC0=\/992x558\/filters:format(webp):quality(85)\/cloudfront-us-east-1.images.arcpublishing.com\/infobae\/OSMNCA3NEXK4NJPKFV2R354IFI.jpg 992w,https:\/\/www.infobae.com\/new-resizer\/bVDebgOEPfKfbePPb59tDxM1S7w=\/1200x675\/filters:format(webp):quality(85)\/cloudfront-us-east-1.images.arcpublishing.com\/infobae\/OSMNCA3NEXK4NJPKFV2R354IFI.jpg 1200w,https:\/\/www.infobae.com\/new-resizer\/LAgKr2PAHplElUQGQ1Z0vCwKJkU=\/1440x810\/filters:format(webp):quality(85)\/cloudfront-us-east-1.images.arcpublishing.com\/infobae\/OSMNCA3NEXK4NJPKFV2R354IFI.jpg 1440w\" alt=\"El hasta ahora pr\u00edncipe de Gales se cas\u00f3 con Lady Diana Spencer, quien se convirti\u00f3 en princesa de Gales el 29 de julio de 1981.\" width=\"1920\" height=\"1080\" \/>El hasta ahora pr\u00edncipe de Gales se cas\u00f3 con Lady Diana Spencer, quien se convirti\u00f3 en princesa de Gales el 29 de julio de 1981.<\/div>\n<p class=\"paragraph\">Carlos, el hijo mayor de Isabel II, ahora pasa a ser el nuevo jefe de Estado del Reino Unido, convirti\u00e9ndose en:\u00a0<b>Su Majestad el rey Carlos III<\/b><\/p>\n<p class=\"paragraph\">El hasta ahora pr\u00edncipe de Gales se cas\u00f3 con\u00a0<b>Lady Diana Spencer<\/b>, quien se convirti\u00f3 en princesa de Gales el 29 de julio de 1981.<\/p>\n<p class=\"paragraph\">La pareja real tuvo dos hijos:\u00a0<b>William<\/b>\u00a0y\u00a0<b>Harry<\/b>. Despu\u00e9s se separaron y su matrimonio se disolvi\u00f3 en 1996. El 31 de agosto de 1997 la princesa muri\u00f3 en un accidente automovil\u00edstico en Par\u00eds.<\/p>\n<p class=\"paragraph\">El 9 de abril de 2005, Carlos se cas\u00f3 con\u00a0<b>Camilla Parker Bowles<\/b><\/p>\n<p class=\"paragraph\"><b>PR\u00cdNCIPE WILLIAM, DUQUE DE CAMBRIDGE<\/b><\/p>\n<div class=\"visual__image\"><img loading=\"lazy\" decoding=\"async\" class=\"\" src=\"https:\/\/cloudfront-us-east-1.images.arcpublishing.com\/infobae\/HBRKZ3J2RKFC7EFOG45BJAJFEA.jpg\" sizes=\"auto, (min-width: 800px) 50vw, 90vw\" srcset=\"https:\/\/www.infobae.com\/new-resizer\/wTGJfti5Zg6W4wZBFwUyGwpiZKk=\/420x280\/filters:format(webp):quality(85)\/cloudfront-us-east-1.images.arcpublishing.com\/infobae\/HBRKZ3J2RKFC7EFOG45BJAJFEA.jpg 420w,https:\/\/www.infobae.com\/new-resizer\/mwKbUNMzTmcj0x-SeL-QH3hBQmk=\/768x512\/filters:format(webp):quality(85)\/cloudfront-us-east-1.images.arcpublishing.com\/infobae\/HBRKZ3J2RKFC7EFOG45BJAJFEA.jpg 768w,https:\/\/www.infobae.com\/new-resizer\/AdXSt3SHVg62bEloagb1B-Yb-Qc=\/992x661\/filters:format(webp):quality(85)\/cloudfront-us-east-1.images.arcpublishing.com\/infobae\/HBRKZ3J2RKFC7EFOG45BJAJFEA.jpg 992w,https:\/\/www.infobae.com\/new-resizer\/bu9aqN5jRbbs93kqDLi7UMSLjls=\/1200x800\/filters:format(webp):quality(85)\/cloudfront-us-east-1.images.arcpublishing.com\/infobae\/HBRKZ3J2RKFC7EFOG45BJAJFEA.jpg 1200w,https:\/\/www.infobae.com\/new-resizer\/sYzj29imeiwjHdG2oGmHMxxmTlw=\/1440x960\/filters:format(webp):quality(85)\/cloudfront-us-east-1.images.arcpublishing.com\/infobae\/HBRKZ3J2RKFC7EFOG45BJAJFEA.jpg 1440w\" alt=\"Se cas\u00f3 en 2011 con quien en su momento fue su compa\u00f1era en la Universidad de Saint Andrews: Kate Middleton. Tuvieron tres hijos: el primero, George, en julio de 2013; la segunda, Carlota, en 2015; y el tercero, Louis, en 2018\" width=\"800\" height=\"533\" \/>Se cas\u00f3 en 2011 con quien en su momento fue su compa\u00f1era en la Universidad de Saint Andrews: Kate Middleton. Tuvieron tres hijos: el primero, George, en julio de 2013; la segunda, Carlota, en 2015; y el tercero, Louis, en 2018<\/div>\n<p class=\"paragraph\">Naci\u00f3 en 1982, es el hijo mayor del pr\u00edncipe de\u00a0<b>Gales\u00a0<\/b>y\u00a0<b>Diana<\/b>, y ahora ocupa el primer lugar en la l\u00ednea de sucesi\u00f3n al trono. Como heredero a la corona, su principal deber es apoyar al monarca en sus compromisos reales.<\/p>\n<p class=\"paragraph\">Se cas\u00f3 en 2011 con quien en su momento fue su compa\u00f1era en la Universidad de Saint Andrews:\u00a0<b>Kate Middleton<\/b>. Tuvieron tres hijos: el primero,\u00a0<b>George<\/b>, en julio de 2013; la segunda,\u00a0<b>Carlota<\/b>, en 2015; y el tercero,\u00a0<b>Louis<\/b>, en 2018.<\/p>\n<p class=\"paragraph\">En su cumplea\u00f1os n\u00famero 21, fue nombrado Consejero de Estado, reemplazando a la reina en eventos oficiales.<\/p>\n<p class=\"paragraph\">Se form\u00f3 en el Ej\u00e9rcito, la Marina Real y la Real Fuerza A\u00e9rea, y pas\u00f3 tres a\u00f1os como piloto de b\u00fasqueda y rescate en el norte de Gales. Tambi\u00e9n se desempe\u00f1\u00f3 como copiloto en la organizaci\u00f3n caritativa\u00a0<b>East Anglian Air Ambulance<\/b>. En julio de 2017 le puso fin a esa tarea y asumi\u00f3 nuevas funciones de la monarqu\u00eda en nombre de la reina y del duque de Edimburgo.<\/p>\n<p class=\"paragraph\"><b>PR\u00cdNCIPE GEORGE DE CAMBRIDGE<\/b><\/p>\n<div class=\"visual__image\"><img loading=\"lazy\" decoding=\"async\" class=\"\" src=\"https:\/\/cloudfront-us-east-1.images.arcpublishing.com\/infobae\/HZJL7UUX2W6NIR5JTUWCJWGW5I.jpg\" sizes=\"auto, (min-width: 800px) 50vw, 90vw\" srcset=\"https:\/\/www.infobae.com\/new-resizer\/4cJlNJVpJWM4SnTPEVd8aixomas=\/420x280\/filters:format(webp):quality(85)\/cloudfront-us-east-1.images.arcpublishing.com\/infobae\/HZJL7UUX2W6NIR5JTUWCJWGW5I.jpg 420w,https:\/\/www.infobae.com\/new-resizer\/KKAtJmSkh_MGTxZWDadXk6225Lc=\/768x512\/filters:format(webp):quality(85)\/cloudfront-us-east-1.images.arcpublishing.com\/infobae\/HZJL7UUX2W6NIR5JTUWCJWGW5I.jpg 768w,https:\/\/www.infobae.com\/new-resizer\/_-gt7zxJQWXvE_d6_gaun5RkYVc=\/992x661\/filters:format(webp):quality(85)\/cloudfront-us-east-1.images.arcpublishing.com\/infobae\/HZJL7UUX2W6NIR5JTUWCJWGW5I.jpg 992w,https:\/\/www.infobae.com\/new-resizer\/b2oh6jBLigvcIy4uM_H47jU703o=\/1200x800\/filters:format(webp):quality(85)\/cloudfront-us-east-1.images.arcpublishing.com\/infobae\/HZJL7UUX2W6NIR5JTUWCJWGW5I.jpg 1200w,https:\/\/www.infobae.com\/new-resizer\/xM3VNGtLByKwKI54jXUhtr044Fc=\/1440x960\/filters:format(webp):quality(85)\/cloudfront-us-east-1.images.arcpublishing.com\/infobae\/HZJL7UUX2W6NIR5JTUWCJWGW5I.jpg 1440w\" alt=\"Es bisnieto de la reina Isabel II y del pr\u00edncipe Felipe, duque de Edimburgo.\" width=\"5000\" height=\"3521\" \/>Es bisnieto de la reina Isabel II y del pr\u00edncipe Felipe, duque de Edimburgo.<\/div>\n<p class=\"paragraph\">El\u00a0<b>pr\u00edncipe George<\/b>\u00a0es el segundo en la l\u00ednea de sucesi\u00f3n al trono despu\u00e9s de su padre, el pr\u00edncipe William, y a los tronos de los quince reinos independientes de la Mancomunidad de Naciones<\/p>\n<p class=\"paragraph\">Naci\u00f3 el 22 de julio de 2013 en el hospital de St Mary\u2019s de Londres.<\/p>\n<p class=\"paragraph\">Es bisnieto de la\u00a0<b>reina Isabel II<\/b>\u00a0y del\u00a0<b>pr\u00edncipe Felipe<\/b>, duque de Edimburgo.<\/p>\n<p class=\"paragraph\"><b>PRINCESA CARLOTA DE CAMBRIDE<\/b><\/p>\n<div class=\"visual__image\"><img loading=\"lazy\" decoding=\"async\" class=\"\" src=\"https:\/\/cloudfront-us-east-1.images.arcpublishing.com\/infobae\/E3PURHJ6ORFQLFBWIOPHSKM2GY.jfif\" sizes=\"auto, (min-width: 800px) 50vw, 90vw\" srcset=\"https:\/\/www.infobae.com\/new-resizer\/nl8GJm6jRZOYNd9JrPVWI-1az1Q=\/992x606\/filters:format(webp):quality(85)\/cloudfront-us-east-1.images.arcpublishing.com\/infobae\/E3PURHJ6ORFQLFBWIOPHSKM2GY.jfif 992w\" alt=\"Naci\u00f3 el 2 de mayo de 2015, tambi\u00e9n en el Hospital St Mary\u2019s y la llamaron Carlota Isabel Diana.\" width=\"600\" height=\"360\" \/>Naci\u00f3 el 2 de mayo de 2015, tambi\u00e9n en el Hospital St Mary\u2019s y la llamaron Carlota Isabel Diana.<\/div>\n<p class=\"paragraph\">Es la tercera en la l\u00ednea de sucesi\u00f3n al trono despu\u00e9s de su padre y su hermano mayor, y es conocida como\u00a0<b>Su Alteza Real la Princesa Carlota de Cambridge<\/b>.<\/p>\n<p class=\"paragraph\">Naci\u00f3 el 2 de mayo de 2015, tambi\u00e9n en el Hospital St Mary\u2019s y la llamaron Carlota Isabel Diana.<\/p>\n<p class=\"paragraph\"><b>PR\u00cdNCIPE LOUIS DE CAMBRIDGE<\/b><\/p>\n<div class=\"visual__image\"><img loading=\"lazy\" decoding=\"async\" class=\"\" src=\"https:\/\/cloudfront-us-east-1.images.arcpublishing.com\/infobae\/JCXBWNDLUZRTBL663HIXIB2DLA.jpg\" sizes=\"auto, (min-width: 800px) 50vw, 90vw\" srcset=\"https:\/\/www.infobae.com\/new-resizer\/fF_L1RAn_awLSmiqX3QqL8E6ly4=\/420x280\/filters:format(webp):quality(85)\/cloudfront-us-east-1.images.arcpublishing.com\/infobae\/JCXBWNDLUZRTBL663HIXIB2DLA.jpg 420w,https:\/\/www.infobae.com\/new-resizer\/rFs9DFWbE1Wxk8YliUAYkv1QSPg=\/768x512\/filters:format(webp):quality(85)\/cloudfront-us-east-1.images.arcpublishing.com\/infobae\/JCXBWNDLUZRTBL663HIXIB2DLA.jpg 768w,https:\/\/www.infobae.com\/new-resizer\/48j0Q3_-onR4MYszpYvX6X7pJvc=\/992x661\/filters:format(webp):quality(85)\/cloudfront-us-east-1.images.arcpublishing.com\/infobae\/JCXBWNDLUZRTBL663HIXIB2DLA.jpg 992w,https:\/\/www.infobae.com\/new-resizer\/-0nShaKvqb_aZERv_3r0brgAl70=\/1200x800\/filters:format(webp):quality(85)\/cloudfront-us-east-1.images.arcpublishing.com\/infobae\/JCXBWNDLUZRTBL663HIXIB2DLA.jpg 1200w,https:\/\/www.infobae.com\/new-resizer\/tG6lCvlut_6AD_lJOcMw-Nj4qek=\/1440x960\/filters:format(webp):quality(85)\/cloudfront-us-east-1.images.arcpublishing.com\/infobae\/JCXBWNDLUZRTBL663HIXIB2DLA.jpg 1440w\" alt=\"Fue bautizado el 9 de julio de 2018 en la capilla real del Palacio de San James por el arzobispo de Canterbury. Ese mismo d\u00eda se anunci\u00f3 el nombre de los padrinos y madrinas: Nicholas van Cutsem, Guy Pelly, Harry Aubrey-Fletcher, Laura Meade, Robert Carter y Lucy Middleton.\" width=\"6720\" height=\"4480\" \/>Fue bautizado el 9 de julio de 2018 en la capilla real del Palacio de San James por el arzobispo de Canterbury. Ese mismo d\u00eda se anunci\u00f3 el nombre de los padrinos y madrinas: Nicholas van Cutsem, Guy Pelly, Harry Aubrey-Fletcher, Laura Meade, Robert Carter y Lucy Middleton.<\/div>\n<p class=\"paragraph\">Naci\u00f3 el 23 de abril de 2018, en el\u00a0<b>Hospital St Mary\u2019s<\/b>.<\/p>\n<p class=\"paragraph\">Es el cuarto en la l\u00ednea de sucesi\u00f3n al trono.<\/p>\n<p class=\"paragraph\">Fue bautizado el 9 de julio de 2018 en la capilla real del Palacio de San James por el arzobispo de Canterbury. Ese mismo d\u00eda se anunci\u00f3 el nombre de los padrinos y madrinas: Nicholas van Cutsem, Guy Pelly, Harry Aubrey-Fletcher, Laura Meade, Robert Carter y Lucy Middleton.<\/p>\n<p class=\"paragraph\"><b>PR\u00cdNCIPE HARRY, DUQUE DE SUSSEX<\/b><\/p>\n<div class=\"visual__image\"><img loading=\"lazy\" decoding=\"async\" class=\"\" src=\"https:\/\/cloudfront-us-east-1.images.arcpublishing.com\/infobae\/4SCSRFBEB5B5HNDP4OZQZBK34E.jpg\" sizes=\"auto, (min-width: 800px) 50vw, 90vw\" srcset=\"https:\/\/www.infobae.com\/new-resizer\/tP5ebY50SBhzTs6iuisIcsyT5HQ=\/420x236\/filters:format(webp):quality(85)\/cloudfront-us-east-1.images.arcpublishing.com\/infobae\/4SCSRFBEB5B5HNDP4OZQZBK34E.jpg 420w,https:\/\/www.infobae.com\/new-resizer\/P1yoFMLnBgmRfP6nKFR9TaCgQaI=\/768x432\/filters:format(webp):quality(85)\/cloudfront-us-east-1.images.arcpublishing.com\/infobae\/4SCSRFBEB5B5HNDP4OZQZBK34E.jpg 768w,https:\/\/www.infobae.com\/new-resizer\/L1hzfl4MlCX5XHD_yZi_apI13Cw=\/992x558\/filters:format(webp):quality(85)\/cloudfront-us-east-1.images.arcpublishing.com\/infobae\/4SCSRFBEB5B5HNDP4OZQZBK34E.jpg 992w,https:\/\/www.infobae.com\/new-resizer\/P8lUolz9lCwi2T6VQI_UCiMYCYw=\/1200x675\/filters:format(webp):quality(85)\/cloudfront-us-east-1.images.arcpublishing.com\/infobae\/4SCSRFBEB5B5HNDP4OZQZBK34E.jpg 1200w,https:\/\/www.infobae.com\/new-resizer\/D3fQtOGn47V0HRHnW7NOWBDpnCE=\/1440x810\/filters:format(webp):quality(85)\/cloudfront-us-east-1.images.arcpublishing.com\/infobae\/4SCSRFBEB5B5HNDP4OZQZBK34E.jpg 1440w\" alt=\"Se cas\u00f3 con la actriz estadounidense Meghan Markle el 19 de mayo del 2018 en el Castillo de Windsor. En enero de 2020 comunicaron su renuncia como representantes de la realeza y su plan de vivir entre el Reino Unido y Am\u00e9rica del Norte. Aseguraron tener intenci\u00f3n de \u201ctrabajar para ser financieramente independientes\u201d\" width=\"1920\" height=\"1080\" \/>Se cas\u00f3 con la actriz estadounidense Meghan Markle el 19 de mayo del 2018 en el Castillo de Windsor. En enero de 2020 comunicaron su renuncia como representantes de la realeza y su plan de vivir entre el Reino Unido y Am\u00e9rica del Norte. Aseguraron tener intenci\u00f3n de \u201ctrabajar para ser financieramente independientes\u201d<\/div>\n<p class=\"paragraph\">Se form\u00f3 en la\u00a0<b>Real Academia Militar de Sandhurst<\/b>\u00a0y m\u00e1s tarde ascendi\u00f3 a teniente del ej\u00e9rcito, sirviendo como piloto de helic\u00f3ptero.<\/p>\n<p class=\"paragraph\">Durante sus 10 a\u00f1os en las fuerzas armadas, prest\u00f3 servicio activo dos veces en\u00a0<b>Afganist\u00e1n<\/b>, en 2012 y 2013, como copiloto y artillero de un helic\u00f3ptero Apache.<\/p>\n<p class=\"paragraph\">Dej\u00f3 el ej\u00e9rcito en 2015 y ahora se dedica a labores caritativas, como la conservaci\u00f3n en \u00c1frica y la organizaci\u00f3n de los juegos deportivos Invictus para veteranos de las fuerzas armadas enfermos y heridos.<\/p>\n<p class=\"paragraph\">Es consejero de Estado desde que cumpli\u00f3 21 a\u00f1os y sustituy\u00f3 a la Reina en tareas oficiales.<\/p>\n<p class=\"paragraph\">Se cas\u00f3 con la actriz estadounidense\u00a0<b>Meghan Markle<\/b>\u00a0el 19 de mayo del 2018 en el Castillo de Windsor. En enero de 2020 comunicaron su renuncia como representantes de la realeza y su plan de vivir entre el Reino Unido y Am\u00e9rica del Norte. Aseguraron tener intenci\u00f3n de \u201ctrabajar para ser financieramente independientes\u201d.<\/p>\n<p class=\"paragraph\">Poco m\u00e1s de un a\u00f1o despu\u00e9s, el\u00a0<b>Palacio de Buckingham<\/b>\u00a0confirm\u00f3 que la pareja no regresar\u00eda a sus deberes mon\u00e1rquicos y renunciar\u00eda a sus t\u00edtulos militares, honorarios y patrocinios reales.<\/p>\n<p class=\"paragraph\"><b>ARCHIE HARRISON MOUNTBATTEN-WINDSOR<\/b><\/p>\n<div class=\"visual__image\"><img loading=\"lazy\" decoding=\"async\" class=\"\" src=\"https:\/\/cloudfront-us-east-1.images.arcpublishing.com\/infobae\/7ZZ75YLD4VFGVC3GAZMUXCDKIQ.png\" sizes=\"auto, (min-width: 800px) 50vw, 90vw\" srcset=\"https:\/\/www.infobae.com\/new-resizer\/ZBg8m2FLNpeEsGwq5uvnzuQ5PUI=\/420x236\/filters:format(webp):quality(85)\/cloudfront-us-east-1.images.arcpublishing.com\/infobae\/7ZZ75YLD4VFGVC3GAZMUXCDKIQ.png 420w,https:\/\/www.infobae.com\/new-resizer\/xNpIx2Lgt248R-72gwbXhsFRups=\/768x432\/filters:format(webp):quality(85)\/cloudfront-us-east-1.images.arcpublishing.com\/infobae\/7ZZ75YLD4VFGVC3GAZMUXCDKIQ.png 768w,https:\/\/www.infobae.com\/new-resizer\/OqsvQt3hg0P6SHvmUVzQUc4IPQU=\/992x558\/filters:format(webp):quality(85)\/cloudfront-us-east-1.images.arcpublishing.com\/infobae\/7ZZ75YLD4VFGVC3GAZMUXCDKIQ.png 992w,https:\/\/www.infobae.com\/new-resizer\/7udNT2EkXv9igltH_mQQ3KfR9sE=\/1200x675\/filters:format(webp):quality(85)\/cloudfront-us-east-1.images.arcpublishing.com\/infobae\/7ZZ75YLD4VFGVC3GAZMUXCDKIQ.png 1200w,https:\/\/www.infobae.com\/new-resizer\/3vLLEIB7Ogo5q1Zh9yCdeifRlhY=\/1440x810\/filters:format(webp):quality(85)\/cloudfront-us-east-1.images.arcpublishing.com\/infobae\/7ZZ75YLD4VFGVC3GAZMUXCDKIQ.png 1440w\" alt=\"Cuando se anunci\u00f3 el nombre, el corresponsal de la Casa de Windsor de la BBC, Jonny Dymond, indic\u00f3 que la decisi\u00f3n era un fuerte indicio de que la pareja no quer\u00eda referirse a \u00e9l como un miembro formal de la realeza\" width=\"640\" height=\"360\" \/>Cuando se anunci\u00f3 el nombre, el corresponsal de la Casa de Windsor de la BBC, Jonny Dymond, indic\u00f3 que la decisi\u00f3n era un fuerte indicio de que la pareja no quer\u00eda referirse a \u00e9l como un miembro formal de la realeza<\/div>\n<p class=\"paragraph\">Es el primer hijo de los duques de Sussex. Naci\u00f3 el 6 de mayo de 2019. La pareja opt\u00f3 por no usar un t\u00edtulo para su primog\u00e9nito.<\/p>\n<p class=\"paragraph\">Cuando se anunci\u00f3 el nombre, el corresponsal de la Casa de Windsor de la BBC, Jonny Dymond, indic\u00f3 que la decisi\u00f3n era un fuerte indicio de que la pareja no quer\u00eda referirse a \u00e9l como un miembro formal de la realeza.<\/p>\n<p class=\"paragraph\"><b>LILIBET DIANA MOUNTBATTEN-WINDSOR<\/b><\/p>\n<div class=\"visual__image\"><img loading=\"lazy\" decoding=\"async\" class=\"\" src=\"https:\/\/cloudfront-us-east-1.images.arcpublishing.com\/infobae\/OX2N3OHZND5FL7Q5A6PLTCEIDQ.jpg\" sizes=\"auto, (min-width: 800px) 50vw, 90vw\" srcset=\"https:\/\/www.infobae.com\/new-resizer\/oW0G1q4NS3MNPU_s5T6vjcLfcok=\/420x560\/filters:format(webp):quality(85)\/cloudfront-us-east-1.images.arcpublishing.com\/infobae\/OX2N3OHZND5FL7Q5A6PLTCEIDQ.jpg 420w,https:\/\/www.infobae.com\/new-resizer\/_26r3bIfPD__iujJ5ONLyby3fAA=\/768x1024\/filters:format(webp):quality(85)\/cloudfront-us-east-1.images.arcpublishing.com\/infobae\/OX2N3OHZND5FL7Q5A6PLTCEIDQ.jpg 768w,https:\/\/www.infobae.com\/new-resizer\/5piPZbgmq_3xbi2IbVDeH4EXb-o=\/992x1323\/filters:format(webp):quality(85)\/cloudfront-us-east-1.images.arcpublishing.com\/infobae\/OX2N3OHZND5FL7Q5A6PLTCEIDQ.jpg 992w,https:\/\/www.infobae.com\/new-resizer\/5V1T3CBpDH_ovhL99WzCBmcwKCA=\/1200x1600\/filters:format(webp):quality(85)\/cloudfront-us-east-1.images.arcpublishing.com\/infobae\/OX2N3OHZND5FL7Q5A6PLTCEIDQ.jpg 1200w\" alt=\"Recibi\u00f3 el segundo nombre, Diana, en honor a la madre del pr\u00edncipe Harry, fallecida en 1997 cuando \u00e9l ten\u00eda 12 a\u00f1os.\" width=\"924\" height=\"1175\" \/>Recibi\u00f3 el segundo nombre, Diana, en honor a la madre del pr\u00edncipe Harry, fallecida en 1997 cuando \u00e9l ten\u00eda 12 a\u00f1os.<\/div>\n<p class=\"paragraph\"><b>Lilibet Diana Mountbatten<\/b>&#8211;<b>Windsor<\/b>\u00a0es conocida como Lili, el apodo de la familia para la reina Isabel II, y es su und\u00e9cima bisnieta.<\/p>\n<p class=\"paragraph\">Recibi\u00f3 el segundo nombre, Diana, en honor a la madre del pr\u00edncipe Harry, fallecida en 1997 cuando \u00e9l ten\u00eda 12 a\u00f1os.<\/p>\n<p class=\"paragraph\">Naci\u00f3 en Santa B\u00e1rbara, California, el 4 de junio de 2021.<\/p>\n","protected":false},"excerpt":{"rendered":"<p>La\u00a0reina Isabel II\u00a0fue la monarca con el reinado m\u00e1s largo de la historia. Tuvo una familia numerosa conformada por cuatro hijos, ocho nietos y doce bisnietos. Tras su muerte, el mando del trono pasa directamente a su hijo mayor:\u00a0Carlos III Pero, \u00bfc\u00f3mo queda la l\u00ednea de sucesi\u00f3n de la familia real brit\u00e1nica? CARLOS III El [&hellip;]<\/p>\n","protected":false},"author":2,"featured_media":7645,"comment_status":"closed","ping_status":"closed","sticky":false,"template":"","format":"standard","meta":{"footnotes":""},"categories":[80],"tags":[],"class_list":{"0":"post-7644","1":"post","2":"type-post","3":"status-publish","4":"format-standard","5":"has-post-thumbnail","7":"category-internacionales"},"_links":{"self":[{"href":"https:\/\/radiobitacora.com.ar\/web\/wp-json\/wp\/v2\/posts\/7644","targetHints":{"allow":["GET"]}}],"collection":[{"href":"https:\/\/radiobitacora.com.ar\/web\/wp-json\/wp\/v2\/posts"}],"about":[{"href":"https:\/\/radiobitacora.com.ar\/web\/wp-json\/wp\/v2\/types\/post"}],"author":[{"embeddable":true,"href":"https:\/\/radiobitacora.com.ar\/web\/wp-json\/wp\/v2\/users\/2"}],"replies":[{"embeddable":true,"href":"https:\/\/radiobitacora.com.ar\/web\/wp-json\/wp\/v2\/comments?post=7644"}],"version-history":[{"count":0,"href":"https:\/\/radiobitacora.com.ar\/web\/wp-json\/wp\/v2\/posts\/7644\/revisions"}],"wp:featuredmedia":[{"embeddable":true,"href":"https:\/\/radiobitacora.com.ar\/web\/wp-json\/wp\/v2\/media\/7645"}],"wp:attachment":[{"href":"https:\/\/radiobitacora.com.ar\/web\/wp-json\/wp\/v2\/media?parent=7644"}],"wp:term":[{"taxonomy":"category","embeddable":true,"href":"https:\/\/radiobitacora.com.ar\/web\/wp-json\/wp\/v2\/categories?post=7644"},{"taxonomy":"post_tag","embeddable":true,"href":"https:\/\/radiobitacora.com.ar\/web\/wp-json\/wp\/v2\/tags?post=7644"}],"curies":[{"name":"wp","href":"https:\/\/api.w.org\/{rel}","templated":true}]}}