{"id":7731,"date":"2022-09-10T19:52:28","date_gmt":"2022-09-10T22:52:28","guid":{"rendered":"https:\/\/radiobitacora.com.ar\/web\/?p=7731"},"modified":"2022-09-10T19:52:28","modified_gmt":"2022-09-10T22:52:28","slug":"murio-el-productor-teatral-lino-patalano","status":"publish","type":"post","link":"https:\/\/radiobitacora.com.ar\/web\/2022\/09\/10\/murio-el-productor-teatral-lino-patalano\/","title":{"rendered":"Muri\u00f3 el productor teatral Lino Patalano"},"content":{"rendered":"<p>El empresario y director teatral\u00a0<b>Pasquale C\u00f3simo &#8220;Lino&#8221; Patalano<\/b>, productor de decenas de grandes espect\u00e1culos y figura clave de la escena de las tablas local,\u00a0<b>falleci\u00f3 hoy a los 76 a\u00f1os<\/b>, revel\u00f3 su amigo Carlos Rottemberg a trav\u00e9s de las redes del Multiteatro.<\/p>\n<p>&#8220;El sorpresivo fallecimiento de Lino Patalano pega un doloroso golpe para la comunidad art\u00edstica. Desde esta Casa Teatral acompa\u00f1amos a su familia, amigos y colegas en estas horas tan tristes&#8221;, escribi\u00f3.<\/p>\n<div class=\"iframely-embed medium-embedded-content\" data-html=\"Jmx0O2Jsb2NrcXVvdGUgY2xhc3M9InR3aXR0ZXItdHdlZXQiIGRhdGEtZG50PSJ0cnVlIiBhbGlnbj0iY2VudGVyIiZndDsmbHQ7cCBsYW5nPSJlcyIgZGlyPSJsdHIiJmd0O\/CfjJEgRWwgc29ycHJlc2l2byBmYWxsZWNpbWllbnRvIGRlIExpbm8gUGF0YWxhbm8gcGVnYSB1biBkb2xvcm9zbyBnb2xwZSBwYXJhIGxhIGNvbXVuaWRhZCBhcnTDrXN0aWNhLiZsdDticiZndDtEZXNkZSBlc3RhIENhc2EgVGVhdHJhbCBhY29tcGHDsWFyZW1vcyBhIHN1IGZhbWlsaWEsIGFtaWdvcyB5IGNvbGVnYXMgZW4gZXN0YXMgaG9yYXMgdGFuIHRyaXN0ZXMuICZsdDthIGhyZWY9Imh0dHBzOi8vdC5jby94eWRlbFJoam5vIiZndDtwaWMudHdpdHRlci5jb20veHlkZWxSaGpubyZsdDsvYSZndDsmbHQ7L3AmZ3Q7JmFtcDttZGFzaDsgTXVsdGl0ZWF0cm8gQ29tYWZpIChAbXVsdGl0ZWF0cm8pICZsdDthIGhyZWY9Imh0dHBzOi8vdHdpdHRlci5jb20vbXVsdGl0ZWF0cm8vc3RhdHVzLzE1Njg2NDI0NTIwODg1Njk4NTc\/cmVmX3NyYz10d3NyYyU1RXRmdyImZ3Q7U2VwdGVtYmVyIDEwLCAyMDIyJmx0Oy9hJmd0OyZsdDsvYmxvY2txdW90ZSZndDsKJmx0O3NjcmlwdCBhc3luYyBzcmM9Imh0dHBzOi8vcGxhdGZvcm0udHdpdHRlci5jb20vd2lkZ2V0cy5qcyIgY2hhcnNldD0idXRmLTgiJmd0OyZsdDsvc2NyaXB0Jmd0OwombHQ7ZGl2IGNsYXNzPSJtZWRpdW0taW5zZXJ0LWVtYmVkcy1tZXRhIiZndDsmbHQ7c2NyaXB0IHR5cGU9InRleHQvanNvbiImZ3Q7eyJ1cmwiOiJodHRwczovL3R3aXR0ZXIuY29tL211bHRpdGVhdHJvL3N0YXR1cy8xNTY4NjQyNDUyMDg4NTY5ODU3IiwidHlwZSI6InJpY2giLCJ2ZXJzaW9uIjoiMS4wIiwidGl0bGUiOiJNdWx0aXRlYXRybyBDb21hZmkgb24gVHdpdHRlciIsImF1dGhvciI6Ik11bHRpdGVhdHJvIENvbWFmaSIsImF1dGhvcl91cmwiOiJodHRwczovL3R3aXR0ZXIuY29tL211bHRpdGVhdHJvIiwicHJvdmlkZXJfbmFtZSI6IlR3aXR0ZXIiLCJkZXNjcmlwdGlvbiI6IvCfjJEgRWwgc29ycHJlc2l2byBmYWxsZWNpbWllbnRvIGRlIExpbm8gUGF0YWxhbm8gcGVnYSB1biBkb2xvcm9zbyBnb2xwZSBwYXJhIGxhIGNvbXVuaWRhZCBhcnTDrXN0aWNhLkRlc2RlIGVzdGEgQ2FzYSBUZWF0cmFsIGFjb21wYcOxYXJlbW9zIGEgc3UgZmFtaWxpYSwgYW1pZ29zIHkgY29sZWdhcyBlbiBlc3RhcyBob3JhcyB0YW4gdHJpc3Rlcy4gcGljLnR3aXR0ZXIuY29tL3h5ZGVsUmhqbm\/igJQgTXVsdGl0ZWF0cm8gQ29tYWZpIChAbXVsdGl0ZWF0cm8pIFNlcHRlbWJlciAxMCwgMjAyMlxuXG4iLCJ0aHVtYm5haWxfdXJsIjoiaHR0cHM6Ly9wYnMudHdpbWcuY29tL21lZGlhL0ZjVHZfdGxYd0FFUUJjTy5qcGc6bGFyZ2UiLCJ0aHVtYm5haWxfd2lkdGgiOjM2OSwidGh1bWJuYWlsX2hlaWdodCI6NjE3LCJjYWNoZV9hZ2UiOjg2NDAwLCJvcHRpb25zIjp7Il9oaWRlX21lZGlhIjp7ImxhYmVsIjoiSGlkZSBwaG90b3MsIHZpZGVvcywgYW5kIGNhcmRzIiwidmFsdWUiOmZhbHNlfSwiX3RoZW1lIjp7InZhbHVlIjoiIiwidmFsdWVzIjp7ImRhcmsiOiJVc2UgZGFyayB0aGVtZSJ9fSwiX21heHdpZHRoIjp7InZhbHVlIjoiIiwibGFiZWwiOiJBZGp1c3Qgd2lkdGgiLCJwbGFjZWhvbGRlciI6IjIyMC01NTAsIGluIHB4In19fSZsdDsvc2NyaXB0Jmd0OyZsdDsvZGl2Jmd0Ow==\">\n<div class=\"iframely-embed\">\n<div class=\"iframely-responsive\"><iframe src=\"https:\/\/iframely.pagina12.com.ar\/api\/iframe?url=https%3A%2F%2Ftwitter.com%2Fmultiteatro%2Fstatus%2F1568642452088569857&amp;v=1&amp;app=1&amp;key=68ad19d170f26a7756ad0a90caf18fc1&amp;playerjs=1\" allowfullscreen=\"allowfullscreen\" data-mce-fragment=\"1\"><\/iframe><\/div>\n<\/div>\n<\/div>\n<div id=\"talkFireEvent\"><\/div>\n<p>En otro mensaje, Rottemberg comparti\u00f3 una foto de ambos al tiempo que asegur\u00f3 que &#8220;a la noche teatral de Buenos Aires le faltar\u00e1 uno de sus protagonistas m\u00e1s representativos&#8221;. &#8220;Lino querido, vaya este recuerdo personal de nuestro \u00faltimo encuentro, con el Obelisco de fondo y el tema recurrente de tantos a\u00f1os: la pasi\u00f3n por el espect\u00e1culo&#8221;, escribi\u00f3.<\/p>\n<div class=\"iframely-embed medium-embedded-content\" data-html=\"Jmx0O2Jsb2NrcXVvdGUgY2xhc3M9InR3aXR0ZXItdHdlZXQiIGRhdGEtZG50PSJ0cnVlIiBhbGlnbj0iY2VudGVyIiZndDsmbHQ7cCBsYW5nPSJlcyIgZGlyPSJsdHIiJmd0O0EgcGFydGlyIGRlIGhveSwgYSBsYSBub2NoZSB0ZWF0cmFsIGRlIEJ1ZW5vcyBBaXJlcyBsZSBmYWx0YXLDoSB1bm8gZGUgc3VzIHByb3RhZ29uaXN0YXMgbcOhcyByZXByZXNlbnRhdGl2b3MuICZsdDticiZndDtMaW5vIHF1ZXJpZG8sIHZheWEgZXN0ZSByZWN1ZXJkbyBwZXJzb25hbCBkZSBudWVzdHJvIMO6bHRpbW8gZW5jdWVudHJvLCBjb24gZWwgT2JlbGlzY28gZGUgZm9uZG8geSBlbCB0ZW1hIHJlY3VycmVudGUgZGUgdGFudG9zIGHDsW9zOiBsYSBwYXNpw7NuIHBvciBlbCBlc3BlY3TDoWN1bG8uICZsdDthIGhyZWY9Imh0dHBzOi8vdC5jby92a2dZdEptQmpKIiZndDtwaWMudHdpdHRlci5jb20vdmtnWXRKbUJqSiZsdDsvYSZndDsmbHQ7L3AmZ3Q7JmFtcDttZGFzaDsgTXVsdGl0ZWF0cm8gQ29tYWZpIChAbXVsdGl0ZWF0cm8pICZsdDthIGhyZWY9Imh0dHBzOi8vdHdpdHRlci5jb20vbXVsdGl0ZWF0cm8vc3RhdHVzLzE1Njg2NTkwMzYxMTA5NzkwNzI\/cmVmX3NyYz10d3NyYyU1RXRmdyImZ3Q7U2VwdGVtYmVyIDEwLCAyMDIyJmx0Oy9hJmd0OyZsdDsvYmxvY2txdW90ZSZndDsKJmx0O3NjcmlwdCBhc3luYyBzcmM9Imh0dHBzOi8vcGxhdGZvcm0udHdpdHRlci5jb20vd2lkZ2V0cy5qcyIgY2hhcnNldD0idXRmLTgiJmd0OyZsdDsvc2NyaXB0Jmd0OwombHQ7ZGl2IGNsYXNzPSJtZWRpdW0taW5zZXJ0LWVtYmVkcy1tZXRhIiZndDsmbHQ7c2NyaXB0IHR5cGU9InRleHQvanNvbiImZ3Q7eyJ1cmwiOiJodHRwczovL3R3aXR0ZXIuY29tL211bHRpdGVhdHJvL3N0YXR1cy8xNTY4NjU5MDM2MTEwOTc5MDcyIiwidHlwZSI6InJpY2giLCJ2ZXJzaW9uIjoiMS4wIiwidGl0bGUiOiJNdWx0aXRlYXRybyBDb21hZmkgb24gVHdpdHRlciIsImF1dGhvciI6Ik11bHRpdGVhdHJvIENvbWFmaSIsImF1dGhvcl91cmwiOiJodHRwczovL3R3aXR0ZXIuY29tL211bHRpdGVhdHJvIiwicHJvdmlkZXJfbmFtZSI6IlR3aXR0ZXIiLCJkZXNjcmlwdGlvbiI6IkEgcGFydGlyIGRlIGhveSwgYSBsYSBub2NoZSB0ZWF0cmFsIGRlIEJ1ZW5vcyBBaXJlcyBsZSBmYWx0YXLDoSB1bm8gZGUgc3VzIHByb3RhZ29uaXN0YXMgbcOhcyByZXByZXNlbnRhdGl2b3MuIExpbm8gcXVlcmlkbywgdmF5YSBlc3RlIHJlY3VlcmRvIHBlcnNvbmFsIGRlIG51ZXN0cm8gw7psdGltbyBlbmN1ZW50cm8sIGNvbiBlbCBPYmVsaXNjbyBkZSBmb25kbyB5IGVsIHRlbWEgcmVjdXJyZW50ZSBkZSB0YW50b3MgYcOxb3M6IGxhIHBhc2nDs24gcG9yIGVsIGVzcGVjdMOhY3Vsby4gcGljLnR3aXR0ZXIuY29tL3ZrZ1l0Sm1CakrigJQgTXVsdGl0ZWF0cm8gQ29tYWZpIChAbXVsdGl0ZWF0cm8pIFNlcHRlbWJlciAxMCwgMjAyMlxuXG4iLCJ0aHVtYm5haWxfdXJsIjoiaHR0cHM6Ly9wYnMudHdpbWcuY29tL21lZGlhL0ZjVF9FcVdYMEFFVDBHeS5qcGc6bGFyZ2UiLCJ0aHVtYm5haWxfd2lkdGgiOjk0MCwidGh1bWJuYWlsX2hlaWdodCI6MjA0OCwiY2FjaGVfYWdlIjo4NjQwMCwib3B0aW9ucyI6eyJfaGlkZV9tZWRpYSI6eyJsYWJlbCI6IkhpZGUgcGhvdG9zLCB2aWRlb3MsIGFuZCBjYXJkcyIsInZhbHVlIjpmYWxzZX0sIl90aGVtZSI6eyJ2YWx1ZSI6IiIsInZhbHVlcyI6eyJkYXJrIjoiVXNlIGRhcmsgdGhlbWUifX0sIl9tYXh3aWR0aCI6eyJ2YWx1ZSI6IiIsImxhYmVsIjoiQWRqdXN0IHdpZHRoIiwicGxhY2Vob2xkZXIiOiIyMjAtNTUwLCBpbiBweCJ9fX0mbHQ7L3NjcmlwdCZndDsmbHQ7L2RpdiZndDs=\">\n<div class=\"iframely-embed\">\n<div class=\"iframely-responsive\"><iframe src=\"https:\/\/iframely.pagina12.com.ar\/api\/iframe?url=https%3A%2F%2Ftwitter.com%2Fmultiteatro%2Fstatus%2F1568659036110979072&amp;v=1&amp;app=1&amp;key=68ad19d170f26a7756ad0a90caf18fc1&amp;playerjs=1\" allowfullscreen=\"allowfullscreen\" data-mce-fragment=\"1\"><\/iframe><\/div>\n<\/div>\n<\/div>\n<p>Patalano falleci\u00f3 en el sanatorio Otamendi y sus restos ser\u00e1n velados en el teatro Maipo (Esmeralda 443), de su propiedad, que permanecer\u00e1 cerrado hoy y ma\u00f1ana.<\/p>\n<p><b>Nacido en Gaeta, Italia, en 1946, lleg\u00f3 a la Argentina en 1951<\/b>, donde se radic\u00f3 y desarroll\u00f3 toda su trayectoria.<\/p>\n<p>Form\u00f3 parte con Luis Mottura y Mar\u00eda Luz Reg\u00e1s del grupo que comand\u00f3 el teatro Regina desde 1965, y en 1970 comenz\u00f3 como productor de los locales de caf\u00e9 concert La Gallina Embarazada, El Gallo Cojo y El Pollito Er\u00f3tico.<\/p>\n<p><b>Fue productor y socio de Julio Bocca desde 1986 hasta el retiro del bailar\u00edn y en 1994 tom\u00f3 posesi\u00f3n del teatro Maipo<\/b>, donde produjo m\u00e1s de 150 espect\u00e1culos de diversa \u00edndole.<\/p>\n<p>Tambi\u00e9n present\u00f3 shows teatrales y musicales con figuras como Nin\u00ed Marshall, Edda D\u00edaz, Enrique Pinti, Carlos Perciavalle, Mar\u00eda Rosa Gallo, Jorge Luz, Osvaldo Pacheco, Antonio Gasalla, Cipe Lincovsky, Marilina Ross, Egle Martin, Astor Piazzolla, Norma Aleandro, Amelita Baltar, Atahualpa Yupanqui, Moria Cas\u00e1n y Ricardo Dar\u00edn.<\/p>\n<p>Present\u00f3, entre otros artistas internacionales, a Liza Minnelli, el American Ballet Theatre, Shirley McLaine, el Ballet Nacional de Espa\u00f1a, Sara Baras, Alessandra Ferri y Natalia Makarova.<\/p>\n<p>La Asociaci\u00f3n Argentina de Actores tambi\u00e9n despidi\u00f3 desde las redes sociales &#8220;con profundo pesar&#8221; al productor y director teatral y destac\u00f3 &#8220;su valioso aporte a la cultura argentina y las oportunidades laborales brindadas a actores y actrices durante cinco d\u00e9cadas&#8221;.<\/p>\n","protected":false},"excerpt":{"rendered":"<p>El empresario y director teatral\u00a0Pasquale C\u00f3simo &#8220;Lino&#8221; Patalano, productor de decenas de grandes espect\u00e1culos y figura clave de la escena de las tablas local,\u00a0falleci\u00f3 hoy a los 76 a\u00f1os, revel\u00f3 su amigo Carlos Rottemberg a trav\u00e9s de las redes del Multiteatro. &#8220;El sorpresivo fallecimiento de Lino Patalano pega un doloroso golpe para la comunidad art\u00edstica. [&hellip;]<\/p>\n","protected":false},"author":2,"featured_media":7732,"comment_status":"closed","ping_status":"closed","sticky":false,"template":"","format":"standard","meta":{"footnotes":""},"categories":[67],"tags":[],"class_list":{"0":"post-7731","1":"post","2":"type-post","3":"status-publish","4":"format-standard","5":"has-post-thumbnail","7":"category-espectaculo"},"_links":{"self":[{"href":"https:\/\/radiobitacora.com.ar\/web\/wp-json\/wp\/v2\/posts\/7731","targetHints":{"allow":["GET"]}}],"collection":[{"href":"https:\/\/radiobitacora.com.ar\/web\/wp-json\/wp\/v2\/posts"}],"about":[{"href":"https:\/\/radiobitacora.com.ar\/web\/wp-json\/wp\/v2\/types\/post"}],"author":[{"embeddable":true,"href":"https:\/\/radiobitacora.com.ar\/web\/wp-json\/wp\/v2\/users\/2"}],"replies":[{"embeddable":true,"href":"https:\/\/radiobitacora.com.ar\/web\/wp-json\/wp\/v2\/comments?post=7731"}],"version-history":[{"count":0,"href":"https:\/\/radiobitacora.com.ar\/web\/wp-json\/wp\/v2\/posts\/7731\/revisions"}],"wp:featuredmedia":[{"embeddable":true,"href":"https:\/\/radiobitacora.com.ar\/web\/wp-json\/wp\/v2\/media\/7732"}],"wp:attachment":[{"href":"https:\/\/radiobitacora.com.ar\/web\/wp-json\/wp\/v2\/media?parent=7731"}],"wp:term":[{"taxonomy":"category","embeddable":true,"href":"https:\/\/radiobitacora.com.ar\/web\/wp-json\/wp\/v2\/categories?post=7731"},{"taxonomy":"post_tag","embeddable":true,"href":"https:\/\/radiobitacora.com.ar\/web\/wp-json\/wp\/v2\/tags?post=7731"}],"curies":[{"name":"wp","href":"https:\/\/api.w.org\/{rel}","templated":true}]}}