{"id":7782,"date":"2022-09-12T07:17:54","date_gmt":"2022-09-12T10:17:54","guid":{"rendered":"https:\/\/radiobitacora.com.ar\/web\/?p=7782"},"modified":"2022-09-12T07:17:54","modified_gmt":"2022-09-12T10:17:54","slug":"tras-la-pandemia-los-amantes-del-rock-recuperaron-su-fiesta","status":"publish","type":"post","link":"https:\/\/radiobitacora.com.ar\/web\/2022\/09\/12\/tras-la-pandemia-los-amantes-del-rock-recuperaron-su-fiesta\/","title":{"rendered":"Tras la pandemia, los amantes del rock recuperaron su fiesta"},"content":{"rendered":"<p>Los amantes del rock volvieron a tener su fiesta luego de dos a\u00f1os. Fue este s\u00e1bado y domingo en el Cors\u00f3dromo Nolo Al\u00edas donde, desde temprano y hasta altas horas de la noche sonaron bandas locales, regionales, nacionales y hasta de pa\u00edses vecinos. Con doble escenario, y una gran apuesta gastron\u00f3mica, el Tarag\u00fc\u00ed Rock cumpli\u00f3 con su p\u00fablico y este supo agradecerlo. El cierre del s\u00e1bado estuvo a cargo de Las Pastillas del Abuelo en tanto que ayer, al cierre de esta edici\u00f3n se esperaba la presencia de La Vela Puerca, entre otros grupos de reconocida trayectoria.<\/p>\n<p>Con un imponente marco de p\u00fablico, la edici\u00f3n 2022 del Tarag\u00fc\u00ed Rock comenz\u00f3 el s\u00e1bado en el cors\u00f3dromo Nolo Al\u00edas de la capital correntina con Las Pastillas del Abuelo, Nonpalidece, La Murga, La Mono, Grito Clandestino, Roc\u00edo Lens, Sim\u00f3nimos, Free Excesses, Pelo Blues y amigos, Northeblues, Uruta\u00fa, 4Ja Label y desde Paraguay, Nhandei Zha.<\/p>\n<p>\u201cEstamos contentos por la gran convocatoria que hubo desde temprano y es muy interesante pensar que este festival se vincula con otros de la regi\u00f3n, como el ReciclArte que est\u00e1 sucediendo en Paraguay\u201d, dijo el presidente del Instituto de Cultura, Gabriel Romero en tanto explic\u00f3 que el objetivo del Gobierno de Corrientes es dar vidriera a las bandas locales, que son muchas y muy buenas y algunas tienen d\u00e9cadas de trayectoria.<\/p>\n<p>Vale resaltar que, en ambas jornadas, hubo servicio de traslado hacia el cors\u00f3dromo desde las 15.30. Los m\u00f3viles sal\u00edan de la plaza Cabral, Plaza de los Amigos y desde el puerto con una frecuencia de una hora aproximadamente a un valor de 400 pesos por tramo.<\/p>\n<div class=\"container_publi\" data-tipo=\"tipo_desktop \" data-pos=\"AMP_P1_cuerpo\"><\/div>\n<p>Ayer al cierre de esta edici\u00f3n se anunciaba la presencia en el predio de La Vela Puerca, Ysy A, Zoe Gotusso, Conociendo Rusia, Tren Loco, Lado 20, Alba Best, Chuec, Boulevard 12, Karaguat\u00e1, Rotzio, Alto Vuelo, La De Roberto (Paraguay), The Pueblo y Donde Despiertan los Monstruos.<\/p>\n<p>Adem\u00e1s de lo musical, en el predio el p\u00fablico pudo disfrutar de un sector gastron\u00f3mico con m\u00e1s de 14 emprendimientos, tambi\u00e9n puestos de merchandising, tatuajes y otros rubros.<\/p>\n<p>Tambi\u00e9n estivo disponible la opci\u00f3n de seguir el festival v\u00eda Facebook oficial del Gobierno de Corrientes.<\/p>\n","protected":false},"excerpt":{"rendered":"<p>Los amantes del rock volvieron a tener su fiesta luego de dos a\u00f1os. Fue este s\u00e1bado y domingo en el Cors\u00f3dromo Nolo Al\u00edas donde, desde temprano y hasta altas horas de la noche sonaron bandas locales, regionales, nacionales y hasta de pa\u00edses vecinos. Con doble escenario, y una gran apuesta gastron\u00f3mica, el Tarag\u00fc\u00ed Rock cumpli\u00f3 [&hellip;]<\/p>\n","protected":false},"author":2,"featured_media":7783,"comment_status":"closed","ping_status":"closed","sticky":false,"template":"","format":"standard","meta":{"footnotes":""},"categories":[72],"tags":[],"class_list":{"0":"post-7782","1":"post","2":"type-post","3":"status-publish","4":"format-standard","5":"has-post-thumbnail","7":"category-provinciales"},"_links":{"self":[{"href":"https:\/\/radiobitacora.com.ar\/web\/wp-json\/wp\/v2\/posts\/7782","targetHints":{"allow":["GET"]}}],"collection":[{"href":"https:\/\/radiobitacora.com.ar\/web\/wp-json\/wp\/v2\/posts"}],"about":[{"href":"https:\/\/radiobitacora.com.ar\/web\/wp-json\/wp\/v2\/types\/post"}],"author":[{"embeddable":true,"href":"https:\/\/radiobitacora.com.ar\/web\/wp-json\/wp\/v2\/users\/2"}],"replies":[{"embeddable":true,"href":"https:\/\/radiobitacora.com.ar\/web\/wp-json\/wp\/v2\/comments?post=7782"}],"version-history":[{"count":0,"href":"https:\/\/radiobitacora.com.ar\/web\/wp-json\/wp\/v2\/posts\/7782\/revisions"}],"wp:featuredmedia":[{"embeddable":true,"href":"https:\/\/radiobitacora.com.ar\/web\/wp-json\/wp\/v2\/media\/7783"}],"wp:attachment":[{"href":"https:\/\/radiobitacora.com.ar\/web\/wp-json\/wp\/v2\/media?parent=7782"}],"wp:term":[{"taxonomy":"category","embeddable":true,"href":"https:\/\/radiobitacora.com.ar\/web\/wp-json\/wp\/v2\/categories?post=7782"},{"taxonomy":"post_tag","embeddable":true,"href":"https:\/\/radiobitacora.com.ar\/web\/wp-json\/wp\/v2\/tags?post=7782"}],"curies":[{"name":"wp","href":"https:\/\/api.w.org\/{rel}","templated":true}]}}