{"id":7791,"date":"2022-09-12T07:37:27","date_gmt":"2022-09-12T10:37:27","guid":{"rendered":"https:\/\/radiobitacora.com.ar\/web\/?p=7791"},"modified":"2022-09-12T07:37:27","modified_gmt":"2022-09-12T10:37:27","slug":"de-regreso-a-la-argentina-asi-dejo-todo-organizado-wanda-nara-en-estambul","status":"publish","type":"post","link":"https:\/\/radiobitacora.com.ar\/web\/2022\/09\/12\/de-regreso-a-la-argentina-asi-dejo-todo-organizado-wanda-nara-en-estambul\/","title":{"rendered":"De regreso a la Argentina, as\u00ed dej\u00f3 todo organizado Wanda Nara en Estambul"},"content":{"rendered":"<p><a href=\"https:\/\/caras.perfil.com\/noticias\/celebridades\/asi-es-la-nueva-vida-de-wanda-nara-y-mauro-icardi-en-estambul.phtml\" target=\"_blank\" rel=\"noopener\">Wanda Nara <\/a>aprovech\u00f3 las largas horas de viaje desde Estambul a la Argentina para responder preguntas que le enviaron su seguidores.<\/p>\n<p>A trav\u00e9s de las Historias de Instagram, la empresaria dio la posibilidad de enviarle consultas y recibi\u00f3 de todo tipo.<\/p>\n<p>Algunas de ellas tuvieron que ver con su\u00a0<strong>reciente mudanza a Turqu\u00eda\u00a0<\/strong>por el cambio de equipo de f\u00fatbol de su marido\u00a0<strong>Mauro Icardi.<\/strong><\/p>\n<p><img decoding=\"async\" src=\"https:\/\/fotos.perfil.com\/\/2022\/09\/11\/900\/0\/wanda-nara-1417721.jpg\" alt=\"Wanda Nara\" \/><\/p>\n<p>La primera pregunta que respondi\u00f3\u00a0<strong>Wanda Nara\u00a0<\/strong>sobre su nueva vida en Estambul tuvo que ver con el colegio de sus hijos.<\/p>\n<p><strong>&#8220;Tengo los hijos m\u00e1s incre\u00edbles del mundo.\u00a0<\/strong>Son los m\u00e1s felices con cada mudanza y cambio&#8221;, comenz\u00f3 respondiendo la ex de Maxi L\u00f3pez. Y continu\u00f3:<strong>\u00a0&#8220;Ma\u00f1ana empiezan por segunda vez el cole este a\u00f1o. Y esta vez en Estambul&#8221;.<\/strong><\/p>\n<p><img decoding=\"async\" src=\"https:\/\/fotos.perfil.com\/\/2022\/09\/11\/900\/0\/wanda-nara-1417722.jpg\" alt=\"Wanda Nara\" \/><\/p>\n<p>Luego,\u00a0<strong>Wanda Nara<\/strong>\u00a0cont\u00f3 en detalle todo lo que hizo en estos dos d\u00edas que estuvo en su nueva ciudad de residencia: &#8220;Viaj\u00e9 un fin de semana. Mud\u00e9 a mi familia, presentaci\u00f3n y contrato, busqu\u00e9 casas, me entrevist\u00e9 con colegios. Dej\u00e9 todo organizado y ma\u00f1ana inician las clases en Estambul. Y yo volviendo porque el lunes grabamos&#8221;, se\u00f1al\u00f3 la empresaria.<\/p>\n<p>Con respecto &#8220;\u00bfQui\u00e9n es la m\u00e1scara?&#8221;, el programa que viene a grabar, Wanda Nara volvi\u00f3 a aclarar\u00a0<a href=\"https:\/\/caras.perfil.com\/noticias\/celebridades\/wanda-nara-hablo-de-las-historias-que-inventan-en-su-vida.phtml\" target=\"_blank\" rel=\"noopener\">(como ya lo hab\u00eda hecho a Caras Digital)<\/a>\u00a0que se lleva de maravillas con sus compa\u00f1eros, luego de que corriera el rumor sobre una ma\u00f1a relaci\u00f3n.<\/p>\n<p><img decoding=\"async\" src=\"https:\/\/fotos.perfil.com\/\/2022\/09\/11\/900\/0\/wanda-nara-1417719.jpg\" alt=\"Wanda Nara\" \/><\/p>\n<p><strong>&#8220;\u00bfSegu\u00eds en La M\u00e1scara? \u00bfTe llev\u00e1s bien con todos tus compa\u00f1eros? \u00bfLa produ se enoj\u00f3?&#8221;,<\/strong>\u00a0le envi\u00f3 un seguidor.<\/p>\n<p>Y la esposa de<strong>\u00a0Mauro Icardi\u00a0<\/strong>respondi\u00f3: &#8220;Amo a todos. Su fuera diferente se me notar\u00eda.\u00a0<strong>Soy muy transparente. No falt\u00e9 nunca a ninguna grabaci\u00f3n.\u00a0<\/strong>Soy muy obsesiva de mis trabajos. Y cuando firm\u00e9 sab\u00eda que este, por los d\u00edas de grabaci\u00f3n, me permit\u00eda seguir con mis otras actividades y as\u00ed fue&#8221;.<\/p>\n<p>Junto al texto,\u00a0<a href=\"https:\/\/www.instagram.com\/wanda_nara\/?hl=es-la\" target=\"_blank\" rel=\"noopener\">Wanda Nara\u00a0<\/a>public\u00f3 una foto con Lizy Tagliani, una de sus compa\u00f1eras de la nueva apuesta de Telefe.<\/p>\n","protected":false},"excerpt":{"rendered":"<p>Wanda Nara aprovech\u00f3 las largas horas de viaje desde Estambul a la Argentina para responder preguntas que le enviaron su seguidores. A trav\u00e9s de las Historias de Instagram, la empresaria dio la posibilidad de enviarle consultas y recibi\u00f3 de todo tipo. Algunas de ellas tuvieron que ver con su\u00a0reciente mudanza a Turqu\u00eda\u00a0por el cambio de [&hellip;]<\/p>\n","protected":false},"author":2,"featured_media":7792,"comment_status":"closed","ping_status":"closed","sticky":false,"template":"","format":"standard","meta":{"footnotes":""},"categories":[78,67],"tags":[],"class_list":{"0":"post-7791","1":"post","2":"type-post","3":"status-publish","4":"format-standard","5":"has-post-thumbnail","7":"category-deportes","8":"category-espectaculo"},"_links":{"self":[{"href":"https:\/\/radiobitacora.com.ar\/web\/wp-json\/wp\/v2\/posts\/7791","targetHints":{"allow":["GET"]}}],"collection":[{"href":"https:\/\/radiobitacora.com.ar\/web\/wp-json\/wp\/v2\/posts"}],"about":[{"href":"https:\/\/radiobitacora.com.ar\/web\/wp-json\/wp\/v2\/types\/post"}],"author":[{"embeddable":true,"href":"https:\/\/radiobitacora.com.ar\/web\/wp-json\/wp\/v2\/users\/2"}],"replies":[{"embeddable":true,"href":"https:\/\/radiobitacora.com.ar\/web\/wp-json\/wp\/v2\/comments?post=7791"}],"version-history":[{"count":0,"href":"https:\/\/radiobitacora.com.ar\/web\/wp-json\/wp\/v2\/posts\/7791\/revisions"}],"wp:featuredmedia":[{"embeddable":true,"href":"https:\/\/radiobitacora.com.ar\/web\/wp-json\/wp\/v2\/media\/7792"}],"wp:attachment":[{"href":"https:\/\/radiobitacora.com.ar\/web\/wp-json\/wp\/v2\/media?parent=7791"}],"wp:term":[{"taxonomy":"category","embeddable":true,"href":"https:\/\/radiobitacora.com.ar\/web\/wp-json\/wp\/v2\/categories?post=7791"},{"taxonomy":"post_tag","embeddable":true,"href":"https:\/\/radiobitacora.com.ar\/web\/wp-json\/wp\/v2\/tags?post=7791"}],"curies":[{"name":"wp","href":"https:\/\/api.w.org\/{rel}","templated":true}]}}