{"id":7822,"date":"2022-09-12T15:45:08","date_gmt":"2022-09-12T18:45:08","guid":{"rendered":"https:\/\/radiobitacora.com.ar\/web\/?p=7822"},"modified":"2022-09-12T15:45:08","modified_gmt":"2022-09-12T18:45:08","slug":"icaa-resumen-del-pronostico-y-perspectiva-trimestral-para-la-cuenca-del-plata","status":"publish","type":"post","link":"https:\/\/radiobitacora.com.ar\/web\/2022\/09\/12\/icaa-resumen-del-pronostico-y-perspectiva-trimestral-para-la-cuenca-del-plata\/","title":{"rendered":"ICAA: RESUMEN DEL PRON\u00d3STICO Y PERSPECTIVA TRIMESTRAL PARA LA CUENCA DEL PLATA"},"content":{"rendered":"<h3>El resumen del pron\u00f3stico trimestral y perspectivas hidrol\u00f3gicas de los r\u00edos Paran\u00e1 y Uruguay, hasta el pr\u00f3ximo mes de octubre, fue emitido por el Instituto Nacional del Agua (INA) se\u00f1ala que, tanto para el litoral argentino como para las cuencas de los grandes r\u00edos de la cuenca del Plata, se espera un trimestre con condiciones levemente deficitarias o normales.<\/h3>\n<p>El informe, publicado por el Instituto Correntino del Agua y del Ambiente (ICAA) en su sitio web\u00a0<a href=\"https:\/\/4ue34.r.ag.d.sendibm3.com\/mk\/cl\/f\/Y4DS62z4Sbhv8hNy_X10prYVQMA1LGzfW-JvAam4pZrjMYajKAJ6xAh0ALuix5IwR5C034d7FgHXMDqZohK6wqWapNxvMK0R1nnCD1uLxondjr2XS7G905a8fyzydQxalDujqpcUMzjg4iHoHCW99lT_Ks4dobuZJOgV3hgfPsCod10ifcho36g67-wYlyQ5RRCBXLbZFoJtpeoKlyKGI_qhmx9kDl5bgj16DdjTfPUSY5QjPFTkB3YJaNcLY7GdYAMbv61oeLbe1e44ZsZW2Zfgd5MQjC6rIP-W3dxrlmuxn0f_qCCNJ3GDKL7MaiSd39bdxkbDM3rL7f63F3Xycg21h9A_d3wLUw_vLG-zsdsD7ldOMF1RvF7QejmWkF2eUowkhtg\" target=\"_blank\" rel=\"noopener\" data-saferedirecturl=\"https:\/\/www.google.com\/url?q=https:\/\/4ue34.r.ag.d.sendibm3.com\/mk\/cl\/f\/Y4DS62z4Sbhv8hNy_X10prYVQMA1LGzfW-JvAam4pZrjMYajKAJ6xAh0ALuix5IwR5C034d7FgHXMDqZohK6wqWapNxvMK0R1nnCD1uLxondjr2XS7G905a8fyzydQxalDujqpcUMzjg4iHoHCW99lT_Ks4dobuZJOgV3hgfPsCod10ifcho36g67-wYlyQ5RRCBXLbZFoJtpeoKlyKGI_qhmx9kDl5bgj16DdjTfPUSY5QjPFTkB3YJaNcLY7GdYAMbv61oeLbe1e44ZsZW2Zfgd5MQjC6rIP-W3dxrlmuxn0f_qCCNJ3GDKL7MaiSd39bdxkbDM3rL7f63F3Xycg21h9A_d3wLUw_vLG-zsdsD7ldOMF1RvF7QejmWkF2eUowkhtg&amp;source=gmail&amp;ust=1663093904897000&amp;usg=AOvVaw06o51X01CIfOeL9dia2vjs\">www.icaa.gov.ar<\/a>\u00a0, puntualiza que la regi\u00f3n de El Ni\u00f1o Oscilaci\u00f3n del Sur (ENSO) present\u00f3 una fase La Ni\u00f1a D\u00e9bil durante el trimestre julio-agosto-septiembre. La mayor\u00eda de los modelos indican que persistan condiciones de la ni\u00f1a o la ni\u00f1a d\u00e9bil al menos durante el trimestre agosto-septiembre-octubre 2022.<\/p>\n<p>En cuanto a la hidrolog\u00eda, la bajante del r\u00edo Paran\u00e1, de caracter\u00edsticas extraordinarias por su magnitud y persistencia, seguir\u00e1 siendo motivo de especial monitoreo. Se trata del estiaje m\u00e1s largo de la historia registrada. La perspectiva al 30 de noviembre 2022 no permite esperar un r\u00e1pido retorno a la normalidad, con probabilidad de extenderse durante el \u00faltimo mes del a\u00f1o. Podr\u00edan registrarse eventos de corta duraci\u00f3n que produzcan una recuperaci\u00f3n acotada y ef\u00edmera.<\/p>\n<p>En el embalse de Yacyret\u00e1 el caudal entrante registr\u00f3 oscilaciones sobre una tendencia general descendente, m\u00e1s pronunciada a finales del mes. Los m\u00e1ximos que se presentaron durante la tercera semana del mes respondiendo sobre todo al derrame del tramo superior. Se mantuvo en el rango acotado: [12.000 metros c\u00fabicos por segundo \u2013 7.000 metros c\u00fabicos por segundo]. El promedio mensual: 9.600 metros c\u00fabicos por segundo, representa el 70% del caudal promedio de los \u00faltimos 25 a\u00f1os para el mes de agosto (12.400 metros c\u00fabicos por segundo).<\/p>\n<p>En septiembre es probable que contin\u00fae erogando un caudal acotado en el rango: [7.000 metros c\u00fabicos por segundo \u2013 9.000 metros c\u00fabicos por segundo], en aguas por debajo de lo normal dependiendo de las precipitaciones y de las operaciones de las centrales ubicadas aguas arriba. Se espera que la primera quincena del mes se presenten precipitaciones sobre el \u00e1rea inmediata sin embargo estas ser\u00edan de r\u00e1pida disipaci\u00f3n.<\/p>\n<p>Se mantendr\u00e1 con oscilaciones acotadas, siempre muy por debajo de lo normal. El aporte hacia el r\u00edo Paran\u00e1 en territorio argentino se mantendr\u00eda sin una recuperaci\u00f3n significativa durante el resto del mes en curso si bien con una leve recuperaci\u00f3n del caudal base.<\/p>\n<p>El nivel en Corrientes evolucion\u00f3 con oscilaciones, en ascenso en rango propio de aguas bajas durante la mayor parte del mes. Finalizando el mismo y comenzando septiembre se encuentra en la fase de descenso, con una cota pr\u00f3xima a 1,20 metros siendo este valor 1,80 metros por debajo del nivel de aguas bajas. El promedio mensual en Corrientes: 1,58 metros, resultando 1,50 metros por debajo del promedio de agosto desde 1997. Actualmente, sostiene el descenso, es probable que aumente levemente, dependiendo de la situaci\u00f3n meteorol\u00f3gica sobre la cuenca de aportes directos, sin embargo, continuar\u00eda en aguas bajas durante todo el mes.<\/p>\n<p>En la escala de Goya el nivel mantuvo oscilaciones durante el mes, con valores m\u00e1ximos durante la segunda quincena respondiendo al aumento en el derrame de aguas arriba. Actualmente se encuentra en fase de descenso, el nivel se mantiene pr\u00f3ximo a 1,94 metros en aguas bajas. El promedio mensual de agosto: 1,81 metros se encuentra 1,50 metros por debajo del promedio mensual de agosto desde 1997. El mes en curso es probable que registre un leve aumento a corto plazo hacia valores pr\u00f3ximos a 2,10 metros, y luego retorne al descenso quedando sujeto a las precipitaciones que se puedan producir y al derrame desde el tramo superior.<\/p>\n<p>En la cuenca media del r\u00edo Uruguay, se registraron escasas lluvias. El aporte en ruta a todo el tramo medio del r\u00edo se ubica en un valor inferior a 1.000 metros c\u00fabicos por segundo. En Paso de los Libres el nivel qued\u00f3 oscilante sin tendencia, registrando el 11 de septiembre, 2,91 metros, manteni\u00e9ndose en aguas medias. El caudal promedio en la semana 3.050 metros c\u00fabicos por segundo (8% menos que en la semana anterior y un 30% superior al promedio en igual semana de 2021). La tendencia clim\u00e1tica indica predominio de lluvias inferiores a las normales a normales en el trimestre al 30 de noviembre 2022 sobre la cuenca media y alta.<\/p>\n","protected":false},"excerpt":{"rendered":"<p>El resumen del pron\u00f3stico trimestral y perspectivas hidrol\u00f3gicas de los r\u00edos Paran\u00e1 y Uruguay, hasta el pr\u00f3ximo mes de octubre, fue emitido por el Instituto Nacional del Agua (INA) se\u00f1ala que, tanto para el litoral argentino como para las cuencas de los grandes r\u00edos de la cuenca del Plata, se espera un trimestre con condiciones [&hellip;]<\/p>\n","protected":false},"author":2,"featured_media":7823,"comment_status":"closed","ping_status":"closed","sticky":false,"template":"","format":"standard","meta":{"footnotes":""},"categories":[90],"tags":[],"class_list":{"0":"post-7822","1":"post","2":"type-post","3":"status-publish","4":"format-standard","5":"has-post-thumbnail","7":"category-ecologia"},"_links":{"self":[{"href":"https:\/\/radiobitacora.com.ar\/web\/wp-json\/wp\/v2\/posts\/7822","targetHints":{"allow":["GET"]}}],"collection":[{"href":"https:\/\/radiobitacora.com.ar\/web\/wp-json\/wp\/v2\/posts"}],"about":[{"href":"https:\/\/radiobitacora.com.ar\/web\/wp-json\/wp\/v2\/types\/post"}],"author":[{"embeddable":true,"href":"https:\/\/radiobitacora.com.ar\/web\/wp-json\/wp\/v2\/users\/2"}],"replies":[{"embeddable":true,"href":"https:\/\/radiobitacora.com.ar\/web\/wp-json\/wp\/v2\/comments?post=7822"}],"version-history":[{"count":0,"href":"https:\/\/radiobitacora.com.ar\/web\/wp-json\/wp\/v2\/posts\/7822\/revisions"}],"wp:featuredmedia":[{"embeddable":true,"href":"https:\/\/radiobitacora.com.ar\/web\/wp-json\/wp\/v2\/media\/7823"}],"wp:attachment":[{"href":"https:\/\/radiobitacora.com.ar\/web\/wp-json\/wp\/v2\/media?parent=7822"}],"wp:term":[{"taxonomy":"category","embeddable":true,"href":"https:\/\/radiobitacora.com.ar\/web\/wp-json\/wp\/v2\/categories?post=7822"},{"taxonomy":"post_tag","embeddable":true,"href":"https:\/\/radiobitacora.com.ar\/web\/wp-json\/wp\/v2\/tags?post=7822"}],"curies":[{"name":"wp","href":"https:\/\/api.w.org\/{rel}","templated":true}]}}