{"id":7837,"date":"2022-09-13T07:11:28","date_gmt":"2022-09-13T10:11:28","guid":{"rendered":"https:\/\/radiobitacora.com.ar\/web\/?p=7837"},"modified":"2022-09-13T07:11:28","modified_gmt":"2022-09-13T10:11:28","slug":"xxxi-estudiantina-goya-2022-conferencia-de-prensa","status":"publish","type":"post","link":"https:\/\/radiobitacora.com.ar\/web\/2022\/09\/13\/xxxi-estudiantina-goya-2022-conferencia-de-prensa\/","title":{"rendered":"XXXI ESTUDIANTINA GOYA 2022: CONFERENCIA DE PRENSA"},"content":{"rendered":"<h3><strong>Este jueves 15 se har\u00e1 la presentaci\u00f3n de la Fiesta de los Estudiantes por medio de una Conferencia de prensa, a las 10 horas en el Instituto Santa Teresa de Jes\u00fas.<\/strong><\/h3>\n<p>Se invita a todos los medios de comunicaci\u00f3n de nuestra ciudad a participar de la presentaci\u00f3n en que se lanzar\u00e1 oficialmente la XXXI Estudiantina.<\/p>\n<p>En el encuentro con la prensa se dar\u00e1n a conocer los detalles de la organizaci\u00f3n y las actividades que se llevar\u00e1n a cabo el d\u00eda 21 de septiembre en el Predio Costa Surub\u00ed.<\/p>\n<p>La conferencia de prensa estar\u00e1 a cargo de todos los presidentes de los Centros de Estudiantes que forman parte de la UCESG.<\/p>\n<p>Durante la misma se presentar\u00e1n las candidatas al reinado de la estudiantina.<\/p>\n<p>Los esperamos.<\/p>\n","protected":false},"excerpt":{"rendered":"<p>Este jueves 15 se har\u00e1 la presentaci\u00f3n de la Fiesta de los Estudiantes por medio de una Conferencia de prensa, a las 10 horas en el Instituto Santa Teresa de Jes\u00fas. Se invita a todos los medios de comunicaci\u00f3n de nuestra ciudad a participar de la presentaci\u00f3n en que se lanzar\u00e1 oficialmente la XXXI Estudiantina. [&hellip;]<\/p>\n","protected":false},"author":2,"featured_media":7838,"comment_status":"closed","ping_status":"closed","sticky":false,"template":"","format":"standard","meta":{"footnotes":""},"categories":[56],"tags":[],"class_list":{"0":"post-7837","1":"post","2":"type-post","3":"status-publish","4":"format-standard","5":"has-post-thumbnail","7":"category-locales"},"_links":{"self":[{"href":"https:\/\/radiobitacora.com.ar\/web\/wp-json\/wp\/v2\/posts\/7837","targetHints":{"allow":["GET"]}}],"collection":[{"href":"https:\/\/radiobitacora.com.ar\/web\/wp-json\/wp\/v2\/posts"}],"about":[{"href":"https:\/\/radiobitacora.com.ar\/web\/wp-json\/wp\/v2\/types\/post"}],"author":[{"embeddable":true,"href":"https:\/\/radiobitacora.com.ar\/web\/wp-json\/wp\/v2\/users\/2"}],"replies":[{"embeddable":true,"href":"https:\/\/radiobitacora.com.ar\/web\/wp-json\/wp\/v2\/comments?post=7837"}],"version-history":[{"count":0,"href":"https:\/\/radiobitacora.com.ar\/web\/wp-json\/wp\/v2\/posts\/7837\/revisions"}],"wp:featuredmedia":[{"embeddable":true,"href":"https:\/\/radiobitacora.com.ar\/web\/wp-json\/wp\/v2\/media\/7838"}],"wp:attachment":[{"href":"https:\/\/radiobitacora.com.ar\/web\/wp-json\/wp\/v2\/media?parent=7837"}],"wp:term":[{"taxonomy":"category","embeddable":true,"href":"https:\/\/radiobitacora.com.ar\/web\/wp-json\/wp\/v2\/categories?post=7837"},{"taxonomy":"post_tag","embeddable":true,"href":"https:\/\/radiobitacora.com.ar\/web\/wp-json\/wp\/v2\/tags?post=7837"}],"curies":[{"name":"wp","href":"https:\/\/api.w.org\/{rel}","templated":true}]}}