{"id":7840,"date":"2022-09-13T07:16:04","date_gmt":"2022-09-13T10:16:04","guid":{"rendered":"https:\/\/radiobitacora.com.ar\/web\/?p=7840"},"modified":"2022-09-13T07:16:04","modified_gmt":"2022-09-13T10:16:04","slug":"piragine-niveyro-es-de-mano-unica","status":"publish","type":"post","link":"https:\/\/radiobitacora.com.ar\/web\/2022\/09\/13\/piragine-niveyro-es-de-mano-unica\/","title":{"rendered":"PIRAGINE NIVEYRO ES DE MANO \u00daNICA"},"content":{"rendered":"<h3><strong>La Direcci\u00f3n de Tr\u00e1nsito coloc\u00f3 se\u00f1al\u00e9tica e informar\u00e1 durante varios d\u00edas lo que establece la ordenanza respectiva.<\/strong><\/h3>\n<p><img loading=\"lazy\" decoding=\"async\" class=\"size-medium wp-image-24521 alignright lazyloaded\" src=\"https:\/\/883radiociudad.gob.ar\/wp-content\/uploads\/2022\/09\/transito-senaletica-2-225x300.jpg\" sizes=\"auto, (max-width: 225px) 100vw, 225px\" srcset=\"https:\/\/883radiociudad.gob.ar\/wp-content\/uploads\/2022\/09\/transito-senaletica-2-225x300.jpg 225w, https:\/\/883radiociudad.gob.ar\/wp-content\/uploads\/2022\/09\/transito-senaletica-2-768x1024.jpg 768w, https:\/\/883radiociudad.gob.ar\/wp-content\/uploads\/2022\/09\/transito-senaletica-2-scaled.jpg 765w\" alt=\"\" width=\"225\" height=\"300\" data-srcset=\"https:\/\/883radiociudad.gob.ar\/wp-content\/uploads\/2022\/09\/transito-senaletica-2-225x300.jpg 225w, https:\/\/883radiociudad.gob.ar\/wp-content\/uploads\/2022\/09\/transito-senaletica-2-768x1024.jpg 768w, https:\/\/883radiociudad.gob.ar\/wp-content\/uploads\/2022\/09\/transito-senaletica-2-scaled.jpg 765w\" data-src=\"https:\/\/883radiociudad.gob.ar\/wp-content\/uploads\/2022\/09\/transito-senaletica-2-225x300.jpg\" data-sizes=\"(max-width: 225px) 100vw, 225px\" \/><\/p>\n<p>Se encuentra en plena vigencia la Normativa que establece sentido \u00fanico a la calle Piragine Niveyro, motivo por el cual durante 10 d\u00edas el personal de Tr\u00e1nsito estar\u00e1 para informar y concientizar sobre la vigencia de la Ordenanza 2177.<\/p>\n<p>La Direcci\u00f3n de Tr\u00e1nsito realiz\u00f3 la se\u00f1alizaci\u00f3n y colocaci\u00f3n de se\u00f1al\u00e9tica correspondiente en calle Piragine Niveyro, tal lo establece la Ordenanza 2177; la que, en su parte resolutiva, fija el sentido \u00fanico de circulaci\u00f3n en esa arteria, de este a oeste, en el tramo comprendido desde calle Jujuy hasta la avenida Jos\u00e9 Jacinto Rol\u00f3n, y un corredor de doble mano desde calle Jujuy hasta Ruta Nacional 12 y viceversa.<\/p>\n<p><img loading=\"lazy\" decoding=\"async\" class=\"size-medium wp-image-24522 alignright lazyloaded\" src=\"https:\/\/883radiociudad.gob.ar\/wp-content\/uploads\/2022\/09\/transito-senaletica-3-1-225x300.jpg\" sizes=\"auto, (max-width: 225px) 100vw, 225px\" srcset=\"https:\/\/883radiociudad.gob.ar\/wp-content\/uploads\/2022\/09\/transito-senaletica-3-1-225x300.jpg 225w, https:\/\/883radiociudad.gob.ar\/wp-content\/uploads\/2022\/09\/transito-senaletica-3-1-768x1024.jpg 768w, https:\/\/883radiociudad.gob.ar\/wp-content\/uploads\/2022\/09\/transito-senaletica-3-1-scaled.jpg 765w\" alt=\"\" width=\"225\" height=\"300\" data-srcset=\"https:\/\/883radiociudad.gob.ar\/wp-content\/uploads\/2022\/09\/transito-senaletica-3-1-225x300.jpg 225w, https:\/\/883radiociudad.gob.ar\/wp-content\/uploads\/2022\/09\/transito-senaletica-3-1-768x1024.jpg 768w, https:\/\/883radiociudad.gob.ar\/wp-content\/uploads\/2022\/09\/transito-senaletica-3-1-scaled.jpg 765w\" data-src=\"https:\/\/883radiociudad.gob.ar\/wp-content\/uploads\/2022\/09\/transito-senaletica-3-1-225x300.jpg\" data-sizes=\"(max-width: 225px) 100vw, 225px\" \/><\/p>\n<p>Se recuerda que la Ordenanza est\u00e1 en plena vigencia.<\/p>\n<p>Personal de la direcci\u00f3n, durante 10 d\u00edas estar\u00e1 en el lugar en una tarea de informaci\u00f3n y concientizaci\u00f3n de conductores que utilizan esa arteria.<\/p>\n<p>La se\u00f1al\u00e9tica es vertical de acuerdo a lo que rige en la normativa actual para la circulaci\u00f3n de todo tipo de veh\u00edculos.<\/p>\n","protected":false},"excerpt":{"rendered":"<p>La Direcci\u00f3n de Tr\u00e1nsito coloc\u00f3 se\u00f1al\u00e9tica e informar\u00e1 durante varios d\u00edas lo que establece la ordenanza respectiva. Se encuentra en plena vigencia la Normativa que establece sentido \u00fanico a la calle Piragine Niveyro, motivo por el cual durante 10 d\u00edas el personal de Tr\u00e1nsito estar\u00e1 para informar y concientizar sobre la vigencia de la Ordenanza [&hellip;]<\/p>\n","protected":false},"author":2,"featured_media":7841,"comment_status":"closed","ping_status":"closed","sticky":false,"template":"","format":"standard","meta":{"footnotes":""},"categories":[56],"tags":[],"class_list":{"0":"post-7840","1":"post","2":"type-post","3":"status-publish","4":"format-standard","5":"has-post-thumbnail","7":"category-locales"},"_links":{"self":[{"href":"https:\/\/radiobitacora.com.ar\/web\/wp-json\/wp\/v2\/posts\/7840","targetHints":{"allow":["GET"]}}],"collection":[{"href":"https:\/\/radiobitacora.com.ar\/web\/wp-json\/wp\/v2\/posts"}],"about":[{"href":"https:\/\/radiobitacora.com.ar\/web\/wp-json\/wp\/v2\/types\/post"}],"author":[{"embeddable":true,"href":"https:\/\/radiobitacora.com.ar\/web\/wp-json\/wp\/v2\/users\/2"}],"replies":[{"embeddable":true,"href":"https:\/\/radiobitacora.com.ar\/web\/wp-json\/wp\/v2\/comments?post=7840"}],"version-history":[{"count":0,"href":"https:\/\/radiobitacora.com.ar\/web\/wp-json\/wp\/v2\/posts\/7840\/revisions"}],"wp:featuredmedia":[{"embeddable":true,"href":"https:\/\/radiobitacora.com.ar\/web\/wp-json\/wp\/v2\/media\/7841"}],"wp:attachment":[{"href":"https:\/\/radiobitacora.com.ar\/web\/wp-json\/wp\/v2\/media?parent=7840"}],"wp:term":[{"taxonomy":"category","embeddable":true,"href":"https:\/\/radiobitacora.com.ar\/web\/wp-json\/wp\/v2\/categories?post=7840"},{"taxonomy":"post_tag","embeddable":true,"href":"https:\/\/radiobitacora.com.ar\/web\/wp-json\/wp\/v2\/tags?post=7840"}],"curies":[{"name":"wp","href":"https:\/\/api.w.org\/{rel}","templated":true}]}}