{"id":7843,"date":"2022-09-13T07:19:54","date_gmt":"2022-09-13T10:19:54","guid":{"rendered":"https:\/\/radiobitacora.com.ar\/web\/?p=7843"},"modified":"2022-09-13T07:19:54","modified_gmt":"2022-09-13T10:19:54","slug":"concurso-argentino-de-pesca-variada-acreditaciones-de-periodistas","status":"publish","type":"post","link":"https:\/\/radiobitacora.com.ar\/web\/2022\/09\/13\/concurso-argentino-de-pesca-variada-acreditaciones-de-periodistas\/","title":{"rendered":"CONCURSO ARGENTINO DE PESCA VARIADA: ACREDITACIONES DE PERIODISTAS"},"content":{"rendered":"<h3><strong>Se comunica a periodistas que se encuentra abierta la inscripci\u00f3n para acreditaciones al 26\u00ba Concurso Argentino de Pesca Variada Embarcada.<\/strong><\/h3>\n<p>La solicitud deber\u00e1 dirigirse al correo electr\u00f3nico:\u00a0<a href=\"mailto:acreditacioninterclubes@gmail.com\">acreditacioninterclubes@gmail.com<\/a>, conteniendo la siguiente informaci\u00f3n: Nombre y Apellido, DNI, Medio, Programa, Caracter\u00edstica de Cobertura (Radial, televisiva, streaming, fotogr\u00e1fica, f\u00edlmica, detallando en tal caso si la transmisi\u00f3n es \u201cen vivo\u201d y en el caso de streaming especificar el canal por el cual se transmite), y adem\u00e1s la certificaci\u00f3n extendida por responsable del medio donde conste la participaci\u00f3n de la persona solicitante.<\/p>\n<p>El plazo para registrar la correspondiente inscripci\u00f3n es hasta las 12 horas del mi\u00e9rcoles 21 del corriente mes.<\/p>\n<p>Las solicitudes se realizan en forma individual. Por este mismo medio se confirmar\u00e1 (v\u00eda email) la acreditaci\u00f3n correspondiente, comunicando d\u00eda y horario de entrega.<\/p>\n","protected":false},"excerpt":{"rendered":"<p>Se comunica a periodistas que se encuentra abierta la inscripci\u00f3n para acreditaciones al 26\u00ba Concurso Argentino de Pesca Variada Embarcada. La solicitud deber\u00e1 dirigirse al correo electr\u00f3nico:\u00a0acreditacioninterclubes@gmail.com, conteniendo la siguiente informaci\u00f3n: Nombre y Apellido, DNI, Medio, Programa, Caracter\u00edstica de Cobertura (Radial, televisiva, streaming, fotogr\u00e1fica, f\u00edlmica, detallando en tal caso si la transmisi\u00f3n es \u201cen vivo\u201d [&hellip;]<\/p>\n","protected":false},"author":2,"featured_media":7844,"comment_status":"closed","ping_status":"closed","sticky":false,"template":"","format":"standard","meta":{"footnotes":""},"categories":[56],"tags":[],"class_list":{"0":"post-7843","1":"post","2":"type-post","3":"status-publish","4":"format-standard","5":"has-post-thumbnail","7":"category-locales"},"_links":{"self":[{"href":"https:\/\/radiobitacora.com.ar\/web\/wp-json\/wp\/v2\/posts\/7843","targetHints":{"allow":["GET"]}}],"collection":[{"href":"https:\/\/radiobitacora.com.ar\/web\/wp-json\/wp\/v2\/posts"}],"about":[{"href":"https:\/\/radiobitacora.com.ar\/web\/wp-json\/wp\/v2\/types\/post"}],"author":[{"embeddable":true,"href":"https:\/\/radiobitacora.com.ar\/web\/wp-json\/wp\/v2\/users\/2"}],"replies":[{"embeddable":true,"href":"https:\/\/radiobitacora.com.ar\/web\/wp-json\/wp\/v2\/comments?post=7843"}],"version-history":[{"count":0,"href":"https:\/\/radiobitacora.com.ar\/web\/wp-json\/wp\/v2\/posts\/7843\/revisions"}],"wp:featuredmedia":[{"embeddable":true,"href":"https:\/\/radiobitacora.com.ar\/web\/wp-json\/wp\/v2\/media\/7844"}],"wp:attachment":[{"href":"https:\/\/radiobitacora.com.ar\/web\/wp-json\/wp\/v2\/media?parent=7843"}],"wp:term":[{"taxonomy":"category","embeddable":true,"href":"https:\/\/radiobitacora.com.ar\/web\/wp-json\/wp\/v2\/categories?post=7843"},{"taxonomy":"post_tag","embeddable":true,"href":"https:\/\/radiobitacora.com.ar\/web\/wp-json\/wp\/v2\/tags?post=7843"}],"curies":[{"name":"wp","href":"https:\/\/api.w.org\/{rel}","templated":true}]}}