{"id":7855,"date":"2022-09-13T07:40:23","date_gmt":"2022-09-13T10:40:23","guid":{"rendered":"https:\/\/radiobitacora.com.ar\/web\/?p=7855"},"modified":"2022-09-13T07:40:23","modified_gmt":"2022-09-13T10:40:23","slug":"dia-del-bailarin-folclorico-13-de-septiembre","status":"publish","type":"post","link":"https:\/\/radiobitacora.com.ar\/web\/2022\/09\/13\/dia-del-bailarin-folclorico-13-de-septiembre\/","title":{"rendered":"D\u00cdA DEL BAILAR\u00cdN FOLCL\u00d3RICO 13 de Septiembre"},"content":{"rendered":"<div dir=\"auto\">En el a\u00f1o 1998 se declar\u00f3 el 13 de septiembre el D\u00eda del Bailar\u00edn Folcl\u00f3rico, en homenaje a Santiago Ayala, \u201cEl Ch\u00facaro\u201d (1919 \u2013 1994) zapateador, dibujante, bailar\u00edn de danzas nativas y actor. Ayala es reconocido tambi\u00e9n por haber fundado hacia el a\u00f1o 1990 el Ballet Folcl\u00f3rico Argentino. Su vida fue un reflejo de entrega y vocaci\u00f3n hacia la danza, tanto es as\u00ed, que bail\u00f3 hasta los 70 a\u00f1os. \u201cEl Ch\u00facaro\u201d muri\u00f3 en Buenos Aires, el 13 de septiembre de 1994 a los 75 a\u00f1os.<\/div>\n<div dir=\"auto\">Santiago Ayala, conocido como El Ch\u00facaro, (C\u00f3rdoba 16 de octubre de 1918; 13 de septiembre de 1994) fue un destacado bailar\u00edn y core\u00f3grafo argentino, especializado en danzas folkl\u00f3ricas de Argentina. Conocido internacionalmente, fund\u00f3 su propia compa\u00f1\u00eda en los a\u00f1os 1950 y en la d\u00e9cada de 1980 concret\u00f3 su proyecto de crear un Ballet Folkl\u00f3rico Nacional, realizado por decreto-ley del Presidente Ra\u00fal Alfons\u00edn en 1986. Durante cuarenta a\u00f1os, hasta su muerte, form\u00f3 una pareja hist\u00f3rica con Norma Viola.<\/div>\n<div dir=\"auto\">Santiago Ayala naci\u00f3 en el barrio San Vicente de la ciudad de C\u00f3rdoba el 16 de octubre de 1918. A mediados de la d\u00e9cada de 1940, momento en que la m\u00fasica folkl\u00f3rica argentina comenz\u00f3 a ser difundida por los medios de comunicaci\u00f3n nacionales hasta el llamado boom del folklore de la d\u00e9cada de 1950, Ayala adopt\u00f3 el nombre art\u00edstico de &#8220;El Ch\u00facaro&#8221; y form\u00f3 su primera compa\u00f1\u00eda con la bailarina espa\u00f1ola Dolores Rom\u00e1n, llamada &#8220;El Ch\u00facaro y Dolores&#8221;. En 1953 funda la Compa\u00f1\u00eda de Arte Folkl\u00f3rico, con Norma Viola, como primera bailarina, con qui\u00e9n formar\u00e1 pareja de baile desde entonces hasta su fallecimiento cuatro d\u00e9cadas despu\u00e9s.<\/div>\n<div dir=\"auto\">Durante su carrera art\u00edstica, El Ch\u00facaro dise\u00f1\u00f3 unas ciento sesenta obras coreogr\u00e1ficas, de las cuales varias han quedado como coreograf\u00edas cl\u00e1sicas. Una vez recuperada la democracia a fines de 1983, Ayala comenz\u00f3 a gestionar un viejo proyecto, la creaci\u00f3n de un ballet estatal dedicado exclusivamente al folklore. El proyecto lo concret\u00f3 en 1986, cuando el Presidente Ra\u00fal Alfons\u00edn dict\u00f3 un decreto-ley creando el Ballet Folkl\u00f3rico Nacional, que dirigi\u00f3 hasta su muerte. Bail\u00f3 hasta los 70 a\u00f1os.<\/div>\n<div dir=\"auto\">El Ch\u00facaro particip\u00f3 como actor en gran cantidad de teatro, dirigido por El\u00edas Alipi y Enrique Mui\u00f1o y particip\u00f3 en varias pel\u00edculas y actuaciones de televisi\u00f3n. Falleci\u00f3 el 13 de septiembre de 1994.<\/div>\n<div dir=\"auto\">Fuente: Prensa Difusi\u00f3n Corrientes.<\/div>\n","protected":false},"excerpt":{"rendered":"<p>En el a\u00f1o 1998 se declar\u00f3 el 13 de septiembre el D\u00eda del Bailar\u00edn Folcl\u00f3rico, en homenaje a Santiago Ayala, \u201cEl Ch\u00facaro\u201d (1919 \u2013 1994) zapateador, dibujante, bailar\u00edn de danzas nativas y actor. Ayala es reconocido tambi\u00e9n por haber fundado hacia el a\u00f1o 1990 el Ballet Folcl\u00f3rico Argentino. Su vida fue un reflejo de entrega [&hellip;]<\/p>\n","protected":false},"author":2,"featured_media":7856,"comment_status":"closed","ping_status":"closed","sticky":false,"template":"","format":"standard","meta":{"footnotes":""},"categories":[86],"tags":[],"class_list":{"0":"post-7855","1":"post","2":"type-post","3":"status-publish","4":"format-standard","5":"has-post-thumbnail","7":"category-sociedad"},"_links":{"self":[{"href":"https:\/\/radiobitacora.com.ar\/web\/wp-json\/wp\/v2\/posts\/7855","targetHints":{"allow":["GET"]}}],"collection":[{"href":"https:\/\/radiobitacora.com.ar\/web\/wp-json\/wp\/v2\/posts"}],"about":[{"href":"https:\/\/radiobitacora.com.ar\/web\/wp-json\/wp\/v2\/types\/post"}],"author":[{"embeddable":true,"href":"https:\/\/radiobitacora.com.ar\/web\/wp-json\/wp\/v2\/users\/2"}],"replies":[{"embeddable":true,"href":"https:\/\/radiobitacora.com.ar\/web\/wp-json\/wp\/v2\/comments?post=7855"}],"version-history":[{"count":0,"href":"https:\/\/radiobitacora.com.ar\/web\/wp-json\/wp\/v2\/posts\/7855\/revisions"}],"wp:featuredmedia":[{"embeddable":true,"href":"https:\/\/radiobitacora.com.ar\/web\/wp-json\/wp\/v2\/media\/7856"}],"wp:attachment":[{"href":"https:\/\/radiobitacora.com.ar\/web\/wp-json\/wp\/v2\/media?parent=7855"}],"wp:term":[{"taxonomy":"category","embeddable":true,"href":"https:\/\/radiobitacora.com.ar\/web\/wp-json\/wp\/v2\/categories?post=7855"},{"taxonomy":"post_tag","embeddable":true,"href":"https:\/\/radiobitacora.com.ar\/web\/wp-json\/wp\/v2\/tags?post=7855"}],"curies":[{"name":"wp","href":"https:\/\/api.w.org\/{rel}","templated":true}]}}