{"id":7864,"date":"2022-09-13T07:53:43","date_gmt":"2022-09-13T10:53:43","guid":{"rendered":"https:\/\/radiobitacora.com.ar\/web\/?p=7864"},"modified":"2022-09-13T07:53:43","modified_gmt":"2022-09-13T10:53:43","slug":"gustavo-valdes-nacion-no-nos-autoriza-a-comprar-20-camiones-para-los-bomberos","status":"publish","type":"post","link":"https:\/\/radiobitacora.com.ar\/web\/2022\/09\/13\/gustavo-valdes-nacion-no-nos-autoriza-a-comprar-20-camiones-para-los-bomberos\/","title":{"rendered":"Gustavo Vald\u00e9s: &#8220;Naci\u00f3n no nos autoriza a comprar 20 camiones para los bomberos&#8221;"},"content":{"rendered":"<p>El gobernador Gustavo Vald\u00e9s reclam\u00f3 ayer a Naci\u00f3n por las consecuencias de la pol\u00edticas de importaci\u00f3n que impiden la compra de m\u00e1s unidades para el combate de fuego, en el marco de las acciones que est\u00e1n llevando adelante en materia de prevenci\u00f3n y ante el duro pron\u00f3stico para la Provincia por los incendios forestales en el pr\u00f3ximo verano.<\/p>\n<p>En el marco de la entrega de subsidios a productores afectados por los incendios en San Luis del Palmar, el mandatario provincial consultado por Cadena de Radios sobre la situaci\u00f3n provincial ante el pron\u00f3stico adverso anunciado aclar\u00f3 que &#8220;en este momento no tenemos incendios en Corrientes, los que tuvimos son muy aislados&#8221;.<\/p>\n<p>Sobre las acciones y la compra de equipamiento para los bomberos de la provincia, Vald\u00e9s se quej\u00f3 por las pol\u00edticas que impiden el ingreso de las unidades de combate contra el fuego. &#8220;Todav\u00eda no pudimos adquirir todas las camionetas, a pesar de que tenemos recursos, no tenemos los veh\u00edculos. Ya tenemos adquiridas 70 unidades que las estamos equipando, parte de eso es lo que vamos a estar mandando ma\u00f1ana a Jujuy con equipamiento ya hecho&#8221;, reclam\u00f3 y agreg\u00f3 que &#8220;estamos tratando de importar los veh\u00edculos, estamos peleando para que nos autoricen en Buenos Aires comprar camiones de bomberos. No nos autoriza el Gobierno nacional todav\u00eda, as\u00ed que estamos tratando de conseguir lo antes posible, tenemos que comprar unidades para defender nuestros bosques. Son 20 unidades de 0 kil\u00f3metros&#8221;.<\/p>\n<p>&#8220;Por otro lado estamos adquiriendo 30 m\u00e1s, son 50 aparte de los 100 veh\u00edculos que adquirimos. Esperamos recibir todo para el verano y tener todo a disposici\u00f3n de la gente, m\u00e1s todo el trabajo que venimos haciendo con el resto de los Bomberos Voluntarios, que es enorme&#8221;, inform\u00f3.<\/p>\n<p>El viceministro de Ambiente de la Naci\u00f3n, Sergio Federovisky, anticip\u00f3 el pron\u00f3stico de verano en Corrientes e inform\u00f3 ayer que &#8220;es el tercer a\u00f1o consecutivo de sequ\u00edas, con tendencia decreciente en las precipitaciones, lo que implica un d\u00e9ficit h\u00eddrico en la vegetaci\u00f3n; sumado al creciente aumento de la temperatura; \u00a0creemos que va a ser un verano muy complejo y similar al anterior lamentablemente con situaciones de incendios&#8221;.<\/p>\n","protected":false},"excerpt":{"rendered":"<p>El gobernador Gustavo Vald\u00e9s reclam\u00f3 ayer a Naci\u00f3n por las consecuencias de la pol\u00edticas de importaci\u00f3n que impiden la compra de m\u00e1s unidades para el combate de fuego, en el marco de las acciones que est\u00e1n llevando adelante en materia de prevenci\u00f3n y ante el duro pron\u00f3stico para la Provincia por los incendios forestales en [&hellip;]<\/p>\n","protected":false},"author":2,"featured_media":7865,"comment_status":"closed","ping_status":"closed","sticky":false,"template":"","format":"standard","meta":{"footnotes":""},"categories":[79],"tags":[],"class_list":{"0":"post-7864","1":"post","2":"type-post","3":"status-publish","4":"format-standard","5":"has-post-thumbnail","7":"category-politica"},"_links":{"self":[{"href":"https:\/\/radiobitacora.com.ar\/web\/wp-json\/wp\/v2\/posts\/7864","targetHints":{"allow":["GET"]}}],"collection":[{"href":"https:\/\/radiobitacora.com.ar\/web\/wp-json\/wp\/v2\/posts"}],"about":[{"href":"https:\/\/radiobitacora.com.ar\/web\/wp-json\/wp\/v2\/types\/post"}],"author":[{"embeddable":true,"href":"https:\/\/radiobitacora.com.ar\/web\/wp-json\/wp\/v2\/users\/2"}],"replies":[{"embeddable":true,"href":"https:\/\/radiobitacora.com.ar\/web\/wp-json\/wp\/v2\/comments?post=7864"}],"version-history":[{"count":0,"href":"https:\/\/radiobitacora.com.ar\/web\/wp-json\/wp\/v2\/posts\/7864\/revisions"}],"wp:featuredmedia":[{"embeddable":true,"href":"https:\/\/radiobitacora.com.ar\/web\/wp-json\/wp\/v2\/media\/7865"}],"wp:attachment":[{"href":"https:\/\/radiobitacora.com.ar\/web\/wp-json\/wp\/v2\/media?parent=7864"}],"wp:term":[{"taxonomy":"category","embeddable":true,"href":"https:\/\/radiobitacora.com.ar\/web\/wp-json\/wp\/v2\/categories?post=7864"},{"taxonomy":"post_tag","embeddable":true,"href":"https:\/\/radiobitacora.com.ar\/web\/wp-json\/wp\/v2\/tags?post=7864"}],"curies":[{"name":"wp","href":"https:\/\/api.w.org\/{rel}","templated":true}]}}