{"id":7887,"date":"2022-09-13T08:32:35","date_gmt":"2022-09-13T11:32:35","guid":{"rendered":"https:\/\/radiobitacora.com.ar\/web\/?p=7887"},"modified":"2022-09-13T08:32:35","modified_gmt":"2022-09-13T11:32:35","slug":"tras-la-muerte-de-isabel-ii-antigua-y-barbuda-da-el-primer-paso-para-romper-con-la-corona-britanica","status":"publish","type":"post","link":"https:\/\/radiobitacora.com.ar\/web\/2022\/09\/13\/tras-la-muerte-de-isabel-ii-antigua-y-barbuda-da-el-primer-paso-para-romper-con-la-corona-britanica\/","title":{"rendered":"Tras la muerte de Isabel II, Antigua y Barbuda da el primer paso para romper con la Corona brit\u00e1nica"},"content":{"rendered":"<p class=\"com-paragraph  --capital --s\">LONDRES.\u2013 Tras la <a class=\"com-link\" title=\"muerte de la reina Isabel II\" href=\"https:\/\/www.lanacion.com.ar\/el-mundo\/la-muerte-de-isabel-ii-la-emotiva-primera-declaracion-oficial-del-principe-harry-sobre-su-abuela-nid12092022\/\" target=\"_self\" data-reactroot=\"\" rel=\"noopener\">muerte de la reina Isabel II<\/a>, el grupo de\u00a0<strong>14 reinos de la Mancomunidad de Naciones\u00a0<\/strong>(Commonwealth) se enfrenta a un incierto futuro despu\u00e9s de que algunos de los pa\u00edses que la conforman hayan dejado entrever la posibilidad de\u00a0<strong>plantear un futuro republicano<\/strong>,\u00a0<a class=\"com-link\" title=\"fuera de los m\u00e1rgenes de la monarqu\u00eda brit\u00e1nica.\" href=\"https:\/\/www.lanacion.com.ar\/el-mundo\/la-muerte-de-isabel-ii-los-antimonarquicos-ven-una-oportunidad-para-ganar-terreno-en-gran-bretana-y-nid10092022\/\" target=\"_self\" data-reactroot=\"\" rel=\"noopener\">fuera de los m\u00e1rgenes de la monarqu\u00eda brit\u00e1nica.<\/a><\/p>\n<p class=\"com-paragraph   --s\">Fundada a finales de 1926, la Commonwealth busca impulsar la\u00a0<strong>cooperaci\u00f3n pol\u00edtica y econ\u00f3mica<\/strong>\u00a0si bien, desde mediados del siglo pasado, pertenecer a ella no conlleva que los pa\u00edses integrantes deban rendir pleites\u00eda al monarca brit\u00e1nico.<\/p>\n<div class=\"mod-banner --middle_1_dsk  \">\n<div id=\"middle_1_dsk\" class=\"com-banner \" data-slot-group=\"nota\" data-device=\"desktop\" data-subscription=\"true\" data-ad-unit-path=\"\/133919216\/la_nacion_desktop\/Nota\/middle_1_dsk\" data-targeting=\"{&quot;sitio&quot;:&quot;lanacion&quot;,&quot;seccion&quot;:&quot;nota&quot;}\" data-without-hide=\"true\" data-size=\"[[1,1],[640,360],[640,480],[728,90]]\" data-sizemap=\"[]\" data-prebid-enabled=\"true\">\n<div id=\"google_ads_iframe_\/133919216\/la_nacion_desktop\/Nota\/middle_1_dsk_0__container__\"><\/div>\n<\/div>\n<\/div>\n<p class=\"com-paragraph   --s\">Aunque bajo el largo reinado de Isabel II la organizaci\u00f3n ha parecido gozar de cierta estabilidad \u2013pese a la reciente ruptura de Barbados\u2013, tras la muerte de la monarca<strong>\u00a0algunas naciones han abierto la posibilidad de salirse de la Commonwealth.<\/strong><\/p>\n<p class=\"com-paragraph   --s\">El domingo,\u00a0<strong>el primer ministro de Antigua y Barbuda anunci\u00f3 que el pa\u00eds caribe\u00f1o podr\u00eda celebrar un referendo para decidir si se convierte en una rep\u00fablica presidencialista<\/strong>, lo que har\u00eda que el reci\u00e9n proclamado rey Carlos III deje de ser su jefe de Estado.<\/p>\n<div class=\"content-media\">\n<section class=\"mod-media --zoom  \" role=\"button\">\n<figure class=\"mod-figure \" role=\"button\">\n<div class=\"placeholder \"><img loading=\"lazy\" decoding=\"async\" class=\"com-image \" src=\"https:\/\/resizer.glanacion.com\/resizer\/DYqkuUtYyVVnu3XdeaLaF7UKLdo=\/310x0\/filters:format(webp):quality(80)\/cloudfront-us-east-1.images.arcpublishing.com\/lanacionar\/5QRZ5W2GSJGOTMFJYWEZYU7ZGI.jpg\" srcset=\"https:\/\/resizer.glanacion.com\/resizer\/c_6JYdO_Pgrno-OT6vCd9y3AwzY=\/879x0\/filters:format(webp):quality(80)\/cloudfront-us-east-1.images.arcpublishing.com\/lanacionar\/5QRZ5W2GSJGOTMFJYWEZYU7ZGI.jpg 879w, https:\/\/resizer.glanacion.com\/resizer\/NmJjsS82dNl_B2qj1LLqNplNfsI=\/690x0\/filters:format(webp):quality(80)\/cloudfront-us-east-1.images.arcpublishing.com\/lanacionar\/5QRZ5W2GSJGOTMFJYWEZYU7ZGI.jpg 690w, https:\/\/resizer.glanacion.com\/resizer\/rHfc-FqifkA3Oi8kKE4nrzQQOOg=\/768x0\/filters:format(webp):quality(80)\/cloudfront-us-east-1.images.arcpublishing.com\/lanacionar\/5QRZ5W2GSJGOTMFJYWEZYU7ZGI.jpg 768w, https:\/\/resizer.glanacion.com\/resizer\/thJbwLzyeoRc6m8iCbsoS4wGuMo=\/350x0\/filters:format(webp):quality(80)\/cloudfront-us-east-1.images.arcpublishing.com\/lanacionar\/5QRZ5W2GSJGOTMFJYWEZYU7ZGI.jpg 350w, https:\/\/resizer.glanacion.com\/resizer\/DYqkuUtYyVVnu3XdeaLaF7UKLdo=\/310x0\/filters:format(webp):quality(80)\/cloudfront-us-east-1.images.arcpublishing.com\/lanacionar\/5QRZ5W2GSJGOTMFJYWEZYU7ZGI.jpg 310w\" alt=\"Gaston Browne, primer ministro de Antigua y Barbuda.\" width=\"1024\" height=\"576\" \/><\/div><figcaption class=\"mod-figcaption\"><span class=\"com-text --caption --twoxs\">Gaston Browne, primer ministro de Antigua y Barbuda.<\/span><span class=\"com-text --credit --twoxs\">Flickr<\/span><\/figcaption><\/figure>\n<\/section>\n<\/div>\n<div class=\"mod-banner --middle_2_dsk  \">\n<div id=\"middle_2_dsk\" class=\"com-banner \" data-slot-group=\"nota\" data-device=\"desktop\" data-subscription=\"true\" data-ad-unit-path=\"\/133919216\/la_nacion_desktop\/Nota\/middle_2_dsk\" data-targeting=\"{&quot;sitio&quot;:&quot;lanacion&quot;,&quot;seccion&quot;:&quot;nota&quot;}\" data-without-hide=\"true\" data-size=\"[[1,1],[728,90]]\" data-sizemap=\"[]\" data-prebid-enabled=\"true\">\n<div id=\"google_ads_iframe_\/133919216\/la_nacion_desktop\/Nota\/middle_2_dsk_0__container__\"><\/div>\n<\/div>\n<\/div>\n<p class=\"com-paragraph   --s\">Gaston Browne coment\u00f3 que\u00a0<strong>la votaci\u00f3n estar\u00eda pautada para dentro de tres a\u00f1os<\/strong>\u00a0y agreg\u00f3 que\u00a0<strong>no supone un \u201cacto de hostilidad\u201d\u00a0<\/strong>en contra de la corona brit\u00e1nica. El pol\u00edtico hizo los comentarios luego de\u00a0<strong>confirmar al nuevo monarca como soberano de la naci\u00f3n antillana.<\/strong><\/p>\n<p class=\"com-paragraph   --s\">Browne a\u00f1adi\u00f3 que ten\u00eda la intenci\u00f3n de presentar el referendo si era\u00a0<strong>reelegido el pr\u00f3ximo a\u00f1o<\/strong>. Si bien espera ganar esa elecci\u00f3n \u2013su partido tiene 15 de los 17 esca\u00f1os en la C\u00e1mara de Representantes\u2013, admiti\u00f3 que\u00a0<strong>entre la ciudadan\u00eda no ha habido un pedido abrumador para cambiar el sistema pol\u00edtico.<\/strong><\/p>\n<p class=\"com-paragraph   --s\"><strong>\u201cCreo que la mayor\u00eda de la gente ni siquiera se ha molestado en pensar en ello<\/strong>\u201d, dijo a\u00a0<em>ITV News.<\/em><\/p>\n<p class=\"com-paragraph   --s\">Sum\u00e1ndose a Antigua y Barbuda, la primera ministra de Nueva Zelanda,\u00a0<strong>Jacinda Ardern, ha dejado la puerta abierta a que el pa\u00eds oce\u00e1nico se desentienda de la monarqu\u00eda brit\u00e1nica<\/strong>\u00a0y, si bien ha vaticinado que\u00a0<strong>no ser\u00e1 \u201cuna medida a corto plazo\u201d,<\/strong>\u00a0<strong>e incluso el viernes anunci\u00f3 que el nuevo monarca brit\u00e1nico Carlos III ser\u00e1 el nuevo jefe de Estado de Nueva Zelanda, s\u00ed considera que ver\u00e1 este cambio antes de morirse.<\/strong><\/p>\n<div class=\"com-embed --instagram\"><iframe id=\"instagram-embed-1\" class=\"instagram-media instagram-media-rendered\" src=\"https:\/\/www.instagram.com\/p\/CiTDxwWv8Z3\/embed\/captioned\/?cr=1&amp;v=14&amp;wp=658&amp;rd=https%3A%2F%2Fwww.lanacion.com.ar&amp;rp=%2Fel-mundo%2Ftras-la-muerte-de-isabel-ii-antigua-y-barbuda-da-el-primer-paso-para-romper-con-la-corona-britanica-nid12092022%2F#%7B%22ci%22%3A1%2C%22os%22%3A3586.9000000953674%2C%22ls%22%3A241%2C%22le%22%3A768.8000001907349%7D\" height=\"733\" frameborder=\"0\" scrolling=\"no\" allowfullscreen=\"allowfullscreen\" data-instgrm-payload-id=\"instagram-media-payload-1\" data-mce-fragment=\"1\"><\/iframe><\/div>\n<p class=\"com-paragraph   --s\">\u201dHe dejado claro mi punto de vista muchas veces.\u00a0<strong>Creo que (la independencia) es hacia donde se dirigir\u00e1 Nueva Zelanda en el futuro. Es probable que ocurra durante mi vida, pero no hay que verlo como una medida a corto plazo o cualquier cosa que est\u00e9 en al agenda en el corto plazo\u201d<\/strong>, ha dicho Ardern.<\/p>\n<p class=\"com-paragraph   --s\">Por su parte, el primer ministro de Australia, Anthony Albanese, l\u00edder de otro de los grandes pa\u00edses que conforman la Commonwealth, ha reconocido que\u00a0<strong>\u201cahora no es el momento de hablar\u201d<\/strong>\u00a0respecto a la posible marcha del grupo, y ha recordado que\u00a0<strong>Isabel II siempre \u201crespet\u00f3 la autodeterminaci\u00f3n del pueblo australiano\u201d.<\/strong><\/p>\n<p class=\"com-paragraph   --s\">Mientras tanto en\u00a0<strong>Canad\u00e1<\/strong>, aunque estudios demosc\u00f3picos arrojan cierta voluntad independentista,\u00a0<strong>el primer ministro Justin Trudeau parece dejar fuera de su agenda pol\u00edtica este asunto<\/strong>, m\u00e1s a\u00fan teniendo en cuenta que,\u00a0<strong>a nivel constitucional, para aprobar cualquier cambio en este sentido se requiere del apoyo un\u00e1nime de todas las legislaturas provinciales.<\/strong><\/p>\n<h2 class=\"com-title --l\">El Caribe<\/h2>\n<p class=\"com-paragraph   --s\">M\u00e1s decididas parecen estar las autoridades de\u00a0<strong>Jamaica<\/strong>, pues aunque en los \u00faltimos d\u00edas no se hayan pronunciado al respecto,\u00a0<strong>existe en la isla caribe\u00f1a una hist\u00f3rica voluntad de independencia reconocida por el primer ministro, Andrew Holness<\/strong>, el pasado mes de marzo.<\/p>\n<p class=\"com-paragraph   --s\"><strong>En la misma l\u00ednea, en San Vicente y Granadinas, en el pasado se han registrado manifestaciones en contra de la monarqu\u00eda y su jefe de Gobierno, Ralph Gonsalves, propuso en julio celebrar un refer\u00e9ndum,\u00a0<\/strong>si bien reconoci\u00f3 que este tan solo se podr\u00eda llevar a cabo tras un acuerdo con los partidarios de seguir formando parte de la Commonwealth.<\/p>\n<div class=\"content-media\">\n<section class=\"mod-media --zoom  \" role=\"button\">\n<figure class=\"mod-figure \" role=\"button\">\n<div class=\"placeholder \"><img loading=\"lazy\" decoding=\"async\" class=\"com-image \" src=\"https:\/\/resizer.glanacion.com\/resizer\/TSQ6LrKGfP_G7IDjeCS2epbyrqg=\/310x0\/filters:format(webp):quality(80)\/cloudfront-us-east-1.images.arcpublishing.com\/lanacionar\/BT7EQF5WWNDJRFVDN4I6WLC4UA.JPG\" srcset=\"https:\/\/resizer.glanacion.com\/resizer\/zCHRSdQyNnnJG_4GB-ZbZPc_PKU=\/879x0\/filters:format(webp):quality(80)\/cloudfront-us-east-1.images.arcpublishing.com\/lanacionar\/BT7EQF5WWNDJRFVDN4I6WLC4UA.JPG 879w, https:\/\/resizer.glanacion.com\/resizer\/JlkU1Wwc0VXJyO0N1qDbFwjBSUw=\/690x0\/filters:format(webp):quality(80)\/cloudfront-us-east-1.images.arcpublishing.com\/lanacionar\/BT7EQF5WWNDJRFVDN4I6WLC4UA.JPG 690w, https:\/\/resizer.glanacion.com\/resizer\/-dY3qyCGTraMdqc09sFxUE7MseI=\/768x0\/filters:format(webp):quality(80)\/cloudfront-us-east-1.images.arcpublishing.com\/lanacionar\/BT7EQF5WWNDJRFVDN4I6WLC4UA.JPG 768w, https:\/\/resizer.glanacion.com\/resizer\/-lTm8BYfvCImSJGH7W8ku8cGXCg=\/350x0\/filters:format(webp):quality(80)\/cloudfront-us-east-1.images.arcpublishing.com\/lanacionar\/BT7EQF5WWNDJRFVDN4I6WLC4UA.JPG 350w, https:\/\/resizer.glanacion.com\/resizer\/TSQ6LrKGfP_G7IDjeCS2epbyrqg=\/310x0\/filters:format(webp):quality(80)\/cloudfront-us-east-1.images.arcpublishing.com\/lanacionar\/BT7EQF5WWNDJRFVDN4I6WLC4UA.JPG 310w\" alt=\"El pr\u00edncipe Carlos, Pr\u00edncipe de Gales es recibido por Sandra Mason, gobernadora general de Barbados, cuando llega al aeropuerto de Bridgetown el 28 de noviembre de 2021 en Bridgetown, Barbados.\" width=\"4700\" height=\"3134\" \/><\/div><figcaption class=\"mod-figcaption\"><span class=\"com-text --caption --twoxs\">El pr\u00edncipe Carlos, Pr\u00edncipe de Gales es recibido por Sandra Mason, gobernadora general de Barbados, cuando llega al aeropuerto de Bridgetown el 28 de noviembre de 2021 en Bridgetown, Barbados.<\/span><span class=\"com-text --credit --twoxs\">JEFF J MITCHELL &#8211; GETTY IMAGES NORTH AMERICA<\/span><\/figcaption><\/figure>\n<\/section>\n<\/div>\n<p class=\"com-paragraph   --s\">En otro escal\u00f3n se sit\u00faan pa\u00edses como<strong>\u00a0Bahamas, Belice, Granada, San Crist\u00f3bal y Nieves o Santa Luc\u00eda<\/strong>, donde tambi\u00e9n existen movimientos independentistas aunque no se han reactivado en los \u00faltimos tiempos, ni siquiera tras la muerte de Isabel II.<\/p>\n<p class=\"com-paragraph   --s\">As\u00ed,\u00a0<strong>el futuro de la Commonwealth se perfila como uno de los grandes desaf\u00edos que deber\u00e1 enfrentar Carlos III,<\/strong>\u00a0quien, tras a\u00f1os a la espera de tomar el testigo, ya en su primer discurso como rey hizo suyo \u201cel profundo compromiso personal\u201d de su madre con el grupo de naciones.<\/p>\n","protected":false},"excerpt":{"rendered":"<p>LONDRES.\u2013 Tras la muerte de la reina Isabel II, el grupo de\u00a014 reinos de la Mancomunidad de Naciones\u00a0(Commonwealth) se enfrenta a un incierto futuro despu\u00e9s de que algunos de los pa\u00edses que la conforman hayan dejado entrever la posibilidad de\u00a0plantear un futuro republicano,\u00a0fuera de los m\u00e1rgenes de la monarqu\u00eda brit\u00e1nica. Fundada a finales de 1926, [&hellip;]<\/p>\n","protected":false},"author":2,"featured_media":7888,"comment_status":"closed","ping_status":"closed","sticky":false,"template":"","format":"standard","meta":{"footnotes":""},"categories":[80],"tags":[],"class_list":{"0":"post-7887","1":"post","2":"type-post","3":"status-publish","4":"format-standard","5":"has-post-thumbnail","7":"category-internacionales"},"_links":{"self":[{"href":"https:\/\/radiobitacora.com.ar\/web\/wp-json\/wp\/v2\/posts\/7887","targetHints":{"allow":["GET"]}}],"collection":[{"href":"https:\/\/radiobitacora.com.ar\/web\/wp-json\/wp\/v2\/posts"}],"about":[{"href":"https:\/\/radiobitacora.com.ar\/web\/wp-json\/wp\/v2\/types\/post"}],"author":[{"embeddable":true,"href":"https:\/\/radiobitacora.com.ar\/web\/wp-json\/wp\/v2\/users\/2"}],"replies":[{"embeddable":true,"href":"https:\/\/radiobitacora.com.ar\/web\/wp-json\/wp\/v2\/comments?post=7887"}],"version-history":[{"count":0,"href":"https:\/\/radiobitacora.com.ar\/web\/wp-json\/wp\/v2\/posts\/7887\/revisions"}],"wp:featuredmedia":[{"embeddable":true,"href":"https:\/\/radiobitacora.com.ar\/web\/wp-json\/wp\/v2\/media\/7888"}],"wp:attachment":[{"href":"https:\/\/radiobitacora.com.ar\/web\/wp-json\/wp\/v2\/media?parent=7887"}],"wp:term":[{"taxonomy":"category","embeddable":true,"href":"https:\/\/radiobitacora.com.ar\/web\/wp-json\/wp\/v2\/categories?post=7887"},{"taxonomy":"post_tag","embeddable":true,"href":"https:\/\/radiobitacora.com.ar\/web\/wp-json\/wp\/v2\/tags?post=7887"}],"curies":[{"name":"wp","href":"https:\/\/api.w.org\/{rel}","templated":true}]}}