{"id":7911,"date":"2022-09-13T19:28:54","date_gmt":"2022-09-13T22:28:54","guid":{"rendered":"https:\/\/radiobitacora.com.ar\/web\/?p=7911"},"modified":"2022-09-13T19:28:54","modified_gmt":"2022-09-13T22:28:54","slug":"por-que-isabel-ii-fue-la-reina-mas-improbable-de-la-gran-bretana-moderna","status":"publish","type":"post","link":"https:\/\/radiobitacora.com.ar\/web\/2022\/09\/13\/por-que-isabel-ii-fue-la-reina-mas-improbable-de-la-gran-bretana-moderna\/","title":{"rendered":"Por qu\u00e9 Isabel II fue la reina m\u00e1s improbable de la Gran Breta\u00f1a moderna"},"content":{"rendered":"<div class=\"paragraph css-bsgw03\">\n<div>\n<p>La\u00a0<a href=\"https:\/\/www.nationalgeographicla.com\/historia\/2018\/06\/isabel-ii-un-reinado-record-en-15-imagenes\">muerte de la reina Isabel II<\/a>, ocurrida ayer 8 de septiembre a sus 96 a\u00f1os, puso fin al reinado m\u00e1s largo de la monarqu\u00eda brit\u00e1nica. Pero aunque desciende de la realeza,\u00a0<strong>Elizabeth Alexandra Mary Windsor no deb\u00eda ser reina<\/strong>, hasta que una serie de caprichos hist\u00f3ricos la colocaron en el punto de mira de la monarqu\u00eda m\u00e1s visible del mundo.<\/p>\n<p>Esta es la historia de c\u00f3mo la ex monarca brit\u00e1nica alcanz\u00f3 el m\u00e1ximo rango de la corona de Gran Breta\u00f1a.<\/p>\n<h2 class=\"h2\"><strong>Isabel II: \u00e1rbol geneal\u00f3gico de la monarqu\u00eda brit\u00e1nica<\/strong><\/h2>\n<\/div>\n<\/div>\n<div class=\"css-e0dnmk\" tabindex=\"0\" role=\"button\">\n<div class=\"ngart-img ngart-img--small css-bwg4ih\">\n<div class=\"ngart-img__cntr css-1d8by72\"><picture class=\"resp-img-cntr portrait css-1krctsx\"><source srcset=\"https:\/\/static.nationalgeographicla.com\/files\/styles\/image_3200\/public\/hrhb4e.webp?w=320&amp;h=386\" type=\"image\/webp\" media=\"(max-width: 320px)\" \/><source srcset=\"https:\/\/static.nationalgeographicla.com\/files\/styles\/image_3200\/public\/hrhb4e.webp?w=360&amp;h=434\" type=\"image\/webp\" media=\"(max-width: 360px)\" \/><source srcset=\"https:\/\/static.nationalgeographicla.com\/files\/styles\/image_3200\/public\/hrhb4e.webp?w=430&amp;h=518\" type=\"image\/webp\" media=\"(max-width: 430px)\" \/><source srcset=\"https:\/\/static.nationalgeographicla.com\/files\/styles\/image_3200\/public\/hrhb4e.webp?w=500&amp;h=602\" type=\"image\/webp\" media=\"(max-width: 500px)\" \/><source srcset=\"https:\/\/static.nationalgeographicla.com\/files\/styles\/image_3200\/public\/hrhb4e.webp?w=768&amp;h=925\" type=\"image\/webp\" media=\"(max-width: 767px)\" \/><source srcset=\"https:\/\/static.nationalgeographicla.com\/files\/styles\/image_3200\/public\/hrhb4e.webp?w=344&amp;h=414\" type=\"image\/webp\" media=\"(max-width: 1023px)\" \/><source srcset=\"https:\/\/static.nationalgeographicla.com\/files\/styles\/image_3200\/public\/hrhb4e.webp?w=315&amp;h=380\" type=\"image\/webp\" media=\"(max-width: 1599px)\" \/><source title=\"HRHB4E\" srcset=\"https:\/\/static.nationalgeographicla.com\/files\/styles\/image_3200\/public\/hrhb4e.webp?w=315&amp;h=380\" type=\"image\/webp\" \/><img loading=\"lazy\" decoding=\"async\" title=\"HRHB4E\" src=\"https:\/\/static.nationalgeographicla.com\/files\/styles\/image_3200\/public\/hrhb4e.jpg?w=315&amp;h=380\" alt=\"HRHB4E\" width=\"315\" height=\"380\" \/><\/picture><\/div>\n<div class=\"ngart-img__cont css-1o7vb98\">\n<div class=\"ngart-img__cont__copy css-nwu9tn\">\n<p>La reina Victoria rein\u00f3 sobre el Imperio Brit\u00e1nico durante casi 64 a\u00f1os, el m\u00e1s largo de cualquier monarca brit\u00e1nico hasta que su tataranieta Isabel II la super\u00f3 en septiembre de 2015. La reina Isabel ha fallecido tras 70 a\u00f1os de reinado.<\/p>\n<\/div>\n<div class=\"css-2mw2k5\">FOTOGRAF\u00cdA DE\u00a0<span class=\"css-bx3505\">SCIENCE HISTORY IMAGES<\/span>\u00a0ALAMY<\/div>\n<\/div>\n<\/div>\n<\/div>\n<div class=\"paragraph css-bsgw03\">\n<div>\n<p>La tatarabuela de Isabel, Victoria, rein\u00f3 sobre el Imperio Brit\u00e1nico durante casi 64 a\u00f1os, m\u00e1s tiempo que ning\u00fan otro monarca brit\u00e1nico antes de ella. Y no era la primera en la l\u00ednea de sucesi\u00f3n al trono. Era la quinta, pero\u00a0<strong>una serie de muertes la llevaron al poder cuando s\u00f3lo ten\u00eda 18 a\u00f1os<\/strong>.<\/p>\n<p>El hijo mayor de Victoria, Eduardo VII, fue heredero del trono durante d\u00e9cadas, pero su longeva madre impidi\u00f3 su ascenso al trono hasta los 59 a\u00f1os. Rein\u00f3 s\u00f3lo nueve a\u00f1os antes de morir. Para entonces, su hijo mayor, el pr\u00edncipe Alberto V\u00edctor, hab\u00eda muerto con solo 28 a\u00f1os, por lo que su segundo hijo asumi\u00f3 el trono.<\/p>\n<p>Jorge V tuvo un reinado de 25 a\u00f1os y, tras su muerte en 1936, su hijo mayor, Eduardo VIII (t\u00edo de Isabel) asumi\u00f3 el trono. Pero cuando se enamor\u00f3 de la socialit\u00e9 estadounidense Wallis Simpson, dos veces divorciada, decidi\u00f3 abdicar.<\/p>\n<h2 class=\"h2\"><strong>C\u00f3mo lleg\u00f3 Isabel II a la monarqu\u00eda<\/strong><\/h2>\n<p>Esto cre\u00f3 una crisis constitucional, y de nuevo la l\u00ednea de sucesi\u00f3n vir\u00f3 hacia otra rama de la familia. Si Eduardo VIII hubiera tenido hijos propios, podr\u00edan haber dado el paso. En su lugar, el hermano del rey ca\u00eddo en desgracia, Jorge VI, subi\u00f3 al trono a rega\u00f1adientes.<\/p>\n<\/div>\n<\/div>\n<div class=\"css-e0dnmk\" tabindex=\"0\" role=\"button\">\n<div class=\"ngart-img ngart-img--medium css-oq4j4x\">\n<div class=\"ngart-img__cntr css-1d8by72\"><picture class=\"resp-img-cntr landscape css-gh39za\"><source srcset=\"https:\/\/static.nationalgeographicla.com\/files\/styles\/image_3200\/public\/gettyimages-3346501.webp?w=320&amp;h=255\" type=\"image\/webp\" media=\"(max-width: 320px)\" \/><source srcset=\"https:\/\/static.nationalgeographicla.com\/files\/styles\/image_3200\/public\/gettyimages-3346501.webp?w=360&amp;h=287\" type=\"image\/webp\" media=\"(max-width: 360px)\" \/><source srcset=\"https:\/\/static.nationalgeographicla.com\/files\/styles\/image_3200\/public\/gettyimages-3346501.webp?w=430&amp;h=343\" type=\"image\/webp\" media=\"(max-width: 430px)\" \/><source srcset=\"https:\/\/static.nationalgeographicla.com\/files\/styles\/image_3200\/public\/gettyimages-3346501.webp?w=500&amp;h=399\" type=\"image\/webp\" media=\"(max-width: 500px)\" \/><source srcset=\"https:\/\/static.nationalgeographicla.com\/files\/styles\/image_3200\/public\/gettyimages-3346501.webp?w=768&amp;h=612\" type=\"image\/webp\" media=\"(max-width: 767px)\" \/><source srcset=\"https:\/\/static.nationalgeographicla.com\/files\/styles\/image_3200\/public\/gettyimages-3346501.webp?w=900&amp;h=717\" type=\"image\/webp\" media=\"(max-width: 900px)\" \/><source srcset=\"https:\/\/static.nationalgeographicla.com\/files\/styles\/image_3200\/public\/gettyimages-3346501.webp?w=1024&amp;h=816\" type=\"image\/webp\" media=\"(max-width: 1023px)\" \/><source srcset=\"https:\/\/static.nationalgeographicla.com\/files\/styles\/image_3200\/public\/gettyimages-3346501.webp?w=664&amp;h=529\" type=\"image\/webp\" media=\"(max-width: 1279px)\" \/><source srcset=\"https:\/\/static.nationalgeographicla.com\/files\/styles\/image_3200\/public\/gettyimages-3346501.webp?w=710&amp;h=566\" type=\"image\/webp\" media=\"(max-width: 1599px)\" \/><source title=\"Queen As Princess\" srcset=\"https:\/\/static.nationalgeographicla.com\/files\/styles\/image_3200\/public\/gettyimages-3346501.webp?w=710&amp;h=566\" type=\"image\/webp\" \/><img loading=\"lazy\" decoding=\"async\" title=\"Queen As Princess\" src=\"https:\/\/static.nationalgeographicla.com\/files\/styles\/image_3200\/public\/gettyimages-3346501.jpg?w=710&amp;h=566\" alt=\"Queen As Princess\" width=\"710\" height=\"566\" \/><\/picture><\/div>\n<div class=\"ngart-img__cont css-1o7vb98\">\n<div class=\"ngart-img__cont__copy css-nwu9tn\">\n<p>La princesa Isabel (izquierda), m\u00e1s tarde reina Isabel II, monta en su triciclo en un parque de Londres hacia 1935.<\/p>\n<\/div>\n<div class=\"css-2mw2k5\">FOTOGRAF\u00cdA DE\u00a0<span class=\"css-bx3505\">PHOTO VIA KEYSTONE<\/span>\u00a0GETTY IMAGES<\/div>\n<\/div>\n<\/div>\n<\/div>\n<div class=\"paragraph css-bsgw03\">\n<div>\n<p>Al no tener hijos varones (en aquella \u00e9poca, los herederos varones ten\u00edan prioridad debido al sistema de primogenitura masculina del pa\u00eds, una tradici\u00f3n que termin\u00f3 en 2013), su hija primog\u00e9nita,\u00a0<a href=\"https:\/\/www.nationalgeographicla.com\/historia\/la-reina-isabel-ii-revisa-por-primera-vez-su-coronacion\">Isabel, se convirti\u00f3 en la primera en la l\u00ednea de sucesi\u00f3n de la monarqu\u00eda<\/a>.<\/p>\n<p>En el momento de la abdicaci\u00f3n, Isabel ten\u00eda 10 a\u00f1os. Hab\u00eda pasado su infancia tanto en Londres como en el campo cercano. Aunque su casa londinense, situada al borde de Hyde Park, era elegante y grande, no ten\u00eda ning\u00fan tipo de seguridad. La princesa fue educada en casa junto a su hermana menor, Margarita, por diversos tutores.<\/p>\n<h2 class=\"h2\"><strong>La vida de Isabel II como princesa<\/strong><\/h2>\n<p>&#8220;Si la princesa Isabel hubiera crecido para ser una prima o una hermana del monarca, habr\u00eda seguido asumiendo algunas obligaciones reales, pero tambi\u00e9n habr\u00eda disfrutado de una vida m\u00e1s tranquila, con menos escrutinio de la prensa y m\u00e1s tiempo para dedicarse a sus propios intereses&#8221;, dice la historiadora y comentarista real Carolyn Harris.<\/p>\n<p>En cambio,\u00a0<strong>la vida de Isabel cambi\u00f3 radicalmente en 1936, cuando su t\u00edo abdic\u00f3 y su padre se convirti\u00f3 en el Rey Jorge VI<\/strong>. De repente, vivi\u00f3 en el Palacio de Buckingham. Sus movimientos fueron restringidos y su educaci\u00f3n cambi\u00f3. Aunque su institutriz, Marion Crawford, intent\u00f3 darle cierta normalidad a su vida, llev\u00e1ndola a ella y a su hermana de excursi\u00f3n e incluso organizando un grupo de exploradores entre los hijos de los empleados de palacio y una serie de amigos y parientes aristocr\u00e1ticos, la\u00a0<a href=\"https:\/\/www.nationalgeographicla.com\/historia\/2022\/09\/murio-isabel-ii-fotos-exclusivas-del-archivo-de-national-geographic\">vida de Isabel\u00a0<\/a>era cualquier cosa menos normal.<\/p>\n<p>La princesa deb\u00eda dominar los modales de la realeza y conocer la historia, los protocolos y las leyes del pa\u00eds sobre el que un d\u00eda reinar\u00eda. Estudi\u00f3 historia con el archivero real, recibi\u00f3 lecciones de religi\u00f3n del arzobispo de Canterbury y lleg\u00f3 a dominar el franc\u00e9s.<\/p>\n<p>Los expertos no se ponen de acuerdo sobre el alcance de su educaci\u00f3n. Llegar al trono &#8220;debe haber sido extraordinariamente dif\u00edcil para ella, sobre todo porque nunca hab\u00eda ido a la escuela y nunca tuvo esa educaci\u00f3n m\u00e1s amplia que quiz\u00e1s ahora damos por sentada&#8221;, expres\u00f3 el corresponsal real Chris Shop al Daily Express en 2019.<\/p>\n<\/div>\n<\/div>\n<div class=\"css-e0dnmk\" tabindex=\"0\" role=\"button\">\n<div class=\"ngart-img ngart-img--medium css-oq4j4x\">\n<div class=\"ngart-img__cntr css-1d8by72\"><picture class=\"resp-img-cntr landscape css-5x8y4p\"><source srcset=\"https:\/\/static.nationalgeographicla.com\/files\/styles\/image_3200\/public\/gettyimages-3330349.webp?w=320&amp;h=241\" type=\"image\/webp\" media=\"(max-width: 320px)\" \/><source srcset=\"https:\/\/static.nationalgeographicla.com\/files\/styles\/image_3200\/public\/gettyimages-3330349.webp?w=360&amp;h=271\" type=\"image\/webp\" media=\"(max-width: 360px)\" \/><source srcset=\"https:\/\/static.nationalgeographicla.com\/files\/styles\/image_3200\/public\/gettyimages-3330349.webp?w=430&amp;h=324\" type=\"image\/webp\" media=\"(max-width: 430px)\" \/><source srcset=\"https:\/\/static.nationalgeographicla.com\/files\/styles\/image_3200\/public\/gettyimages-3330349.webp?w=500&amp;h=377\" type=\"image\/webp\" media=\"(max-width: 500px)\" \/><source srcset=\"https:\/\/static.nationalgeographicla.com\/files\/styles\/image_3200\/public\/gettyimages-3330349.webp?w=768&amp;h=578\" type=\"image\/webp\" media=\"(max-width: 767px)\" \/><source srcset=\"https:\/\/static.nationalgeographicla.com\/files\/styles\/image_3200\/public\/gettyimages-3330349.webp?w=900&amp;h=678\" type=\"image\/webp\" media=\"(max-width: 900px)\" \/><source srcset=\"https:\/\/static.nationalgeographicla.com\/files\/styles\/image_3200\/public\/gettyimages-3330349.webp?w=1024&amp;h=771\" type=\"image\/webp\" media=\"(max-width: 1023px)\" \/><source srcset=\"https:\/\/static.nationalgeographicla.com\/files\/styles\/image_3200\/public\/gettyimages-3330349.webp?w=664&amp;h=500\" type=\"image\/webp\" media=\"(max-width: 1279px)\" \/><source srcset=\"https:\/\/static.nationalgeographicla.com\/files\/styles\/image_3200\/public\/gettyimages-3330349.webp?w=710&amp;h=535\" type=\"image\/webp\" media=\"(max-width: 1599px)\" \/><source title=\"GettyImages-3330349\" srcset=\"https:\/\/static.nationalgeographicla.com\/files\/styles\/image_3200\/public\/gettyimages-3330349.webp?w=710&amp;h=535\" type=\"image\/webp\" \/><img loading=\"lazy\" decoding=\"async\" title=\"GettyImages-3330349\" src=\"https:\/\/static.nationalgeographicla.com\/files\/styles\/image_3200\/public\/gettyimages-3330349.jpg?w=710&amp;h=535\" alt=\"GettyImages-3330349\" width=\"710\" height=\"535\" \/><\/picture><\/div>\n<div class=\"ngart-img__cont css-1o7vb98\">\n<div class=\"ngart-img__cont__copy css-nwu9tn\">\n<p>La princesa Isabel (a la derecha) y la princesa Margarita (1930-2002) trabajan en pinturas en el aula del Palacio de Buckingham, en Londres, en junio de 1940. Como hija mayor de Jorge VI, Isabel accedi\u00f3 al trono tras su muerte en 1952.<\/p>\n<\/div>\n<div class=\"css-2mw2k5\">FOTOGRAF\u00cdA DE\u00a0<span class=\"css-bx3505\">LISA SHERIDAN<\/span>\u00a0STUDIO LISA, GETTY IMAGES<\/div>\n<\/div>\n<\/div>\n<\/div>\n<div class=\"paragraph css-bsgw03\">\n<div>\n<p>Su padre, que a pesar de su t\u00edmida reserva y su tartamudez se convirti\u00f3 en una figura nacional muy querida, tambi\u00e9n ayud\u00f3, seg\u00fan Harris. &#8220;Isabel aprendi\u00f3 su futuro papel de soberana siguiendo a su padre. Jorge VI no hab\u00eda nacido para ser rey y se sent\u00eda inc\u00f3modo hablando en p\u00fablico, pero estuvo a la altura de las circunstancias&#8221;.\u00a0<strong>El vacilante rey rein\u00f3 hasta su muerte en 1952, cuando Isabel se convirti\u00f3 en reina<\/strong>.<\/p>\n<h2 class=\"h2\"><strong>El deber de Isabel II\u00a0<\/strong><\/h2>\n<p>Una amiga de la infancia, Sonia Berry, cont\u00f3 en 2006 a Andrew Alderson, del\u00a0<em>Sunday Telegraph<\/em>, que la reina Isabel probablemente habr\u00eda elegido una trayectoria vital diferente si hubiera tenido la oportunidad. &#8220;Creo que habr\u00eda sido m\u00e1s feliz casada y viviendo en el campo con sus perros y caballos&#8221;, opin\u00f3 Berry. &#8220;Es un trabajo muy solitario porque, incluso cuando conoce bien a la gente, sigue siendo la Reina, y ah\u00ed sigue habiendo una barrera&#8221;.<\/p>\n<\/div>\n<\/div>\n<div class=\"css-e0dnmk\" tabindex=\"0\" role=\"button\">\n<div class=\"ngart-img ngart-img--medium css-oq4j4x\">\n<div class=\"ngart-img__cntr css-1d8by72\"><picture class=\"resp-img-cntr portrait css-es3f0z\"><source srcset=\"https:\/\/static.nationalgeographicla.com\/files\/styles\/image_3200\/public\/060_archive-1960_nationalgeographic_614649.webp?w=320&amp;h=472\" type=\"image\/webp\" media=\"(max-width: 320px)\" \/><source srcset=\"https:\/\/static.nationalgeographicla.com\/files\/styles\/image_3200\/public\/060_archive-1960_nationalgeographic_614649.webp?w=360&amp;h=530\" type=\"image\/webp\" media=\"(max-width: 360px)\" \/><source srcset=\"https:\/\/static.nationalgeographicla.com\/files\/styles\/image_3200\/public\/060_archive-1960_nationalgeographic_614649.webp?w=430&amp;h=633\" type=\"image\/webp\" media=\"(max-width: 430px)\" \/><source srcset=\"https:\/\/static.nationalgeographicla.com\/files\/styles\/image_3200\/public\/060_archive-1960_nationalgeographic_614649.webp?w=500&amp;h=736\" type=\"image\/webp\" media=\"(max-width: 500px)\" \/><source srcset=\"https:\/\/static.nationalgeographicla.com\/files\/styles\/image_3200\/public\/060_archive-1960_nationalgeographic_614649.webp?w=768&amp;h=1131\" type=\"image\/webp\" media=\"(max-width: 767px)\" \/><source srcset=\"https:\/\/static.nationalgeographicla.com\/files\/styles\/image_3200\/public\/060_archive-1960_nationalgeographic_614649.webp?w=900&amp;h=1325\" type=\"image\/webp\" media=\"(max-width: 900px)\" \/><source srcset=\"https:\/\/static.nationalgeographicla.com\/files\/styles\/image_3200\/public\/060_archive-1960_nationalgeographic_614649.webp?w=1024&amp;h=1508\" type=\"image\/webp\" media=\"(max-width: 1023px)\" \/><source srcset=\"https:\/\/static.nationalgeographicla.com\/files\/styles\/image_3200\/public\/060_archive-1960_nationalgeographic_614649.webp?w=664&amp;h=978\" type=\"image\/webp\" media=\"(max-width: 1279px)\" \/><source srcset=\"https:\/\/static.nationalgeographicla.com\/files\/styles\/image_3200\/public\/060_archive-1960_nationalgeographic_614649.webp?w=710&amp;h=1046\" type=\"image\/webp\" media=\"(max-width: 1599px)\" \/><source title=\"La reina Isabel II, sentada en el Trono Dorado y con la corona enjoyada del Estado, ...\" srcset=\"https:\/\/static.nationalgeographicla.com\/files\/styles\/image_3200\/public\/060_archive-1960_nationalgeographic_614649.webp?w=710&amp;h=1046\" type=\"image\/webp\" \/><img loading=\"lazy\" decoding=\"async\" title=\"La reina Isabel II, sentada en el Trono Dorado y con la corona enjoyada del Estado, ...\" src=\"https:\/\/static.nationalgeographicla.com\/files\/styles\/image_3200\/public\/060_archive-1960_nationalgeographic_614649.jpg?w=710&amp;h=1046\" alt=\"La reina Isabel II, sentada en el Trono Dorado y con la corona enjoyada del Estado, ...\" width=\"710\" height=\"1046\" \/><\/picture><\/div>\n<div class=\"ngart-img__cont css-1o7vb98\">\n<div class=\"ngart-img__cont__copy css-nwu9tn\">\n<p dir=\"ltr\">La reina Isabel II, sentada en el Trono Dorado y con la corona enjoyada del Estado, abre el parlamento en 1960. La reina Isabel particip\u00f3 en el parlamento todos los a\u00f1os de su reinado excepto en 1959 y 1963, cuando estaba embarazada, y en 2022 debido a problemas de movilidad.<\/p>\n<\/div>\n<div class=\"css-2mw2k5\">FOTOGRAF\u00cdA DE\u00a0<span class=\"css-bx3505\">ROBERT GOODMAN<\/span>\u00a0NAT GEO IMAGE COLLECTION<\/div>\n<\/div>\n<\/div>\n<\/div>\n<div class=\"paragraph css-bsgw03\">\n<div>\n<p>En cuanto a la imprevista, aunque fat\u00eddica, serie de acontecimientos que llevaron a Isabel II al trono, la excepci\u00f3n siempre ha sido la regla para la familia real, relata Harris, quien se\u00f1ala que, hasta hace poco, la sucesi\u00f3n sol\u00eda ir en direcciones inesperadas debido a la muerte, la abdicaci\u00f3n o la ausencia de herederos directos en la rama principal de la familia real.<\/p>\n<p>&#8220;La actual sucesi\u00f3n real, en la que hay tres generaciones de herederos masculinos directos (el pr\u00edncipe Carlos, el pr\u00edncipe Guillermo y el pr\u00edncipe Jorge) es comparativamente rara en la historia de la realeza brit\u00e1nica&#8221;, afirma.<\/p>\n<p><strong>Al igual que los que la precedieron, Isabel II ha dejado claro que su deber es servir<\/strong>. &#8220;Declaro ante ustedes que toda mi vida, ya sea larga o corta, estar\u00e1 dedicada a su servicio y al servicio de nuestra gran familia imperial a la que todos pertenecemos&#8221;, prometi\u00f3 a sus futuros s\u00fabditos durante un discurso radiof\u00f3nico pronunciado en su 21\u00ba cumplea\u00f1os, en abril de 1947.<\/p>\n<p>M\u00e1s de 75 a\u00f1os despu\u00e9s, ha cumplido esa promesa, aunque no fuera la que ella quer\u00eda hacer.<\/p>\n<\/div>\n<\/div>\n","protected":false},"excerpt":{"rendered":"<p>La\u00a0muerte de la reina Isabel II, ocurrida ayer 8 de septiembre a sus 96 a\u00f1os, puso fin al reinado m\u00e1s largo de la monarqu\u00eda brit\u00e1nica. Pero aunque desciende de la realeza,\u00a0Elizabeth Alexandra Mary Windsor no deb\u00eda ser reina, hasta que una serie de caprichos hist\u00f3ricos la colocaron en el punto de mira de la monarqu\u00eda [&hellip;]<\/p>\n","protected":false},"author":2,"featured_media":7912,"comment_status":"closed","ping_status":"closed","sticky":false,"template":"","format":"standard","meta":{"footnotes":""},"categories":[80],"tags":[],"class_list":{"0":"post-7911","1":"post","2":"type-post","3":"status-publish","4":"format-standard","5":"has-post-thumbnail","7":"category-internacionales"},"_links":{"self":[{"href":"https:\/\/radiobitacora.com.ar\/web\/wp-json\/wp\/v2\/posts\/7911","targetHints":{"allow":["GET"]}}],"collection":[{"href":"https:\/\/radiobitacora.com.ar\/web\/wp-json\/wp\/v2\/posts"}],"about":[{"href":"https:\/\/radiobitacora.com.ar\/web\/wp-json\/wp\/v2\/types\/post"}],"author":[{"embeddable":true,"href":"https:\/\/radiobitacora.com.ar\/web\/wp-json\/wp\/v2\/users\/2"}],"replies":[{"embeddable":true,"href":"https:\/\/radiobitacora.com.ar\/web\/wp-json\/wp\/v2\/comments?post=7911"}],"version-history":[{"count":0,"href":"https:\/\/radiobitacora.com.ar\/web\/wp-json\/wp\/v2\/posts\/7911\/revisions"}],"wp:featuredmedia":[{"embeddable":true,"href":"https:\/\/radiobitacora.com.ar\/web\/wp-json\/wp\/v2\/media\/7912"}],"wp:attachment":[{"href":"https:\/\/radiobitacora.com.ar\/web\/wp-json\/wp\/v2\/media?parent=7911"}],"wp:term":[{"taxonomy":"category","embeddable":true,"href":"https:\/\/radiobitacora.com.ar\/web\/wp-json\/wp\/v2\/categories?post=7911"},{"taxonomy":"post_tag","embeddable":true,"href":"https:\/\/radiobitacora.com.ar\/web\/wp-json\/wp\/v2\/tags?post=7911"}],"curies":[{"name":"wp","href":"https:\/\/api.w.org\/{rel}","templated":true}]}}