{"id":7941,"date":"2022-09-14T08:10:17","date_gmt":"2022-09-14T11:10:17","guid":{"rendered":"https:\/\/radiobitacora.com.ar\/web\/?p=7941"},"modified":"2022-09-14T08:10:17","modified_gmt":"2022-09-14T11:10:17","slug":"las-manos-hinchadas-del-rey-carlos-iii-que-dicen-los-especialistas-sobre-la-llamativa-inflamacion","status":"publish","type":"post","link":"https:\/\/radiobitacora.com.ar\/web\/2022\/09\/14\/las-manos-hinchadas-del-rey-carlos-iii-que-dicen-los-especialistas-sobre-la-llamativa-inflamacion\/","title":{"rendered":"Las manos hinchadas del rey Carlos III: qu\u00e9 dicen los especialistas sobre la llamativa inflamaci\u00f3n"},"content":{"rendered":"<p class=\"paragraph\">Tras la muerte de la\u00a0<b>reina Isabel II\u00a0<\/b>el pasado jueves y la proclamaci\u00f3n del nuevo monarca\u00a0<b>Carlos III<\/b>, la exposici\u00f3n p\u00fablica del flamante rey se increment\u00f3 en los \u00faltimos d\u00edas. Sin embargo, pese a que su imagen es p\u00fablicamente reconocida, llam\u00f3 la atenci\u00f3n\u00a0<b>el aspecto de sus manos, notoriamente hinchadas<\/b>, lo que desencaden\u00f3 toda serie de especulaciones sobre su estado de salud.<\/p>\n<p class=\"paragraph\">Si bien es esta caracter\u00edstica del flamante rey ya hab\u00eda sido resaltada en los medios en el pasado, su actual rol al frente de la corona del Reino Unido hace que la salud de Carlos III sea -literalmente- una cuesti\u00f3n de Estado.<\/p>\n<p class=\"paragraph\">La imagen de las manos del rey en cada uno de los actos oficiales en los que particip\u00f3 en los \u00faltimos d\u00edas se viralizaron y dieron lugar a todo tipo de conjeturas.<\/p>\n<div class=\"visual__image\"><img loading=\"lazy\" decoding=\"async\" class=\"\" src=\"https:\/\/cloudfront-us-east-1.images.arcpublishing.com\/infobae\/ARKWODGUMJH4LOQSKVOMYYQNAE.jpg\" sizes=\"auto, (min-width: 800px) 50vw, 90vw\" srcset=\"https:\/\/www.infobae.com\/new-resizer\/9HJy72RH7xjjkmBLMNtvYYaJ7gU=\/420x280\/filters:format(webp):quality(85)\/cloudfront-us-east-1.images.arcpublishing.com\/infobae\/ARKWODGUMJH4LOQSKVOMYYQNAE.jpg 420w,https:\/\/www.infobae.com\/new-resizer\/-ONqjIXmAEBaHjB8467U_Wx461g=\/768x512\/filters:format(webp):quality(85)\/cloudfront-us-east-1.images.arcpublishing.com\/infobae\/ARKWODGUMJH4LOQSKVOMYYQNAE.jpg 768w,https:\/\/www.infobae.com\/new-resizer\/kNafQP1eGVdDSZJOlLP1r268oOA=\/992x661\/filters:format(webp):quality(85)\/cloudfront-us-east-1.images.arcpublishing.com\/infobae\/ARKWODGUMJH4LOQSKVOMYYQNAE.jpg 992w,https:\/\/www.infobae.com\/new-resizer\/6ZngNvmdTwOZUMIIuSKB7sZUgHU=\/1200x800\/filters:format(webp):quality(85)\/cloudfront-us-east-1.images.arcpublishing.com\/infobae\/ARKWODGUMJH4LOQSKVOMYYQNAE.jpg 1200w,https:\/\/www.infobae.com\/new-resizer\/OGQWy8ib9P0gA1CaBMVDmlrJ1vc=\/1440x960\/filters:format(webp):quality(85)\/cloudfront-us-east-1.images.arcpublishing.com\/infobae\/ARKWODGUMJH4LOQSKVOMYYQNAE.jpg 1440w\" alt=\"En el acto de proclamaci\u00f3n, las manos de Carlos III se ve\u00edan enrojecidas e hinchadas (AP)\" width=\"1920\" height=\"1280\" \/>En el acto de proclamaci\u00f3n, las manos de Carlos III se ve\u00edan enrojecidas e hinchadas (AP)<\/div>\n<p class=\"paragraph\">Lo cierto es que hasta el momento, no existe un pronunciamiento oficial sobre el estado de salud del monarca, y los registros dan cuenta de que los dedos hinchados es algo que el ahora rey sufre desde hace a\u00f1os. \u00c9l mismo, incluso, los llam\u00f3 en broma\u00a0<b>\u201cdedos de salchicha\u201d\u00a0<\/b>en 2012 al bajar del avi\u00f3n durante una gira en Australia despu\u00e9s de un largo vuelo.<\/p>\n<p class=\"paragraph\"><b>La retenci\u00f3n de l\u00edquidos<\/b>\u00a0es una consecuencia habitual en algunas personas luego de muchas horas en un avi\u00f3n. Pero es verdad que este tipo de traslado no es la \u00fanica posible causa de un\u00a0<b>edema<\/b>.<\/p>\n<p class=\"paragraph\">El\u00a0<b>doctor Gareth Nye<\/b>\u00a0es profesor titular de la Universidad de Chester, en Reino Unido, y explic\u00f3 que \u201cel\u00a0<b>edema<\/b>\u00a0es una afecci\u00f3n en la que el cuerpo comienza a retener l\u00edquidos en las extremidades, normalmente en las piernas y los tobillos, pero tambi\u00e9n en los dedos, lo que hace que se hinchen\u201d.<\/p>\n<p class=\"paragraph\">\u201cPara ver si esta es la causa, al presionar el \u00e1rea hinchada durante unos 15 segundos se provocar\u00eda una depresi\u00f3n en el \u00e1rea, que tarda en volver a elevarse\u201d, dijo en declaraciones al<i>\u00a0Daily Star.<\/i><\/p>\n<div class=\"visual__image\"><img loading=\"lazy\" decoding=\"async\" class=\"\" src=\"https:\/\/cloudfront-us-east-1.images.arcpublishing.com\/infobae\/V44IKXNS6NFTDPTQD6V4GKYLVU.jpg\" sizes=\"auto, (min-width: 800px) 50vw, 90vw\" srcset=\"https:\/\/www.infobae.com\/new-resizer\/v41iTW9MT2vPXnSyD9wvHkgAOHQ=\/420x236\/filters:format(webp):quality(85)\/cloudfront-us-east-1.images.arcpublishing.com\/infobae\/V44IKXNS6NFTDPTQD6V4GKYLVU.jpg 420w,https:\/\/www.infobae.com\/new-resizer\/_s6QVCVDas06bG4Vmj6wEDDnIhI=\/768x432\/filters:format(webp):quality(85)\/cloudfront-us-east-1.images.arcpublishing.com\/infobae\/V44IKXNS6NFTDPTQD6V4GKYLVU.jpg 768w,https:\/\/www.infobae.com\/new-resizer\/a9VaTRCqF2Jp2i5oXtw0GNmBk9Y=\/992x558\/filters:format(webp):quality(85)\/cloudfront-us-east-1.images.arcpublishing.com\/infobae\/V44IKXNS6NFTDPTQD6V4GKYLVU.jpg 992w,https:\/\/www.infobae.com\/new-resizer\/CS0Yc3MDobNMS6fxIW4S2D4RCn0=\/1200x675\/filters:format(webp):quality(85)\/cloudfront-us-east-1.images.arcpublishing.com\/infobae\/V44IKXNS6NFTDPTQD6V4GKYLVU.jpg 1200w,https:\/\/www.infobae.com\/new-resizer\/DmS9d5BbiczkVqL14ce38JyVrrk=\/1440x810\/filters:format(webp):quality(85)\/cloudfront-us-east-1.images.arcpublishing.com\/infobae\/V44IKXNS6NFTDPTQD6V4GKYLVU.jpg 1440w\" alt=\"Durante el encuentro del monarca con la primera ministra Liz Truss tambi\u00e9n llamaron la atenci\u00f3n las manos hinchadas de Carlos III (Reuters) \" width=\"1920\" height=\"1080\" \/>Durante el encuentro del monarca con la primera ministra Liz Truss tambi\u00e9n llamaron la atenci\u00f3n las manos hinchadas de Carlos III (Reuters)<\/div>\n<p class=\"paragraph\">Las mujeres son m\u00e1s propensas a tener edema que los hombres porque su hormona femenina, la progesterona, tiende a causar la condici\u00f3n, dejando a algunas mujeres con los tobillos hinchados, por ejemplo, antes de su per\u00edodo. El embarazo es otro momento en que las mujeres pueden sufrir la edematizaci\u00f3n de sus extremidades, y en este caso tiene que ver con la dificultad que se presenta para el normal retorno venoso durante la gestaci\u00f3n.<\/p>\n<p class=\"paragraph\">En tanto las personas mayores pueden desarrollar el trastorno si permanecen sentadas o acostadas durante largos per\u00edodos de tiempo.\u00a0<b>El rey Carlos III<\/b>\u00a0fue fotografiado muchas veces con las manos y los pies notablemente hinchados, en especial despu\u00e9s de largos per\u00edodos de vuelo o durante su estad\u00eda en pa\u00edses c\u00e1lidos.<\/p>\n<p class=\"paragraph\"><b>Otra raz\u00f3n potencial para los \u201cdedos de salchicha\u201d es la artritis.<\/b><\/p>\n<p class=\"paragraph\">\u201cLa artritis, otra condici\u00f3n com\u00fan en los mayores de 60 a\u00f1os, a menudo afecta tres \u00e1reas principales de la mano: la articulaci\u00f3n del pulgar o cualquiera de las articulaciones de los dedos\u201d, precis\u00f3 Nye, quien se\u00f1al\u00f3 que \u201clos dedos generalmente se vuelven r\u00edgidos, dolorosos e hinchados y aunque la medicaci\u00f3n puede ayudar con el dolor, la hinchaz\u00f3n puede permanecer\u201d.<\/p>\n<div class=\"visual__image\"><img loading=\"lazy\" decoding=\"async\" class=\"\" src=\"https:\/\/cloudfront-us-east-1.images.arcpublishing.com\/infobae\/ZURJFUT42NF4LHTES62PHMXUJA.jpg\" sizes=\"auto, (min-width: 800px) 50vw, 90vw\" srcset=\"https:\/\/www.infobae.com\/new-resizer\/aYGJV3omi1aLt1IeU1noa9hqyaw=\/420x236\/filters:format(webp):quality(85)\/cloudfront-us-east-1.images.arcpublishing.com\/infobae\/ZURJFUT42NF4LHTES62PHMXUJA.jpg 420w,https:\/\/www.infobae.com\/new-resizer\/cYcag6OHoPnLx26WiUWlIKBidXc=\/768x432\/filters:format(webp):quality(85)\/cloudfront-us-east-1.images.arcpublishing.com\/infobae\/ZURJFUT42NF4LHTES62PHMXUJA.jpg 768w,https:\/\/www.infobae.com\/new-resizer\/D2DLXVf7b3QGf2nb7X1bFw9mpoU=\/992x558\/filters:format(webp):quality(85)\/cloudfront-us-east-1.images.arcpublishing.com\/infobae\/ZURJFUT42NF4LHTES62PHMXUJA.jpg 992w,https:\/\/www.infobae.com\/new-resizer\/udlq56R1-MyLDqmInd6DdeCFnGU=\/1200x675\/filters:format(webp):quality(85)\/cloudfront-us-east-1.images.arcpublishing.com\/infobae\/ZURJFUT42NF4LHTES62PHMXUJA.jpg 1200w,https:\/\/www.infobae.com\/new-resizer\/lrtlTKY4l9vQ73X7Pwk3jE6mX9U=\/1440x810\/filters:format(webp):quality(85)\/cloudfront-us-east-1.images.arcpublishing.com\/infobae\/ZURJFUT42NF4LHTES62PHMXUJA.jpg 1440w\" alt=\"Un pol\u00e9mico gesto del rey durante la firma de su proclama ya se hab\u00eda vuelto viral el fin de semana\" width=\"1920\" height=\"1080\" \/>Un pol\u00e9mico gesto del rey durante la firma de su proclama ya se hab\u00eda vuelto viral el fin de semana<\/div>\n<p class=\"paragraph\"><b>Una dieta alta en sal<\/b>\u00a0o bien medicamentos espec\u00edficos como los que se indican para tratar\u00a0<b>la presi\u00f3n arterial alta<\/b>\u00a0pueden ser otro causal de manos y pies hinchados.<\/p>\n<p class=\"paragraph\">Alejandro Mac\u00edas es m\u00e9dico infect\u00f3logo y excomisionado contra la influenza en M\u00e9xico, y sobre el tema de las \u00faltimas horas en las redes sociales se refiri\u00f3 en su cuenta de Twitter. El especialista se\u00f1al\u00f3 que el edema, es decir la hinchaz\u00f3n de las manos del monarca podr\u00eda deberse a que sufra de \u201cartritis o insuficiencia del h\u00edgado, los ri\u00f1ones o el coraz\u00f3n\u201d. Y apunt\u00f3 que no es la primera vez que Carlos III tiene una aparici\u00f3n p\u00fablica en la que sus manos se ven as\u00ed.<\/p>\n<p class=\"paragraph\">En su publicaci\u00f3n en redes sociales, el infect\u00f3logo agreg\u00f3 una imagen en la que aparece el monarca con la primera ministra del Reino Unido, Liz Truss y claramente se observan las manos hinchadas de Carlos III.<\/p>\n","protected":false},"excerpt":{"rendered":"<p>Tras la muerte de la\u00a0reina Isabel II\u00a0el pasado jueves y la proclamaci\u00f3n del nuevo monarca\u00a0Carlos III, la exposici\u00f3n p\u00fablica del flamante rey se increment\u00f3 en los \u00faltimos d\u00edas. Sin embargo, pese a que su imagen es p\u00fablicamente reconocida, llam\u00f3 la atenci\u00f3n\u00a0el aspecto de sus manos, notoriamente hinchadas, lo que desencaden\u00f3 toda serie de especulaciones sobre [&hellip;]<\/p>\n","protected":false},"author":2,"featured_media":7942,"comment_status":"closed","ping_status":"closed","sticky":false,"template":"","format":"standard","meta":{"footnotes":""},"categories":[80],"tags":[],"class_list":{"0":"post-7941","1":"post","2":"type-post","3":"status-publish","4":"format-standard","5":"has-post-thumbnail","7":"category-internacionales"},"_links":{"self":[{"href":"https:\/\/radiobitacora.com.ar\/web\/wp-json\/wp\/v2\/posts\/7941","targetHints":{"allow":["GET"]}}],"collection":[{"href":"https:\/\/radiobitacora.com.ar\/web\/wp-json\/wp\/v2\/posts"}],"about":[{"href":"https:\/\/radiobitacora.com.ar\/web\/wp-json\/wp\/v2\/types\/post"}],"author":[{"embeddable":true,"href":"https:\/\/radiobitacora.com.ar\/web\/wp-json\/wp\/v2\/users\/2"}],"replies":[{"embeddable":true,"href":"https:\/\/radiobitacora.com.ar\/web\/wp-json\/wp\/v2\/comments?post=7941"}],"version-history":[{"count":0,"href":"https:\/\/radiobitacora.com.ar\/web\/wp-json\/wp\/v2\/posts\/7941\/revisions"}],"wp:featuredmedia":[{"embeddable":true,"href":"https:\/\/radiobitacora.com.ar\/web\/wp-json\/wp\/v2\/media\/7942"}],"wp:attachment":[{"href":"https:\/\/radiobitacora.com.ar\/web\/wp-json\/wp\/v2\/media?parent=7941"}],"wp:term":[{"taxonomy":"category","embeddable":true,"href":"https:\/\/radiobitacora.com.ar\/web\/wp-json\/wp\/v2\/categories?post=7941"},{"taxonomy":"post_tag","embeddable":true,"href":"https:\/\/radiobitacora.com.ar\/web\/wp-json\/wp\/v2\/tags?post=7941"}],"curies":[{"name":"wp","href":"https:\/\/api.w.org\/{rel}","templated":true}]}}