{"id":7980,"date":"2022-09-15T07:14:02","date_gmt":"2022-09-15T10:14:02","guid":{"rendered":"https:\/\/radiobitacora.com.ar\/web\/?p=7980"},"modified":"2022-09-15T07:14:02","modified_gmt":"2022-09-15T10:14:02","slug":"la-inflacion-trepo-al-7-en-agosto-y-acumulo-564-en-ocho-meses","status":"publish","type":"post","link":"https:\/\/radiobitacora.com.ar\/web\/2022\/09\/15\/la-inflacion-trepo-al-7-en-agosto-y-acumulo-564-en-ocho-meses\/","title":{"rendered":"La inflaci\u00f3n trep\u00f3 al 7 % en agosto y acumul\u00f3 56,4 % en ocho meses"},"content":{"rendered":"<p>La inflaci\u00f3n de agosto fue de 7% y alcanz\u00f3 en t\u00e9rminos interanuales el 78,5%, inform\u00f3 ayer el Indec. En los primeros ocho meses del a\u00f1o, de esta manera, la suba de precios trep\u00f3 hasta 56,4 por ciento.<\/p>\n<p>De esta forma, el \u00edndice inflacionario registr\u00f3 una leve desaceleraci\u00f3n respecto al r\u00e9cord mensual de 7,4% que hab\u00eda registrado en julio, que configur\u00f3 el n\u00famero m\u00e1s alto en 20 a\u00f1os. De la misma manera, la inflaci\u00f3n acumulada en los \u00faltimos doce meses toc\u00f3 su punto m\u00e1s alto en poco m\u00e1s de 30 a\u00f1os.<\/p>\n<p>As\u00ed, adem\u00e1s, el IPC de agosto super\u00f3 otro pico que hab\u00eda tocado el \u00edndice de precios al consumidor este mismo a\u00f1o, cuando alcanz\u00f3 el 6,7% en marzo como consecuencia de la escalada de precios internacional que impact\u00f3 en los valores de bienes y productos locales.<\/p>\n<p>La tendencia de desaceleraci\u00f3n de la inflaci\u00f3n solo se prolong\u00f3 durante dos meses, en abril (6%) y mayo (5,1%), pero revirti\u00f3 la tendencia en junio con un 5,3 por ciento. Ya para julio y agosto, los n\u00fameros de inflaci\u00f3n estuvieron fuertemente influenciados por el descalabro cambiario que le sigui\u00f3 a la renuncia de Mart\u00edn Guzm\u00e1n en el Ministerio de Econom\u00eda y que llev\u00f3 a los d\u00f3lares paralelos a cotizaciones que orillaron los $350 durante el interinato de Silvina Batakis en el Palacio de Hacienda.<\/p>\n<div class=\"container_publi\" data-tipo=\"tipo_desktop \" data-pos=\"AMP_P1_cuerpo\"><\/div>\n<p>Sergio Massa plante\u00f3 en su primer paquete de medidas algunas decisiones de pol\u00edtica monetaria y fiscal para enfrentar la aceleraci\u00f3n de precios. En ese sentido se leen el corte en la emisi\u00f3n monetaria desde el Banco Central para asistir al Tesoro, y un ajuste y fuerte control de la ejecuci\u00f3n presupuestaria para mantener a raya el gasto p\u00fablico en lo que queda del 2022 y poder cumplir con la meta de reducci\u00f3n de d\u00e9ficit acordada con el Fondo Monetario.<\/p>\n<p>Otra pata de ese plan es el de convalidar un marcado ajuste en las tasas de inter\u00e9s tanto del Banco Central como de la Secretar\u00eda de Finanzas a trav\u00e9s de los bonos que ofrece a los inversores para conseguir financiamiento en pesos.<\/p>\n<p>Este jueves el Bcra reunir\u00e1 a su directorio y se debatir\u00e1 un nuevo reajuste del inter\u00e9s de la tasa de pol\u00edtica monetaria y del piso de rendimiento de los plazos fijos para los ahorristas. Se espera que ese movimiento de tasas lleve el inter\u00e9s efectivo anual a un terreno cercano al 100 por ciento, en l\u00ednea con algunas de las expectativas del sector privado. El viernes ser\u00e1 el turno de Finanzas con una nueva colocaci\u00f3n de deuda en moneda local. Otro elemento cr\u00edtico: seg\u00fan el mercado, la expectativa de que la situaci\u00f3n mejore el a\u00f1o pr\u00f3ximo es leve, ya que las estimaciones para 2023 vienen con fuertes \u201cremarcaciones\u201d y ya se ubica en promedio en 84,1%, seg\u00fan el REM, con consultoras que se estiran hasta 113,6 por ciento.<\/p>\n","protected":false},"excerpt":{"rendered":"<p>La inflaci\u00f3n de agosto fue de 7% y alcanz\u00f3 en t\u00e9rminos interanuales el 78,5%, inform\u00f3 ayer el Indec. En los primeros ocho meses del a\u00f1o, de esta manera, la suba de precios trep\u00f3 hasta 56,4 por ciento. De esta forma, el \u00edndice inflacionario registr\u00f3 una leve desaceleraci\u00f3n respecto al r\u00e9cord mensual de 7,4% que hab\u00eda [&hellip;]<\/p>\n","protected":false},"author":2,"featured_media":7981,"comment_status":"closed","ping_status":"closed","sticky":false,"template":"","format":"standard","meta":{"footnotes":""},"categories":[65],"tags":[],"class_list":{"0":"post-7980","1":"post","2":"type-post","3":"status-publish","4":"format-standard","5":"has-post-thumbnail","7":"category-economia"},"_links":{"self":[{"href":"https:\/\/radiobitacora.com.ar\/web\/wp-json\/wp\/v2\/posts\/7980","targetHints":{"allow":["GET"]}}],"collection":[{"href":"https:\/\/radiobitacora.com.ar\/web\/wp-json\/wp\/v2\/posts"}],"about":[{"href":"https:\/\/radiobitacora.com.ar\/web\/wp-json\/wp\/v2\/types\/post"}],"author":[{"embeddable":true,"href":"https:\/\/radiobitacora.com.ar\/web\/wp-json\/wp\/v2\/users\/2"}],"replies":[{"embeddable":true,"href":"https:\/\/radiobitacora.com.ar\/web\/wp-json\/wp\/v2\/comments?post=7980"}],"version-history":[{"count":0,"href":"https:\/\/radiobitacora.com.ar\/web\/wp-json\/wp\/v2\/posts\/7980\/revisions"}],"wp:featuredmedia":[{"embeddable":true,"href":"https:\/\/radiobitacora.com.ar\/web\/wp-json\/wp\/v2\/media\/7981"}],"wp:attachment":[{"href":"https:\/\/radiobitacora.com.ar\/web\/wp-json\/wp\/v2\/media?parent=7980"}],"wp:term":[{"taxonomy":"category","embeddable":true,"href":"https:\/\/radiobitacora.com.ar\/web\/wp-json\/wp\/v2\/categories?post=7980"},{"taxonomy":"post_tag","embeddable":true,"href":"https:\/\/radiobitacora.com.ar\/web\/wp-json\/wp\/v2\/tags?post=7980"}],"curies":[{"name":"wp","href":"https:\/\/api.w.org\/{rel}","templated":true}]}}