{"id":7993,"date":"2022-09-15T07:33:53","date_gmt":"2022-09-15T10:33:53","guid":{"rendered":"https:\/\/radiobitacora.com.ar\/web\/?p=7993"},"modified":"2022-09-15T07:33:53","modified_gmt":"2022-09-15T10:33:53","slug":"el-triste-cumpleanos-de-harry-marginado-en-la-despedida-de-la-reina-y-con-el-recuerdo-del-dia-que-lloro-a-su-madre","status":"publish","type":"post","link":"https:\/\/radiobitacora.com.ar\/web\/2022\/09\/15\/el-triste-cumpleanos-de-harry-marginado-en-la-despedida-de-la-reina-y-con-el-recuerdo-del-dia-que-lloro-a-su-madre\/","title":{"rendered":"El triste cumplea\u00f1os de Harry: marginado en la despedida de la reina y con el recuerdo del d\u00eda que llor\u00f3 a su madre"},"content":{"rendered":"<p class=\"paragraph\">Cumplir a\u00f1os es distinto para cada persona. Algunos eligen celebrarlo con amigos y familiares en una gran fiesta. Otros prefieren que la fecha pase r\u00e1pido, como un d\u00eda m\u00e1s y est\u00e1n los que optan por una situaci\u00f3n intermedia, algo \u00edntimo y con pocas personas. Pero seguramente\u00a0<b>ninguna persona del mundo elegir\u00eda celebrarlo ante cientos de c\u00e1maras, con un protocolo a seguir y en el multitudinario funeral de una persona que para todos fue la Reina pero para \u00e9l fue su abuela<\/b>. Y sin embarg\u00f3 as\u00ed es como el pr\u00edncipe Harry transita su cumplea\u00f1os 38.<\/p>\n<p class=\"paragraph\">\u201cAbuela, aunque esta despedida final nos produce una gran tristeza, estoy eternamente agradecido por todos nuestros encuentros, desde mis primeros recuerdos de infancia, hasta nuestro primer encuentro como Comandante en Jefe,\u00a0<b>pasando por el primer momento en que conociste a mi querida esposa y abrazaste a tus bisnietos\u201d,<\/b>\u00a0fueron las primeras p\u00fablicas que el hijo menor de Carlos III pronunci\u00f3 ante la muerte de la monarca que marc\u00f3 la vida de los brit\u00e1nicos.<\/p>\n<div class=\"visual__image\"><img loading=\"lazy\" decoding=\"async\" class=\"\" src=\"https:\/\/cloudfront-us-east-1.images.arcpublishing.com\/infobae\/LQZ5LDBZ6TIZTEIWRC56ZJDQNI.jpg\" sizes=\"auto, (min-width: 800px) 50vw, 90vw\" srcset=\"https:\/\/www.infobae.com\/new-resizer\/_zgOYdPl4k3_7ukloGWu9K-8Dqo=\/420x630\/filters:format(webp):quality(85)\/cloudfront-us-east-1.images.arcpublishing.com\/infobae\/LQZ5LDBZ6TIZTEIWRC56ZJDQNI.jpg 420w,https:\/\/www.infobae.com\/new-resizer\/5UiLaflXw0M7OwXlnu-ExOtnzm0=\/768x1152\/filters:format(webp):quality(85)\/cloudfront-us-east-1.images.arcpublishing.com\/infobae\/LQZ5LDBZ6TIZTEIWRC56ZJDQNI.jpg 768w,https:\/\/www.infobae.com\/new-resizer\/FYLmvhMRjsjqplXgKW-3WikR9uk=\/992x1488\/filters:format(webp):quality(85)\/cloudfront-us-east-1.images.arcpublishing.com\/infobae\/LQZ5LDBZ6TIZTEIWRC56ZJDQNI.jpg 992w,https:\/\/www.infobae.com\/new-resizer\/WDDWPwH2elXDKE5jGE-IneNrJ_U=\/1200x1800\/filters:format(webp):quality(85)\/cloudfront-us-east-1.images.arcpublishing.com\/infobae\/LQZ5LDBZ6TIZTEIWRC56ZJDQNI.jpg 1200w\" alt=\"Apenas supo de la muerte de su abuela, Harry expres\u00f3 el agradecimiento que sent\u00eda por ella  Christopher Furlong\/Pool via REUTERS\" width=\"2000\" height=\"3000\" \/>Apenas supo de la muerte de su abuela, Harry expres\u00f3 el agradecimiento que sent\u00eda por ella Christopher Furlong\/Pool via REUTERS<\/div>\n<p class=\"paragraph\">Cuando supo la noticia, Harry se encontraba en una gira por Europa, se sab\u00eda que rechaz\u00f3 hospedarse con el entonces\u00a0<b>pr\u00edncipe Carlos<\/b>\u00a0y encontrarse con\u00a0<b>William\u00a0<\/b>y\u00a0<b>Kate<\/b>, tambi\u00e9n que hab\u00eda planeado desplazarse a Londres para participar en un acto y despedirse de su abuela. Aunque acudi\u00f3 al castillo de Balmoral no logr\u00f3 su cometido porque al llegar, Isabel ya hab\u00eda fallecido. Mientras la noticia de la muerte de la soberana se difund\u00eda, comenzaban las dudas protocolares. \u00bfQu\u00e9 lugar ocupar\u00eda Harry, despojado de sus t\u00edtulos despu\u00e9s de que \u00e9l y su esposa<b>\u00a0Meghan Markle<\/b>\u00a0renunciaran a sus deberes reales y se fueron del Reino Unido a California?<\/p>\n<p class=\"paragraph\">La primera ofrenda de paz la hizo su padre, el ahora rey Carlos III cuando en su primer discurso como monarca dijo sin vueltas: \u201cQuiero expresar mi amor por Harry y Meghan mientras siguen construyendo sus vidas en el extranjero\u201d. Antes, ese hijo tan amado como rebelde hab\u00eda mostrado su respeto: \u201cAhora honramos a mi padre en su nuevo papel como rey Carlos III. Gracias por su compromiso con el servicio. Gracias por sus buenos consejos\u201d.<\/p>\n<p class=\"paragraph\">El segundo gesto de acercamiento se vivi\u00f3 el s\u00e1bado cuando las rejas del\u00a0<b>Castillo de Windsor<\/b>\u00a0se abrieron. Una multitud de ciudadanos movilizados por la muerte de\u00a0<b>Isabel II,\u00a0<\/b>asombrada, vio aparecer cuatro siluetas:\u00a0<b>por primera vez desde 2020 los pr\u00edncipes William y Harry, acompa\u00f1ados de sus esposas, se mostraban juntos\u2026<\/b>\u00a0La imagen de \u201clos cuatro fant\u00e1sticos\u201d, reunidos por el dolor dio vuelta al mundo.<\/p>\n<div class=\"visual__image\"><img loading=\"lazy\" decoding=\"async\" class=\"\" src=\"https:\/\/cloudfront-us-east-1.images.arcpublishing.com\/infobae\/SNXW2JDMDFCH5KIKVVX3XO7B2I.JPG\" sizes=\"auto, (min-width: 800px) 50vw, 90vw\" srcset=\"https:\/\/www.infobae.com\/new-resizer\/2-KT9YjaebhcvRmNtuI0JtEdoLM=\/420x280\/filters:format(webp):quality(85)\/cloudfront-us-east-1.images.arcpublishing.com\/infobae\/SNXW2JDMDFCH5KIKVVX3XO7B2I.JPG 420w,https:\/\/www.infobae.com\/new-resizer\/vYSEkspR6uo49rJj1xWnPUG7CmY=\/768x512\/filters:format(webp):quality(85)\/cloudfront-us-east-1.images.arcpublishing.com\/infobae\/SNXW2JDMDFCH5KIKVVX3XO7B2I.JPG 768w,https:\/\/www.infobae.com\/new-resizer\/HqkltbXbn-efTCAqLgk41u_K-V4=\/992x661\/filters:format(webp):quality(85)\/cloudfront-us-east-1.images.arcpublishing.com\/infobae\/SNXW2JDMDFCH5KIKVVX3XO7B2I.JPG 992w,https:\/\/www.infobae.com\/new-resizer\/eKcaFfuF8f33mV8P3LxZho-yS7w=\/1200x800\/filters:format(webp):quality(85)\/cloudfront-us-east-1.images.arcpublishing.com\/infobae\/SNXW2JDMDFCH5KIKVVX3XO7B2I.JPG 1200w,https:\/\/www.infobae.com\/new-resizer\/ToePAONMaChssDtpAHEN231kcUE=\/1440x960\/filters:format(webp):quality(85)\/cloudfront-us-east-1.images.arcpublishing.com\/infobae\/SNXW2JDMDFCH5KIKVVX3XO7B2I.JPG 1440w\" alt=\"William, Kate, Harry y Meghan  se acercaron a la multitud reunida a las puertas del castillo de Windsor y se detuvieron largamente a conversar con varias personas\" width=\"3500\" height=\"2335\" \/>William, Kate, Harry y Meghan se acercaron a la multitud reunida a las puertas del castillo de Windsor y se detuvieron largamente a conversar con varias personas<\/div>\n<p class=\"paragraph\">Vestidos de riguroso luto,\u00a0<b>William, Kate, Harry y Meghan<\/b>\u00a0contemplaron las ofrendas florales, las cartas y los regalos que la gente dejaba en homenaje a la reina Isabel II. Las parejas caminaron, observaron, conversaron con algunas personas mientras otros los aplaud\u00edan. Se los ve\u00eda tristes pero no angustiados, conmovidos pero no sorprendidos.\u00a0<b>No hab\u00eda modo de no asociar las im\u00e1genes de estos hombres con la de aquellos ni\u00f1os de 12 y 15 a\u00f1os que 25 a\u00f1os atr\u00e1s debieron despedir a su madre<\/b>, tambi\u00e9n ante los ojos de una multitud que la lloraba y dejaba ofrendas florales.<\/p>\n<p class=\"paragraph\">El tercer gesto no sirvi\u00f3 para acercar posiciones pero demostr\u00f3 que Harry aceptaba las consecuencias de sus decisiones. Se le prohibi\u00f3 usar su uniforme militar y solo podr\u00eda aparecer vestido de civil en todos los eventos p\u00fablicos en honor a Isabel II. Lo que podr\u00eda haber sido un motivo de esc\u00e1ndalo fue resuelto con discreci\u00f3n.\u00a0<b>\u201cEl pr\u00edncipe Harry usar\u00e1 un traje durante los eventos en honor a su abuela\u201d<\/b>, dijo un portavoz del duque y duquesa de Sussex y agreg\u00f3 \u201cSu d\u00e9cada de servicio militar no est\u00e1 determinada por el uniforme que viste y pedimos respetuosamente que el enfoque permanezca en la vida y el legado de Su Majestad, la reina Isabel II\u201d.<\/p>\n<div class=\"visual__image\"><img loading=\"lazy\" decoding=\"async\" class=\"\" src=\"https:\/\/cloudfront-us-east-1.images.arcpublishing.com\/infobae\/MF6Y3H5JT5MCRLVKVUWSXYXJSI.jpg\" sizes=\"auto, (min-width: 800px) 50vw, 90vw\" srcset=\"https:\/\/www.infobae.com\/new-resizer\/KnPcHBTzCC5uxi8WDunFuvwUPhg=\/420x280\/filters:format(webp):quality(85)\/cloudfront-us-east-1.images.arcpublishing.com\/infobae\/MF6Y3H5JT5MCRLVKVUWSXYXJSI.jpg 420w,https:\/\/www.infobae.com\/new-resizer\/fVgjs87Qfdi6EUyt_DuHpvOdGk4=\/768x512\/filters:format(webp):quality(85)\/cloudfront-us-east-1.images.arcpublishing.com\/infobae\/MF6Y3H5JT5MCRLVKVUWSXYXJSI.jpg 768w,https:\/\/www.infobae.com\/new-resizer\/ZJOwyEv3J7Prr1b9ezo7rKcNTDY=\/992x661\/filters:format(webp):quality(85)\/cloudfront-us-east-1.images.arcpublishing.com\/infobae\/MF6Y3H5JT5MCRLVKVUWSXYXJSI.jpg 992w,https:\/\/www.infobae.com\/new-resizer\/RiOnwecaMiEuRf_1kY4zVvGZCbE=\/1200x800\/filters:format(webp):quality(85)\/cloudfront-us-east-1.images.arcpublishing.com\/infobae\/MF6Y3H5JT5MCRLVKVUWSXYXJSI.jpg 1200w,https:\/\/www.infobae.com\/new-resizer\/lYPQFZzHDTm4HoMDSbb9uG_HeYk=\/1440x960\/filters:format(webp):quality(85)\/cloudfront-us-east-1.images.arcpublishing.com\/infobae\/MF6Y3H5JT5MCRLVKVUWSXYXJSI.jpg 1440w\" alt=\"Andr\u00e9s el duque de York pudo vestir el atuendo militar durante la celebraci\u00f3n de la vigilia final en Westminster Hall, pero a Harry no se le permiti\u00f3 ( Jeff J Mitchell\/Pool via REUTERS)\" width=\"4606\" height=\"3071\" \/>Andr\u00e9s el duque de York pudo vestir el atuendo militar durante la celebraci\u00f3n de la vigilia final en Westminster Hall, pero a Harry no se le permiti\u00f3 ( Jeff J Mitchell\/Pool via REUTERS)<\/div>\n<p class=\"paragraph\">Hace exactamente un a\u00f1o, para su cumplea\u00f1os 37, Harry recib\u00eda una fr\u00eda felicitaci\u00f3n de su abuela.\u00a0<b>\u201cDeseando al duque de Sussex un feliz cumplea\u00f1os\u201d<\/b>, se le\u00eda en un\u00a0<i>story<\/i>\u00a0colgado en la cuenta oficial de Instagram de la soberana, junto a un combo de tres im\u00e1genes en las que se ve\u00eda al ex nieto favorito en diferentes facetas. El mismo mensaje se public\u00f3 en Twitter. Ambos mensajes hab\u00edan sido muy diferentes a los de<b>\u00a0<\/b>su cumplea\u00f1os 36. No hubo\u00a0<i>stories<\/i>, pero s\u00ed im\u00e1genes m\u00e1s emotivas en el\u00a0<i>feed<\/i>, acompa\u00f1adas de un texto m\u00e1s elaborado. Es que entre un cumplea\u00f1os y otro, Harry y su esposa hab\u00edan concedido la pol\u00e9mica entrevista a Oprah lo que oblig\u00f3 a la reina Isabel a hacer una de las cosas que m\u00e1s detestaba: pronunciarse p\u00fablicamente sobre hechos que consideraba privados. \u201c<b>Toda la familia est\u00e1 entristecida<\/b>\u00a0al conocer el alcance total de cu\u00e1n dif\u00edciles han sido los \u00faltimos a\u00f1os para Harry y Meghan. Las cuestiones planteadas, especialmente la racial, son preocupantes. Si bien algunos recuerdos pueden variar, estos problemas van a ser tomados muy en serio y la familia se ocupar\u00e1 de ellos en privado. Harry, Meghan y Archie siempre ser\u00e1n miembros muy queridos de la familia\u201d, admiti\u00f3 la soberana d\u00edas despu\u00e9s de la pol\u00e9mica entrevista.<\/p>\n<p class=\"paragraph\">Hoy el cumplea\u00f1os de Harry es muy distinto al que seguramente pens\u00f3. Muchas im\u00e1genes y situaciones que debe transitar lo retrotraen al que fue el momento m\u00e1s doloroso de su vida: la muerte de su mam\u00e1, Lady Di. Como hace 25 a\u00f1os ve como un pueblo que se caracteriza por su car\u00e1cter estoico, calmado pero tambi\u00e9n ap\u00e1tico para expresar emociones, se vuelca a las calles para despedir a un miembro de la familia real. Lo hicieron con su madre, a la que llamaron la \u201cReina de los corazones\u201d, lo hacen con su abuela, la soberana que les recordaba con su vida el orgullo de pertenecer a ese pa\u00eds que alguna vez fue imperio.<\/p>\n<div class=\"visual__image\"><img loading=\"lazy\" decoding=\"async\" class=\"\" src=\"https:\/\/cloudfront-us-east-1.images.arcpublishing.com\/infobae\/VNW2NK2HUOX4SGHST4I4UY6ZPA.jpg\" sizes=\"auto, (min-width: 800px) 50vw, 90vw\" srcset=\"https:\/\/www.infobae.com\/new-resizer\/8G5rxUn85mIHR1iubXSPTMCPrr8=\/420x280\/filters:format(webp):quality(85)\/cloudfront-us-east-1.images.arcpublishing.com\/infobae\/VNW2NK2HUOX4SGHST4I4UY6ZPA.jpg 420w,https:\/\/www.infobae.com\/new-resizer\/1D3PSwhthIG15dOWqZAY-xX1rcc=\/768x512\/filters:format(webp):quality(85)\/cloudfront-us-east-1.images.arcpublishing.com\/infobae\/VNW2NK2HUOX4SGHST4I4UY6ZPA.jpg 768w,https:\/\/www.infobae.com\/new-resizer\/e-skmbtRyCBllnO_Ssp-e6GbBWk=\/992x661\/filters:format(webp):quality(85)\/cloudfront-us-east-1.images.arcpublishing.com\/infobae\/VNW2NK2HUOX4SGHST4I4UY6ZPA.jpg 992w,https:\/\/www.infobae.com\/new-resizer\/NbxgNtHmr4NN960KKKid7V-Ao-c=\/1200x800\/filters:format(webp):quality(85)\/cloudfront-us-east-1.images.arcpublishing.com\/infobae\/VNW2NK2HUOX4SGHST4I4UY6ZPA.jpg 1200w,https:\/\/www.infobae.com\/new-resizer\/H21nFXfyXoHAoz5Meta-aE4bsIc=\/1440x960\/filters:format(webp):quality(85)\/cloudfront-us-east-1.images.arcpublishing.com\/infobae\/VNW2NK2HUOX4SGHST4I4UY6ZPA.jpg 1440w\" alt=\"Seg\u00fan The Times, \u201cEl Pr\u00edncipe de Gales invit\u00f3 al Duque y a la Duquesa de Sussex a unirse a \u00e9l y a la Princesa de Gales porque pens\u00f3 que era una importante muestra de unidad para la Reina en un momento incre\u00edblemente dif\u00edcil para la familia\u201d.  REUTERS\/Marko Djurica\/Pool\" width=\"3768\" height=\"2512\" \/>Seg\u00fan The Times, \u201cEl Pr\u00edncipe de Gales invit\u00f3 al Duque y a la Duquesa de Sussex a unirse a \u00e9l y a la Princesa de Gales porque pens\u00f3 que era una importante muestra de unidad para la Reina en un momento incre\u00edblemente dif\u00edcil para la familia\u201d. REUTERS\/Marko Djurica\/Pool<\/div>\n<p class=\"paragraph\">Ante ese recorrido a pie de un 1,6 kil\u00f3metros, con las salvas de ca\u00f1\u00f3n disparadas por las tropas reales desde Hyde Park , los ta\u00f1idos del Big Ben y sobre todo, enmarcado por los miles y miles de ciudadanos an\u00f3nimos con la tristeza reflejada en sus rostros, Harry debe haber recordado cuando, con apenas 12 a\u00f1os, particip\u00f3 del funeral de su madre.<\/p>\n<p class=\"paragraph\">Hasta el d\u00eda de hoy y 25 a\u00f1os despu\u00e9s de esa ceremonia siguen conmoviendo las im\u00e1genes de William y Harry -de 15 y 12 a\u00f1os en esa \u00e9poca- que aunque pr\u00edncipes no dejaban de ser dos adolescentes que hab\u00edan perdido a su mam\u00e1. De ese d\u00eda -una caminata de 3,5 kil\u00f3metros ante dos millones de personas- Harry record\u00f3 en\u00a0<i>Newsweek\u00a0<\/i>que\u00a0<b>caminar tras el ata\u00fad de su madre era algo que \u201cno se le deber\u00eda pedir\u201d a ning\u00fan ni\u00f1o<\/b>. Meses antes en el documental de la BBC\u00a0<i>Diana, 7 days<\/i>\u00a0hab\u00eda asegurado que no ten\u00eda opini\u00f3n sobre si participar hab\u00eda sido correcto o no, pero que mirando atr\u00e1s, estaba satisfecho de haberlo hecho.<\/p>\n<div class=\"visual__image\"><img loading=\"lazy\" decoding=\"async\" class=\"\" src=\"https:\/\/cloudfront-us-east-1.images.arcpublishing.com\/infobae\/XIEFTSWRKU2DQKW3AOXRNVDDGI.jpg\" sizes=\"auto, (min-width: 800px) 50vw, 90vw\" srcset=\"https:\/\/www.infobae.com\/new-resizer\/LGAkmBizqzhr6tLEYDB3XiTmyVY=\/420x280\/filters:format(webp):quality(85)\/cloudfront-us-east-1.images.arcpublishing.com\/infobae\/XIEFTSWRKU2DQKW3AOXRNVDDGI.jpg 420w,https:\/\/www.infobae.com\/new-resizer\/ox2vlzI7A_wve0CeRGBEMjEj0-8=\/768x512\/filters:format(webp):quality(85)\/cloudfront-us-east-1.images.arcpublishing.com\/infobae\/XIEFTSWRKU2DQKW3AOXRNVDDGI.jpg 768w,https:\/\/www.infobae.com\/new-resizer\/FAiYD7D6EY40oiY0Esy0yG3PooM=\/992x661\/filters:format(webp):quality(85)\/cloudfront-us-east-1.images.arcpublishing.com\/infobae\/XIEFTSWRKU2DQKW3AOXRNVDDGI.jpg 992w,https:\/\/www.infobae.com\/new-resizer\/WPlPUQbWWGMzDbbIvUztY7ErwDA=\/1200x800\/filters:format(webp):quality(85)\/cloudfront-us-east-1.images.arcpublishing.com\/infobae\/XIEFTSWRKU2DQKW3AOXRNVDDGI.jpg 1200w,https:\/\/www.infobae.com\/new-resizer\/zeWdRsNGVXTjmTjTNvmq2b2k-QA=\/1440x960\/filters:format(webp):quality(85)\/cloudfront-us-east-1.images.arcpublishing.com\/infobae\/XIEFTSWRKU2DQKW3AOXRNVDDGI.jpg 1440w\" alt=\"Tras la muerte de Diana, la madre de los pr\u00edncipes, en un accidente de tr\u00e1fico en Par\u00eds en 1997, los hermanos conmovieron al mundo cuando caminaron detr\u00e1s de su f\u00e9retro en el cortejo f\u00fanebre.\" width=\"2048\" height=\"1357\" \/>Tras la muerte de Diana, la madre de los pr\u00edncipes, en un accidente de tr\u00e1fico en Par\u00eds en 1997, los hermanos conmovieron al mundo cuando caminaron detr\u00e1s de su f\u00e9retro en el cortejo f\u00fanebre.<\/div>\n<p class=\"paragraph\">Ante la ceremonia por la muerte de su abuela, quiz\u00e1 Harry siente lo mismo. Participar es algo que debe hacer. Por eso y como hace mucho tiempo no se lo ve\u00eda, volvi\u00f3 a aparecer junto a su hermano y su padre. Ellos vest\u00edan sus uniformes militares, \u00e9l luc\u00eda lo que se conoce como\u00a0<i>morning suit<\/i>, es decir, un jaquet.\u00a0<b><\/b>Eso s\u00ed, pudo llevar sus medallas militares, algunas ganadas en Afganist\u00e1n.<\/p>\n<p class=\"paragraph\">Como el de su madre, el ata\u00fad con los restos de su abuela estaba envuelto en el estandarte real el f\u00e9retro.\u00a0<a href=\"https:\/\/www.infobae.com\/america\/realeza\/2022\/09\/06\/un-funeral-unico-para-una-persona-unica-la-despedida-a-lady-di-que-arraso-con-protocolos-flores-y-audiencias\/\" target=\"_blank\" rel=\"noopener\">En el de su madre se ve\u00edan tres arreglos florales, cada uno con un significado particula<\/a>r. El de lirios blancos, que se usa para las ocasiones de luto, era de la familia Spencer. Los ramos m\u00e1s simples eran los m\u00e1s conmovedores. Uno de rosas blancas acompa\u00f1ado con una tarjeta con la palabra\u00a0<i>Mummy,\u00a0<\/i>con la letra del pr\u00edncipe Harry, y detr\u00e1s, tulipanes blancos, elegidos por el pr\u00edncipe William.<\/p>\n<div class=\"visual__image\"><img loading=\"lazy\" decoding=\"async\" class=\"\" src=\"https:\/\/cloudfront-us-east-1.images.arcpublishing.com\/infobae\/MIRXV7BCR6T7Y7CAEWEVITCBAQ.jpg\" sizes=\"auto, (min-width: 800px) 50vw, 90vw\" srcset=\"https:\/\/www.infobae.com\/new-resizer\/vciffM12Xj8R-gkKciuv95n1fJM=\/420x630\/filters:format(webp):quality(85)\/cloudfront-us-east-1.images.arcpublishing.com\/infobae\/MIRXV7BCR6T7Y7CAEWEVITCBAQ.jpg 420w,https:\/\/www.infobae.com\/new-resizer\/2rAZ-IC5_truBtMJj0t76TY4eFQ=\/768x1152\/filters:format(webp):quality(85)\/cloudfront-us-east-1.images.arcpublishing.com\/infobae\/MIRXV7BCR6T7Y7CAEWEVITCBAQ.jpg 768w,https:\/\/www.infobae.com\/new-resizer\/APXduj5OxovVWgW_y-pDU1_n2TQ=\/992x1488\/filters:format(webp):quality(85)\/cloudfront-us-east-1.images.arcpublishing.com\/infobae\/MIRXV7BCR6T7Y7CAEWEVITCBAQ.jpg 992w,https:\/\/www.infobae.com\/new-resizer\/YCQy9bQOaXmdSaPSMYhYp2QEwPQ=\/1200x1800\/filters:format(webp):quality(85)\/cloudfront-us-east-1.images.arcpublishing.com\/infobae\/MIRXV7BCR6T7Y7CAEWEVITCBAQ.jpg 1200w\" alt=\"El f\u00e9retro estaba cubierto con el estandarte real -tres leones dorados para Inglaterra, un le\u00f3n rojo por Escocia y un arpa por Irlanda- y  flores blancas. Adem\u00e1s lleva la Corona de Estado Imperial con 2.868 diamantes, 17 zafiros, 11 esmeraldas y cientos de perlas.   BEN STANSALL\/Pool via REUTERS\" width=\"3176\" height=\"4764\" \/>El f\u00e9retro estaba cubierto con el estandarte real -tres leones dorados para Inglaterra, un le\u00f3n rojo por Escocia y un arpa por Irlanda- y flores blancas. Adem\u00e1s lleva la Corona de Estado Imperial con 2.868 diamantes, 17 zafiros, 11 esmeraldas y cientos de perlas. BEN STANSALL\/Pool via REUTERS<\/div>\n<p class=\"paragraph\">En la parte superior, el f\u00e9retro de su abuela llev\u00f3 una simple corona de flores blancas y colocada sobre una almohada de terciopelo violeta, se puso la corona imperial. Porque si de algo no caben dudas es que Isabel era su abuela, pero ante todo y ante todos era la Reina. Por eso, hab\u00eda una corona y no una tarjeta con un tierno y conmovedor\u00a0<i>Granny<\/i>.<\/p>\n<p class=\"paragraph\">Durante todo el funeral, junto a Harry estuvo su esposa Meghan Markle, vestida de riguroso negro y capelina con encaje. Al final tom\u00f3 la mano de su marido y no se la solt\u00f3. Quiz\u00e1 no quiso repetir lo que ocurri\u00f3 con su suegro en el funeral de Lady Di, cuando todo el tiempo hizo contacto visual con sus hijos pero en ning\u00fan momento los abraz\u00f3 o m\u00ednimamente los toc\u00f3.<\/p>\n<div class=\"visual__image\"><img loading=\"lazy\" decoding=\"async\" class=\"\" src=\"https:\/\/cloudfront-us-east-1.images.arcpublishing.com\/infobae\/HS5NHZ7QO7LCYJEIUSBXMJ54UQ.jpg\" sizes=\"auto, (min-width: 800px) 50vw, 90vw\" srcset=\"https:\/\/www.infobae.com\/new-resizer\/FFNB9nt1aHg3FR-npdT5xeoy3T4=\/420x280\/filters:format(webp):quality(85)\/cloudfront-us-east-1.images.arcpublishing.com\/infobae\/HS5NHZ7QO7LCYJEIUSBXMJ54UQ.jpg 420w,https:\/\/www.infobae.com\/new-resizer\/LeyeoWbGNYEjthA27Avgujn58tg=\/768x512\/filters:format(webp):quality(85)\/cloudfront-us-east-1.images.arcpublishing.com\/infobae\/HS5NHZ7QO7LCYJEIUSBXMJ54UQ.jpg 768w,https:\/\/www.infobae.com\/new-resizer\/LXZn9ZQdoWxK5ElVOIrEGMau17A=\/992x661\/filters:format(webp):quality(85)\/cloudfront-us-east-1.images.arcpublishing.com\/infobae\/HS5NHZ7QO7LCYJEIUSBXMJ54UQ.jpg 992w,https:\/\/www.infobae.com\/new-resizer\/XyXFmYo6fFGS4CN-yB6ZHEt3HHY=\/1200x800\/filters:format(webp):quality(85)\/cloudfront-us-east-1.images.arcpublishing.com\/infobae\/HS5NHZ7QO7LCYJEIUSBXMJ54UQ.jpg 1200w,https:\/\/www.infobae.com\/new-resizer\/tNsw9_-2d4CFR54cj6JFvlHYtdQ=\/1440x960\/filters:format(webp):quality(85)\/cloudfront-us-east-1.images.arcpublishing.com\/infobae\/HS5NHZ7QO7LCYJEIUSBXMJ54UQ.jpg 1440w\" alt=\"Fuera del protocolo, Meghan no dud\u00f3 en tomar la mano de su esposo, Harry. REUTERS\/Phil Noble\/Pool\" width=\"5500\" height=\"3667\" \/>Fuera del protocolo, Meghan no dud\u00f3 en tomar la mano de su esposo, Harry. REUTERS\/Phil Noble\/Pool<\/div>\n<p class=\"paragraph\"><b>Harry celebra 38 a\u00f1os y la muerte de su abuela resignifica la fecha.<\/b>\u00a0Sabe que el Reino Unido atraviesa un momento hist\u00f3rico. Cuando pase la conmoci\u00f3n, las ceremonias se acaben y los homenajes cesen, Harry retomar\u00e1 su vida. Hab\u00eda anunciado que para fines del 2022 publicar\u00eda sus memorias.\u00a0<i>Aventuras, p\u00e9rdidas y lecciones de vida<\/i>, es todo lo que se prometi\u00f3 del libro hasta el momento, adem\u00e1s de \u201cun relato sincero escrito en primera persona\u201d. \u00bfLo publicar\u00e1? Demasiado pronto para decirlo. Quiz\u00e1 su dolor de nieto se impongan a sus deseos de patear el tablero y volver a poner en jaque a una Reina que para dolor de muchos, ya no est\u00e1.<\/p>\n","protected":false},"excerpt":{"rendered":"<p>Cumplir a\u00f1os es distinto para cada persona. Algunos eligen celebrarlo con amigos y familiares en una gran fiesta. Otros prefieren que la fecha pase r\u00e1pido, como un d\u00eda m\u00e1s y est\u00e1n los que optan por una situaci\u00f3n intermedia, algo \u00edntimo y con pocas personas. Pero seguramente\u00a0ninguna persona del mundo elegir\u00eda celebrarlo ante cientos de c\u00e1maras, [&hellip;]<\/p>\n","protected":false},"author":2,"featured_media":7994,"comment_status":"closed","ping_status":"closed","sticky":false,"template":"","format":"standard","meta":{"footnotes":""},"categories":[80],"tags":[],"class_list":{"0":"post-7993","1":"post","2":"type-post","3":"status-publish","4":"format-standard","5":"has-post-thumbnail","7":"category-internacionales"},"_links":{"self":[{"href":"https:\/\/radiobitacora.com.ar\/web\/wp-json\/wp\/v2\/posts\/7993","targetHints":{"allow":["GET"]}}],"collection":[{"href":"https:\/\/radiobitacora.com.ar\/web\/wp-json\/wp\/v2\/posts"}],"about":[{"href":"https:\/\/radiobitacora.com.ar\/web\/wp-json\/wp\/v2\/types\/post"}],"author":[{"embeddable":true,"href":"https:\/\/radiobitacora.com.ar\/web\/wp-json\/wp\/v2\/users\/2"}],"replies":[{"embeddable":true,"href":"https:\/\/radiobitacora.com.ar\/web\/wp-json\/wp\/v2\/comments?post=7993"}],"version-history":[{"count":0,"href":"https:\/\/radiobitacora.com.ar\/web\/wp-json\/wp\/v2\/posts\/7993\/revisions"}],"wp:featuredmedia":[{"embeddable":true,"href":"https:\/\/radiobitacora.com.ar\/web\/wp-json\/wp\/v2\/media\/7994"}],"wp:attachment":[{"href":"https:\/\/radiobitacora.com.ar\/web\/wp-json\/wp\/v2\/media?parent=7993"}],"wp:term":[{"taxonomy":"category","embeddable":true,"href":"https:\/\/radiobitacora.com.ar\/web\/wp-json\/wp\/v2\/categories?post=7993"},{"taxonomy":"post_tag","embeddable":true,"href":"https:\/\/radiobitacora.com.ar\/web\/wp-json\/wp\/v2\/tags?post=7993"}],"curies":[{"name":"wp","href":"https:\/\/api.w.org\/{rel}","templated":true}]}}