{"id":8022,"date":"2022-09-15T08:28:17","date_gmt":"2022-09-15T11:28:17","guid":{"rendered":"https:\/\/radiobitacora.com.ar\/web\/?p=8022"},"modified":"2022-09-15T08:28:17","modified_gmt":"2022-09-15T11:28:17","slug":"la-psiquis-del-ser-humano-sergio-berni-cito-a-sigmund-freud-para-explicar-por-que-fernando-sabag-montiel-no-cargo-el-arma","status":"publish","type":"post","link":"https:\/\/radiobitacora.com.ar\/web\/2022\/09\/15\/la-psiquis-del-ser-humano-sergio-berni-cito-a-sigmund-freud-para-explicar-por-que-fernando-sabag-montiel-no-cargo-el-arma\/","title":{"rendered":"\u201cLa psiquis del ser humano\u201d: Sergio Berni cit\u00f3 a Sigmund Freud para explicar por qu\u00e9 Fernando Sabag Montiel no carg\u00f3 el arma"},"content":{"rendered":"<p class=\"com-paragraph  --capital --s\">El\u00a0<strong>ministro de Seguridad bonaerense, Sergio Berni,<\/strong>\u00a0analiz\u00f3 ayer lo ocurrido\u00a0<a class=\"com-link\" title=\"en el atentado contra la vicepresidenta Cristina Kirchner\" href=\"https:\/\/www.lanacion.com.ar\/tema\/atentado-contra-cristina-kirchner\/\" target=\"_self\" data-reactroot=\"\" rel=\"noopener\"><strong>en el atentado contra la vicepresidenta Cristina Kirchner<\/strong><\/a><strong>\u00a0<\/strong>y dijo que la explicaci\u00f3n de por qu\u00e9 el arma no dispar\u00f3 se puede encontrar en la\u00a0<strong>\u201cpsiquis humana\u201d<\/strong>\u00a0ya que quiz\u00e1s, al saberse manipulado, el agresor, Fernando Sabag Montiel, \u201cse reprimi\u00f3\u201d y no carg\u00f3 la bala.<\/p>\n<p class=\"com-paragraph   --s\">\u201cEl tiro no sali\u00f3 porque no ten\u00eda la munici\u00f3n desde donde deb\u00eda salir\u201d, dijo Berni en declaraciones televisivas al hablar sobre el intento de asesinato a Cristina Kirchner el 1\u00b0 de septiembre en la puerta de su casa.<\/p>\n<div class=\"mod-banner --middle_1_dsk  \">\n<div id=\"middle_1_dsk\" class=\"com-banner \" data-slot-group=\"nota\" data-device=\"desktop\" data-subscription=\"true\" data-ad-unit-path=\"\/133919216\/la_nacion_desktop\/Nota\/middle_1_dsk\" data-targeting=\"{&quot;sitio&quot;:&quot;lanacion&quot;,&quot;seccion&quot;:&quot;nota&quot;}\" data-without-hide=\"true\" data-size=\"[[1,1],[640,360],[640,480],[728,90]]\" data-sizemap=\"[]\" data-prebid-enabled=\"true\">\n<div id=\"google_ads_iframe_\/133919216\/la_nacion_desktop\/Nota\/middle_1_dsk_0__container__\"><\/div>\n<\/div>\n<\/div>\n<p class=\"com-paragraph   --s\">\u201c<strong>Hay que remontar a c\u00f3mo es la psiquis del ser humano y c\u00f3mo se produce la angustia<\/strong>, que pudo haber anulado la funci\u00f3n cerebral porque no estaba convencido de matarla. Estaba manipulado y fue a matarla. Pero para poder entender por qu\u00e9 no dispar\u00f3 hay que remitir a los escritos de Freud y entender los mecanismos inhibitorios que produce la angustia\u201d, explic\u00f3.<\/p>\n<p class=\"com-paragraph   --s\">\u201c<strong>Cuando alguien est\u00e1 angustiado y no quiere hacer algo de lo que no est\u00e1 convencido y est\u00e1 manipulado, se suprimen ciertas funciones de manera inconsciente<\/strong>\u201d, detall\u00f3 Berni en el canal\u00a0<em>TN\u00a0<\/em>como una de las posibles causas de que el arma no halla accionado ya que se encontraba en condiciones de hacerlo.<\/p>\n<p class=\"com-paragraph   --s\">\u201cHay un cap\u00edtulo de Freud que habla de las\u00a0<strong>inhibiciones, el s\u00edntoma y la angustia<\/strong>. Para poder entender por qu\u00e9 no dispar\u00f3 hay que remitir a esos escritos de Freud\u201d, teoriz\u00f3.<\/p>\n<div class=\"mod-banner --middle_2_dsk  \">\n<div id=\"middle_2_dsk\" class=\"com-banner \" data-slot-group=\"nota\" data-device=\"desktop\" data-subscription=\"true\" data-ad-unit-path=\"\/133919216\/la_nacion_desktop\/Nota\/middle_2_dsk\" data-targeting=\"{&quot;sitio&quot;:&quot;lanacion&quot;,&quot;seccion&quot;:&quot;nota&quot;}\" data-without-hide=\"true\" data-size=\"[[1,1],[728,90]]\" data-sizemap=\"[]\" data-prebid-enabled=\"true\">\n<div id=\"google_ads_iframe_\/133919216\/la_nacion_desktop\/Nota\/middle_2_dsk_0__container__\"><\/div>\n<\/div>\n<\/div>\n<p class=\"com-paragraph   --s\">Luego, el ministro de Seguridad de la Provincia de Buenos Aires celebr\u00f3 que no se haya dado el asesinato y dijo que la Argentina no ser\u00eda igual si la vicepresidenta hubiese sido asesinada ya que la violencia se habr\u00eda acrecentado.<\/p>\n<p class=\"com-paragraph   --s\">\u201cEs muy preocupante saber que estuvimos a nada de un hecho que hubiera cambiado la historia de la Argentina. A toda acci\u00f3n le corresponde una reacci\u00f3n de sentido contario.\u00a0<strong>A una acci\u00f3n violenta y traum\u00e1tica le hubiera seguido una reacci\u00f3n violenta como esta<\/strong>\u201d, explic\u00f3.<\/p>\n<p class=\"com-paragraph   --s\">Por otra parte, Berni relativiz\u00f3 la responsabilidad de los custodios. \u201cEs normal que un dirigente pol\u00edtico tenga contacto f\u00edsico con la gente en un lugar abierto en Sudam\u00e9rica. Lo que hay que discutir es si est\u00e1 bien o mal, no si la custodia actu\u00f3 bien o mal, porque en un lugar p\u00fablico es normal que pasen estas cosas\u201d, dijo.<\/p>\n<p class=\"com-paragraph   --s\">Luego halag\u00f3\u00a0<a class=\"com-link\" title=\"al jefe de la custodia presidencial\" href=\"https:\/\/www.lanacion.com.ar\/politica\/tras-el-atentado-anibal-fernandez-conto-que-se-reunio-con-cristina-kirchner-el-jueves-pasado-y-nid12092022\/\" target=\"_self\" data-reactroot=\"\" rel=\"noopener\">al jefe de la custodia presidencial<\/a>, Diego Carbone. \u201cLo conozco a Carbone y no tengo duda de que es de las personas m\u00e1s preparadas para ejercer el cargo del jefe de custodia de un mandatario, no solo desde lo t\u00e9cnico, tambi\u00e9n por su preparaci\u00f3n psicol\u00f3gica, como su capacidad de mando y de decisi\u00f3n\u201d, dijo y aclar\u00f3 sobre el hombre que en el momento del ataque no se encontraba en el lugar.<\/p>\n<p class=\"com-paragraph   --s\">\u201c<strong>Si yo fuera Ministro de Seguridad no lo sacar\u00eda a Carbone ni por casualidad<\/strong>, es la persona m\u00e1s id\u00f3nea de toda la polic\u00eda federal para manejar una custodia de este tipo\u201d, asegur\u00f3.<\/p>\n<p class=\"com-paragraph   --s\">Adem\u00e1s, explic\u00f3 que cuando Sabag Montiel saca el arma e intenta gatillar esa acci\u00f3n<strong>\u00a0\u201cdura menos de un segundo\u201d,<\/strong>\u00a0por lo que \u201cnadie se da cuenta de lo que pas\u00f3, nadie vio el arma, la custodia no la vio\u201d, solo quienes estaban m\u00e1s cerca del atacante.<\/p>\n<p class=\"com-paragraph   --s\">Berni, no obstante, advirti\u00f3: \u201cCuando lo retiran [al agresor de la escena del atentado],\u00a0<strong>la polic\u00eda debi\u00f3 manejarse de otra manera, debi\u00f3 esposarlo<\/strong>\u201d.<\/p>\n<p class=\"com-paragraph   --s\">Para Berni lo ocurrido con la vicepresidenta no repercutir\u00e1 en un cambio en la forma en la que los pol\u00edticos argentinos interact\u00faan con la gente en espacios p\u00fablicos por una\u00a0<strong>\u201ccuesti\u00f3n cultural\u201d<\/strong>, aunque admiti\u00f3 que debe haber \u201cun debate sobre c\u00f3mo deber\u00eda cambiar\u201d la log\u00edstica en esas situaciones.<\/p>\n<p class=\"com-paragraph   --s\">\u201c<strong>\u00bfEs lo mismo tocar al Papa que verlo en una c\u00e1psula blindada?<\/strong>\u00a0Nosotros no somos tampoco la cultura norteamericana que el presidente cuando asume, el servicio secreto maneja su vida y no tiene contacto con la gente Es una cultura distinta. Hay que discutir si queremos seguir as\u00ed o si queremos que nuestros dirigentes est\u00e9n en una c\u00e1psula blindada\u201d, expres\u00f3.<\/p>\n<h2 class=\"com-title --l\">El avance de la investigaci\u00f3n<\/h2>\n<p class=\"com-paragraph   --s\">Sobre<a class=\"com-link\" title=\" la detenci\u00f3n de una amiga de Brenda Uliarte\" href=\"https:\/\/www.lanacion.com.ar\/politica\/inesperado-giro-en-la-causa-por-el-ataque-a-cristina-brenda-uliarte-seria-instigadora-con-una-nid13092022\/\" target=\"_self\" data-reactroot=\"\" rel=\"noopener\">\u00a0la detenci\u00f3n de una amiga de Brenda Uliarte<\/a>, quien se dice fue la instigadora, prefiri\u00f3 ser cauto y dijo que tanto la personalidad de la joven como la de Sabag Montiel\u00a0<strong>son las elegidas por recursos de servicios de inteligencia<\/strong>\u00a0para realizar actos violentos porque tienen personalidades manipulables.<\/p>\n<p class=\"com-paragraph   --s\">\u201c<strong>A m\u00ed me cuesta pensar que la responsabilidad intelectual termine en esta chica [Uliarte]<\/strong>, conociendo como se manejan los servicios de inteligencia que reclutan, porque esto se recluta. Estas personalidades [sobre Uliarte y Sabag Montiel] son las m\u00e1s buscadas por diferentes tipos de servicios de inteligencia. Son mano de obra desocupada, es gente manipulable que comienza a ser trabajados psicol\u00f3gicamente y a la hora del atentado cuelgan el tel\u00e9fono y nunca m\u00e1s se supo de ellos\u201d, explic\u00f3.<\/p>\n<p class=\"com-paragraph   --s\">Berni, aclar\u00f3 que cuando se refiere a \u201cservicios de inteligencia\u201d no \u201chay que pensar en los estatales, sino de\u00a0<strong>\u201crecursos de servicios de inteligencia de diferentes organizaciones\u201d<\/strong>. Luego, destac\u00f3 que quienes hoy est\u00e1n siendo investigados como part\u00edcipes del atentado tienen \u201cla personalidad perfecta para llevar a cabo este tipo de acciones\u201d manipuladas por \u201cterceras personas\u201d que no llegan a \u201cinvolucrarse\u201d.<\/p>\n","protected":false},"excerpt":{"rendered":"<p>El\u00a0ministro de Seguridad bonaerense, Sergio Berni,\u00a0analiz\u00f3 ayer lo ocurrido\u00a0en el atentado contra la vicepresidenta Cristina Kirchner\u00a0y dijo que la explicaci\u00f3n de por qu\u00e9 el arma no dispar\u00f3 se puede encontrar en la\u00a0\u201cpsiquis humana\u201d\u00a0ya que quiz\u00e1s, al saberse manipulado, el agresor, Fernando Sabag Montiel, \u201cse reprimi\u00f3\u201d y no carg\u00f3 la bala. \u201cEl tiro no sali\u00f3 porque [&hellip;]<\/p>\n","protected":false},"author":2,"featured_media":8023,"comment_status":"closed","ping_status":"closed","sticky":false,"template":"","format":"standard","meta":{"footnotes":""},"categories":[79],"tags":[],"class_list":{"0":"post-8022","1":"post","2":"type-post","3":"status-publish","4":"format-standard","5":"has-post-thumbnail","7":"category-politica"},"_links":{"self":[{"href":"https:\/\/radiobitacora.com.ar\/web\/wp-json\/wp\/v2\/posts\/8022","targetHints":{"allow":["GET"]}}],"collection":[{"href":"https:\/\/radiobitacora.com.ar\/web\/wp-json\/wp\/v2\/posts"}],"about":[{"href":"https:\/\/radiobitacora.com.ar\/web\/wp-json\/wp\/v2\/types\/post"}],"author":[{"embeddable":true,"href":"https:\/\/radiobitacora.com.ar\/web\/wp-json\/wp\/v2\/users\/2"}],"replies":[{"embeddable":true,"href":"https:\/\/radiobitacora.com.ar\/web\/wp-json\/wp\/v2\/comments?post=8022"}],"version-history":[{"count":0,"href":"https:\/\/radiobitacora.com.ar\/web\/wp-json\/wp\/v2\/posts\/8022\/revisions"}],"wp:featuredmedia":[{"embeddable":true,"href":"https:\/\/radiobitacora.com.ar\/web\/wp-json\/wp\/v2\/media\/8023"}],"wp:attachment":[{"href":"https:\/\/radiobitacora.com.ar\/web\/wp-json\/wp\/v2\/media?parent=8022"}],"wp:term":[{"taxonomy":"category","embeddable":true,"href":"https:\/\/radiobitacora.com.ar\/web\/wp-json\/wp\/v2\/categories?post=8022"},{"taxonomy":"post_tag","embeddable":true,"href":"https:\/\/radiobitacora.com.ar\/web\/wp-json\/wp\/v2\/tags?post=8022"}],"curies":[{"name":"wp","href":"https:\/\/api.w.org\/{rel}","templated":true}]}}