{"id":8056,"date":"2022-09-16T19:13:54","date_gmt":"2022-09-16T22:13:54","guid":{"rendered":"https:\/\/radiobitacora.com.ar\/web\/?p=8056"},"modified":"2022-09-16T19:13:54","modified_gmt":"2022-09-16T22:13:54","slug":"club-de-adultos-mayores-festejo-llegada-de-la-primavera-junto-a-sus-pares-de-carolina","status":"publish","type":"post","link":"https:\/\/radiobitacora.com.ar\/web\/2022\/09\/16\/club-de-adultos-mayores-festejo-llegada-de-la-primavera-junto-a-sus-pares-de-carolina\/","title":{"rendered":"CLUB DE ADULTOS MAYORES FESTEJ\u00d3 LLEGADA DE LA PRIMAVERA JUNTO A SUS PARES DE CAROLINA"},"content":{"rendered":"<h3><strong>Este jueves se llev\u00f3 adelante una excelente jornada llena de juegos, deporte y diversi\u00f3n en el Play\u00f3n del Instituto San Mart\u00edn de Goya.\u00a0<img loading=\"lazy\" decoding=\"async\" class=\"size-medium wp-image-24850 alignright lazyloaded\" src=\"https:\/\/883radiociudad.gob.ar\/wp-content\/uploads\/2022\/09\/ADULTO-MAYORES-4-300x200.jpeg\" sizes=\"auto, (max-width: 300px) 100vw, 300px\" srcset=\"https:\/\/883radiociudad.gob.ar\/wp-content\/uploads\/2022\/09\/ADULTO-MAYORES-4-300x200.jpeg 300w, https:\/\/883radiociudad.gob.ar\/wp-content\/uploads\/2022\/09\/ADULTO-MAYORES-4-1024x682.jpeg 1024w, https:\/\/883radiociudad.gob.ar\/wp-content\/uploads\/2022\/09\/ADULTO-MAYORES-4-768x512.jpeg 768w, https:\/\/883radiociudad.gob.ar\/wp-content\/uploads\/2022\/09\/ADULTO-MAYORES-4-scaled.jpeg 1020w\" alt=\"\" width=\"300\" height=\"200\" data-srcset=\"https:\/\/883radiociudad.gob.ar\/wp-content\/uploads\/2022\/09\/ADULTO-MAYORES-4-300x200.jpeg 300w, https:\/\/883radiociudad.gob.ar\/wp-content\/uploads\/2022\/09\/ADULTO-MAYORES-4-1024x682.jpeg 1024w, https:\/\/883radiociudad.gob.ar\/wp-content\/uploads\/2022\/09\/ADULTO-MAYORES-4-768x512.jpeg 768w, https:\/\/883radiociudad.gob.ar\/wp-content\/uploads\/2022\/09\/ADULTO-MAYORES-4-scaled.jpeg 1020w\" data-src=\"https:\/\/883radiociudad.gob.ar\/wp-content\/uploads\/2022\/09\/ADULTO-MAYORES-4-300x200.jpeg\" data-sizes=\"(max-width: 300px) 100vw, 300px\" \/>\u00a0\u00a0\u00a0<\/strong><\/h3>\n<p>Esta actividad fue organizada por los profes del Club de Adultos Mayores, dependiente de la Direcci\u00f3n de Deportes de la Municipalidad de Goya, en conjunto con alumnos de 1ro, 2do y 4to A\u00f1o de la carrera de Profesorado de Educaci\u00f3n F\u00edsica del Instituto Gral. San Mart\u00edn de Goya.<\/p>\n<p>Se realizaron diversos juegos recreativos y deportivos, luego se procedi\u00f3 al desfile y elecci\u00f3n de Reina y Rey de las Primavera de Goya y Carolina.<\/p>\n<p>El evento de inter\u00e9s municipal cont\u00f3 con la presencia de funcionarios municipales: Secretario de Gobierno, Ger\u00f3nimo Torre, Secretario de Desarrollo Social Julio Canteros, Directora de Promoci\u00f3n Social Mercedes Pintos, Delegada de Desarrollo Social de Provincia, M\u00f3nica Celes y el Director de Deportes de Goya, Alejandro Lago.<\/p>\n<h3><strong><img loading=\"lazy\" decoding=\"async\" class=\"size-medium wp-image-24852 alignright lazyloaded\" src=\"https:\/\/883radiociudad.gob.ar\/wp-content\/uploads\/2022\/09\/ADULTO-MAYORES-5-300x200.jpeg\" sizes=\"auto, (max-width: 300px) 100vw, 300px\" srcset=\"https:\/\/883radiociudad.gob.ar\/wp-content\/uploads\/2022\/09\/ADULTO-MAYORES-5-300x200.jpeg 300w, https:\/\/883radiociudad.gob.ar\/wp-content\/uploads\/2022\/09\/ADULTO-MAYORES-5-1024x682.jpeg 1024w, https:\/\/883radiociudad.gob.ar\/wp-content\/uploads\/2022\/09\/ADULTO-MAYORES-5-768x512.jpeg 768w, https:\/\/883radiociudad.gob.ar\/wp-content\/uploads\/2022\/09\/ADULTO-MAYORES-5-scaled.jpeg 1020w\" alt=\"\" width=\"300\" height=\"200\" data-srcset=\"https:\/\/883radiociudad.gob.ar\/wp-content\/uploads\/2022\/09\/ADULTO-MAYORES-5-300x200.jpeg 300w, https:\/\/883radiociudad.gob.ar\/wp-content\/uploads\/2022\/09\/ADULTO-MAYORES-5-1024x682.jpeg 1024w, https:\/\/883radiociudad.gob.ar\/wp-content\/uploads\/2022\/09\/ADULTO-MAYORES-5-768x512.jpeg 768w, https:\/\/883radiociudad.gob.ar\/wp-content\/uploads\/2022\/09\/ADULTO-MAYORES-5-scaled.jpeg 1020w\" data-src=\"https:\/\/883radiociudad.gob.ar\/wp-content\/uploads\/2022\/09\/ADULTO-MAYORES-5-300x200.jpeg\" data-sizes=\"(max-width: 300px) 100vw, 300px\" \/><\/strong><\/h3>\n<p><strong>GER\u00d3NIMO TORRE<\/strong><\/p>\n<p>El Secretario de Gobierno dio la bienvenida a todos los adultos mayores que se congregaron este jueves a la tarde para participar de las variadas actividades propuestas por el Club.<\/p>\n<p>Agradeci\u00f3 la visita de las instituciones colegas y sus integrantes; al Instituto San Mart\u00edn por ceder el espacio, les transmiti\u00f3 el saludo del Intendente Municipal Mariano Hormaechea quien no pudo asistir por cuesti\u00f3n de agenda y les deseo un \u201cFeliz D\u00eda de la Primavera para todos\u201d.<\/p>\n<p>Fue una tarde de gran alegr\u00eda, principalmente para los abuelos, quienes\u00a0 se divirtieron mucho y tuvieron su rey y su reina de la primavera.<\/p>\n<h3><strong><img loading=\"lazy\" decoding=\"async\" class=\"size-medium wp-image-24853 alignright lazyloaded\" src=\"https:\/\/883radiociudad.gob.ar\/wp-content\/uploads\/2022\/09\/ADULTO-MAYORES-3-300x200.jpeg\" sizes=\"auto, (max-width: 300px) 100vw, 300px\" srcset=\"https:\/\/883radiociudad.gob.ar\/wp-content\/uploads\/2022\/09\/ADULTO-MAYORES-3-300x200.jpeg 300w, https:\/\/883radiociudad.gob.ar\/wp-content\/uploads\/2022\/09\/ADULTO-MAYORES-3-1024x682.jpeg 1024w, https:\/\/883radiociudad.gob.ar\/wp-content\/uploads\/2022\/09\/ADULTO-MAYORES-3-768x512.jpeg 768w, https:\/\/883radiociudad.gob.ar\/wp-content\/uploads\/2022\/09\/ADULTO-MAYORES-3-scaled.jpeg 1020w\" alt=\"\" width=\"300\" height=\"200\" data-srcset=\"https:\/\/883radiociudad.gob.ar\/wp-content\/uploads\/2022\/09\/ADULTO-MAYORES-3-300x200.jpeg 300w, https:\/\/883radiociudad.gob.ar\/wp-content\/uploads\/2022\/09\/ADULTO-MAYORES-3-1024x682.jpeg 1024w, https:\/\/883radiociudad.gob.ar\/wp-content\/uploads\/2022\/09\/ADULTO-MAYORES-3-768x512.jpeg 768w, https:\/\/883radiociudad.gob.ar\/wp-content\/uploads\/2022\/09\/ADULTO-MAYORES-3-scaled.jpeg 1020w\" data-src=\"https:\/\/883radiociudad.gob.ar\/wp-content\/uploads\/2022\/09\/ADULTO-MAYORES-3-300x200.jpeg\" data-sizes=\"(max-width: 300px) 100vw, 300px\" \/><\/strong><\/h3>\n<p><strong>ALEJANDRO LAGO<\/strong><\/p>\n<p>El Director de Deportes, agradeci\u00f3 la visita y a los funcionarios por el respaldo para organizar estas actividades \u201cas\u00ed que un fuerte aplauso para los profes y para los asistentes a este evento\u201d, dijo.<\/p>\n<p><strong>NUEVOS SOBERANOS ELECTOS<\/strong><\/p>\n<p>Reina de la Primavera Goya: Rosa Sotelo<\/p>\n<p>1era Princesa: Otilia Taborda<\/p>\n<p>2da Princesa: Julia D\u00edaz<\/p>\n<h3><strong><img loading=\"lazy\" decoding=\"async\" class=\"size-medium wp-image-24851 alignright lazyloaded\" src=\"https:\/\/883radiociudad.gob.ar\/wp-content\/uploads\/2022\/09\/ADULTO-MAYORES-2-300x200.jpeg\" sizes=\"auto, (max-width: 300px) 100vw, 300px\" srcset=\"https:\/\/883radiociudad.gob.ar\/wp-content\/uploads\/2022\/09\/ADULTO-MAYORES-2-300x200.jpeg 300w, https:\/\/883radiociudad.gob.ar\/wp-content\/uploads\/2022\/09\/ADULTO-MAYORES-2-1024x682.jpeg 1024w, https:\/\/883radiociudad.gob.ar\/wp-content\/uploads\/2022\/09\/ADULTO-MAYORES-2-768x512.jpeg 768w, https:\/\/883radiociudad.gob.ar\/wp-content\/uploads\/2022\/09\/ADULTO-MAYORES-2-scaled.jpeg 1020w\" alt=\"\" width=\"300\" height=\"200\" data-srcset=\"https:\/\/883radiociudad.gob.ar\/wp-content\/uploads\/2022\/09\/ADULTO-MAYORES-2-300x200.jpeg 300w, https:\/\/883radiociudad.gob.ar\/wp-content\/uploads\/2022\/09\/ADULTO-MAYORES-2-1024x682.jpeg 1024w, https:\/\/883radiociudad.gob.ar\/wp-content\/uploads\/2022\/09\/ADULTO-MAYORES-2-768x512.jpeg 768w, https:\/\/883radiociudad.gob.ar\/wp-content\/uploads\/2022\/09\/ADULTO-MAYORES-2-scaled.jpeg 1020w\" data-src=\"https:\/\/883radiociudad.gob.ar\/wp-content\/uploads\/2022\/09\/ADULTO-MAYORES-2-300x200.jpeg\" data-sizes=\"(max-width: 300px) 100vw, 300px\" \/><\/strong><\/h3>\n<p>Miss Elegancia: Aurelia Almir\u00f3n<\/p>\n<p>Miss Simpat\u00eda: Juana Duarte<\/p>\n<p>Rey de la Primavera Goya: Adolfo Sotelo<\/p>\n<p>1er Pr\u00edncipe: Omar Ortiz<\/p>\n<p>2do Pr\u00edncipe: Alfredo Montiel<\/p>\n<p>Reina de la Primavera de Colonia Carolina: Ana Benetti.<\/p>\n<p>1era Princesa: Cristina R\u00edos.<\/p>\n<h3><strong><img loading=\"lazy\" decoding=\"async\" class=\"size-medium wp-image-24849 alignright lazyloaded\" src=\"https:\/\/883radiociudad.gob.ar\/wp-content\/uploads\/2022\/09\/ADULTO-MAYORES-300x200.jpeg\" sizes=\"auto, (max-width: 300px) 100vw, 300px\" srcset=\"https:\/\/883radiociudad.gob.ar\/wp-content\/uploads\/2022\/09\/ADULTO-MAYORES-300x200.jpeg 300w, https:\/\/883radiociudad.gob.ar\/wp-content\/uploads\/2022\/09\/ADULTO-MAYORES-1024x682.jpeg 1024w, https:\/\/883radiociudad.gob.ar\/wp-content\/uploads\/2022\/09\/ADULTO-MAYORES-768x512.jpeg 768w, https:\/\/883radiociudad.gob.ar\/wp-content\/uploads\/2022\/09\/ADULTO-MAYORES-scaled.jpeg 1020w\" alt=\"\" width=\"300\" height=\"200\" data-srcset=\"https:\/\/883radiociudad.gob.ar\/wp-content\/uploads\/2022\/09\/ADULTO-MAYORES-300x200.jpeg 300w, https:\/\/883radiociudad.gob.ar\/wp-content\/uploads\/2022\/09\/ADULTO-MAYORES-1024x682.jpeg 1024w, https:\/\/883radiociudad.gob.ar\/wp-content\/uploads\/2022\/09\/ADULTO-MAYORES-768x512.jpeg 768w, https:\/\/883radiociudad.gob.ar\/wp-content\/uploads\/2022\/09\/ADULTO-MAYORES-scaled.jpeg 1020w\" data-src=\"https:\/\/883radiociudad.gob.ar\/wp-content\/uploads\/2022\/09\/ADULTO-MAYORES-300x200.jpeg\" data-sizes=\"(max-width: 300px) 100vw, 300px\" \/><\/strong><\/h3>\n<p>Rey de la Primavera de Colonia Carolina: Juan Mareco<\/p>\n<p>1er. Pr\u00edncipe: \u00c1ngel Fern\u00e1ndez<\/p>\n","protected":false},"excerpt":{"rendered":"<p>Este jueves se llev\u00f3 adelante una excelente jornada llena de juegos, deporte y diversi\u00f3n en el Play\u00f3n del Instituto San Mart\u00edn de Goya.\u00a0\u00a0\u00a0\u00a0 Esta actividad fue organizada por los profes del Club de Adultos Mayores, dependiente de la Direcci\u00f3n de Deportes de la Municipalidad de Goya, en conjunto con alumnos de 1ro, 2do y 4to [&hellip;]<\/p>\n","protected":false},"author":2,"featured_media":8057,"comment_status":"closed","ping_status":"closed","sticky":false,"template":"","format":"standard","meta":{"footnotes":""},"categories":[56],"tags":[],"class_list":{"0":"post-8056","1":"post","2":"type-post","3":"status-publish","4":"format-standard","5":"has-post-thumbnail","7":"category-locales"},"_links":{"self":[{"href":"https:\/\/radiobitacora.com.ar\/web\/wp-json\/wp\/v2\/posts\/8056","targetHints":{"allow":["GET"]}}],"collection":[{"href":"https:\/\/radiobitacora.com.ar\/web\/wp-json\/wp\/v2\/posts"}],"about":[{"href":"https:\/\/radiobitacora.com.ar\/web\/wp-json\/wp\/v2\/types\/post"}],"author":[{"embeddable":true,"href":"https:\/\/radiobitacora.com.ar\/web\/wp-json\/wp\/v2\/users\/2"}],"replies":[{"embeddable":true,"href":"https:\/\/radiobitacora.com.ar\/web\/wp-json\/wp\/v2\/comments?post=8056"}],"version-history":[{"count":0,"href":"https:\/\/radiobitacora.com.ar\/web\/wp-json\/wp\/v2\/posts\/8056\/revisions"}],"wp:featuredmedia":[{"embeddable":true,"href":"https:\/\/radiobitacora.com.ar\/web\/wp-json\/wp\/v2\/media\/8057"}],"wp:attachment":[{"href":"https:\/\/radiobitacora.com.ar\/web\/wp-json\/wp\/v2\/media?parent=8056"}],"wp:term":[{"taxonomy":"category","embeddable":true,"href":"https:\/\/radiobitacora.com.ar\/web\/wp-json\/wp\/v2\/categories?post=8056"},{"taxonomy":"post_tag","embeddable":true,"href":"https:\/\/radiobitacora.com.ar\/web\/wp-json\/wp\/v2\/tags?post=8056"}],"curies":[{"name":"wp","href":"https:\/\/api.w.org\/{rel}","templated":true}]}}