{"id":8065,"date":"2022-09-16T19:48:16","date_gmt":"2022-09-16T22:48:16","guid":{"rendered":"https:\/\/radiobitacora.com.ar\/web\/?p=8065"},"modified":"2022-09-16T19:48:16","modified_gmt":"2022-09-16T22:48:16","slug":"mauricio-macri-hablo-sobre-la-posibilidad-de-reunirse-con-cristina-kirchner-con-la-constitucion-sobre-la-mesa-si","status":"publish","type":"post","link":"https:\/\/radiobitacora.com.ar\/web\/2022\/09\/16\/mauricio-macri-hablo-sobre-la-posibilidad-de-reunirse-con-cristina-kirchner-con-la-constitucion-sobre-la-mesa-si\/","title":{"rendered":"Mauricio Macri habl\u00f3 sobre la posibilidad de reunirse con Cristina Kirchner: \u201cCon la Constituci\u00f3n sobre la mesa, s\u00ed\u201d"},"content":{"rendered":"<p class=\"paragraph\">En medio del llamado al di\u00e1logo que hizo al vicepresidenta\u00a0<b>Cristina Kirchner<\/b>\u00a0para lograr un acuerdo por la crisis econ\u00f3mica,\u00a0<b>Mauricio Macri retom\u00f3 las cr\u00edticas a la gesti\u00f3n del Frente de Todos al asegurar que \u201cest\u00e1n fracasando con ideas que no funcionan\u201d<\/b>. Esas declaraciones las brind\u00f3 durante una recorrida que encabez\u00f3 este viernes en la localidad bonaerense de Jun\u00edn, donde se reuni\u00f3 con vecinos y dirigente locales. De todos modos, dijo que se reunir\u00eda pero \u201ccon la Constituci\u00f3n sobre la mesa\u201d.<\/p>\n<p class=\"paragraph\">Si bien su aparici\u00f3n en la provincia de Buenos Aires tuvo un tinte electoral, desde el entorno del ex presidente descartaron a\u00a0<b>Infobae\u00a0<\/b>que su visita a Pergamino haya sido parte de una posible campa\u00f1a presidencial, en momentos en que el PRO vive una fuerte interna por las candidaturas para el 2023.<\/p>\n<p class=\"paragraph\"><b>\u201cCon la Constituci\u00f3n sobre la mesa, s\u00ed\u201d<\/b>, respondi\u00f3 Macri cuando le pregunt\u00f3 un periodista local sobre la posibilidad de reunirse con Fern\u00e1ndez de Kirchner.<\/p>\n<p class=\"paragraph\">En di\u00e1logo con Infobae, desde su entorno recordaron que el\u00a0<b>\u201c\u00e1mbito para ese tipo de di\u00e1logo y acuerdos es el Congreso\u201d\u00a0<\/b>y aclararon que nunca recibieron una invitaci\u00f3n formal por parte del oficialismo.<\/p>\n<p class=\"paragraph\">Luego del atentado que sufri\u00f3 en la puerta de su casa, Fern\u00e1ndez de Kirchner reapareci\u00f3 este jueves en el Senado en un encuentro con curas villeros. All\u00ed record\u00f3 su reuni\u00f3n con el economista\u00a0<b>Carlos Melconian<\/b>: \u201cLa gracia no es juntarse con los que piensan igual. La gracia es juntarse con los que piensan distinto y ver, si al menos en econom\u00eda, podemos tener un acuerdo m\u00ednimo\u201d.<\/p>\n<p class=\"paragraph\">\u201cPorque todos hablan de la inflaci\u00f3n. El problema es que la inflaci\u00f3n viene porque no tenemos moneda que es lo que yo opino, vieron en las conferencias que ven\u00eda dando de la econom\u00eda bimonetaria. Es eso, hay que ponerse medianamente de acuerdo en eso para volver a reconstruir\u201d, expres\u00f3 en una invitaci\u00f3n al di\u00e1logo con la oposici\u00f3n.<\/p>\n<div class=\"visual__image\"><img loading=\"lazy\" decoding=\"async\" class=\"\" src=\"https:\/\/cloudfront-us-east-1.images.arcpublishing.com\/infobae\/OAACZ4IPMFHIHOLIPIVBOVYHAE.jpeg\" sizes=\"auto, (min-width: 800px) 50vw, 90vw\" srcset=\"https:\/\/www.infobae.com\/new-resizer\/yCrQdcOuM9qiMEmeXzdxQawr0vg=\/420x420\/filters:format(webp):quality(85)\/cloudfront-us-east-1.images.arcpublishing.com\/infobae\/OAACZ4IPMFHIHOLIPIVBOVYHAE.jpeg 420w,https:\/\/www.infobae.com\/new-resizer\/SYHj6CEHSSOLPaNM0L1U6pRWUn8=\/768x768\/filters:format(webp):quality(85)\/cloudfront-us-east-1.images.arcpublishing.com\/infobae\/OAACZ4IPMFHIHOLIPIVBOVYHAE.jpeg 768w,https:\/\/www.infobae.com\/new-resizer\/tbXndU7GUwZ4gta55FKr-HkTjpk=\/992x992\/filters:format(webp):quality(85)\/cloudfront-us-east-1.images.arcpublishing.com\/infobae\/OAACZ4IPMFHIHOLIPIVBOVYHAE.jpeg 992w,https:\/\/www.infobae.com\/new-resizer\/0rYY0YrlGWzORiy5_yXgBo8FXAA=\/1200x1200\/filters:format(webp):quality(85)\/cloudfront-us-east-1.images.arcpublishing.com\/infobae\/OAACZ4IPMFHIHOLIPIVBOVYHAE.jpeg 1200w,https:\/\/www.infobae.com\/new-resizer\/2DN8DwvWenL9hpkPEkoFWdvhdVc=\/1440x1440\/filters:format(webp):quality(85)\/cloudfront-us-east-1.images.arcpublishing.com\/infobae\/OAACZ4IPMFHIHOLIPIVBOVYHAE.jpeg 1440w\" alt=\"Mauricio Macri se sac\u00f3 fotos con los vecinos de Pergamino\" width=\"998\" height=\"1024\" \/>Mauricio Macri se sac\u00f3 fotos con los vecinos de Pergamino<\/div>\n<p class=\"paragraph\">Lejos de acercar posiciones, durante un almuerzo en Pergamino con dirigentes del PRO de la cuarta secci\u00f3n electoral bonaerense, Macri dijo que m\u00e1s que enfocarse en discutir nombres y candidaturas, los dirigentes deber\u00edan poner \u00e9nfasis en desarrollar y comunicar sus ideas y su proyecto de pa\u00eds. \u201cLo importante son las ideas, que nos van a sobrevivir a todos nosotros. Tenemos que explicarle a la gente que ahora no es que est\u00e1 fracasando s\u00f3lo el kirchnerismo, est\u00e1n fracasando ideas que no funcionan\u201d, expres\u00f3.<\/p>\n<p class=\"paragraph\">Durante el almuerzo, del que participaron unas 80 personas con intendentes, legisladores, concejales y referentes, Macri enfatiz\u00f3 en que, aunque Cristina Kirchner es, sin dudas, una protagonista del proceso actual,\u00a0<b>\u201clo de fondo, lo m\u00e1s grave que ha destruido a la Argentina, son ideas equivocadas\u201d.<\/b>\u00a0Y cit\u00f3, entre esas ideas equivocadas, a no creer ni \u201cen la cultura del trabajo, en la meritocracia, en el esfuerzo personal, en ser parte del mundo, en la transparencia\u201d.<\/p>\n<p class=\"paragraph\">El ex presidente hab\u00eda iniciado su agenda en Pergamino, donde se reuni\u00f3 con el intendente Javier Mart\u00ednez (PRO) e hizo una recorrida por las calles c\u00e9ntricas, donde salud\u00f3 y se tom\u00f3 fotos con decenas de simpatizantes que se le acercaron. En Pergamino tambi\u00e9n se reuni\u00f3 con un grupo de referentes partidarios de la segunda secci\u00f3n electoral.<\/p>\n<p class=\"paragraph\">M\u00e1s tarde se traslad\u00f3 a Jun\u00edn, donde visit\u00f3 al intendente Pablo Petrecca (tambi\u00e9n del PRO), visit\u00f3 el entrenamiento del club de f\u00fatbol La Favela e hizo una caminata por el centro de la ciudad.<\/p>\n","protected":false},"excerpt":{"rendered":"<p>En medio del llamado al di\u00e1logo que hizo al vicepresidenta\u00a0Cristina Kirchner\u00a0para lograr un acuerdo por la crisis econ\u00f3mica,\u00a0Mauricio Macri retom\u00f3 las cr\u00edticas a la gesti\u00f3n del Frente de Todos al asegurar que \u201cest\u00e1n fracasando con ideas que no funcionan\u201d. Esas declaraciones las brind\u00f3 durante una recorrida que encabez\u00f3 este viernes en la localidad bonaerense de [&hellip;]<\/p>\n","protected":false},"author":2,"featured_media":8066,"comment_status":"closed","ping_status":"closed","sticky":false,"template":"","format":"standard","meta":{"footnotes":""},"categories":[79],"tags":[],"class_list":{"0":"post-8065","1":"post","2":"type-post","3":"status-publish","4":"format-standard","5":"has-post-thumbnail","7":"category-politica"},"_links":{"self":[{"href":"https:\/\/radiobitacora.com.ar\/web\/wp-json\/wp\/v2\/posts\/8065","targetHints":{"allow":["GET"]}}],"collection":[{"href":"https:\/\/radiobitacora.com.ar\/web\/wp-json\/wp\/v2\/posts"}],"about":[{"href":"https:\/\/radiobitacora.com.ar\/web\/wp-json\/wp\/v2\/types\/post"}],"author":[{"embeddable":true,"href":"https:\/\/radiobitacora.com.ar\/web\/wp-json\/wp\/v2\/users\/2"}],"replies":[{"embeddable":true,"href":"https:\/\/radiobitacora.com.ar\/web\/wp-json\/wp\/v2\/comments?post=8065"}],"version-history":[{"count":0,"href":"https:\/\/radiobitacora.com.ar\/web\/wp-json\/wp\/v2\/posts\/8065\/revisions"}],"wp:featuredmedia":[{"embeddable":true,"href":"https:\/\/radiobitacora.com.ar\/web\/wp-json\/wp\/v2\/media\/8066"}],"wp:attachment":[{"href":"https:\/\/radiobitacora.com.ar\/web\/wp-json\/wp\/v2\/media?parent=8065"}],"wp:term":[{"taxonomy":"category","embeddable":true,"href":"https:\/\/radiobitacora.com.ar\/web\/wp-json\/wp\/v2\/categories?post=8065"},{"taxonomy":"post_tag","embeddable":true,"href":"https:\/\/radiobitacora.com.ar\/web\/wp-json\/wp\/v2\/tags?post=8065"}],"curies":[{"name":"wp","href":"https:\/\/api.w.org\/{rel}","templated":true}]}}