{"id":8068,"date":"2022-09-16T19:51:15","date_gmt":"2022-09-16T22:51:15","guid":{"rendered":"https:\/\/radiobitacora.com.ar\/web\/?p=8068"},"modified":"2022-09-16T19:51:15","modified_gmt":"2022-09-16T22:51:15","slug":"pese-a-la-desmentida-oficial-la-suspension-de-las-paso-recobra-fuerza-por-el-posicionamiento-de-dos-gobernadores","status":"publish","type":"post","link":"https:\/\/radiobitacora.com.ar\/web\/2022\/09\/16\/pese-a-la-desmentida-oficial-la-suspension-de-las-paso-recobra-fuerza-por-el-posicionamiento-de-dos-gobernadores\/","title":{"rendered":"Pese a la desmentida oficial, la suspensi\u00f3n de las PASO recobra fuerza por el posicionamiento de dos gobernadores"},"content":{"rendered":"<p class=\"paragraph\">La versi\u00f3n fue desmentida por la vocera presidencial,\u00a0<b>Gabierla Cerruti<\/b>, la semana pasada. Pocos d\u00edas despu\u00e9s, el jefe de Gabinete,\u00a0<b>Juan Manzur<\/b>, tambi\u00e9n rechaz\u00f3 las versiones. Sin embargo, la eventual\u00a0<b>eliminaci\u00f3n o suspensi\u00f3n de las PASO<\/b>\u00a0a nivel nacional se mantiene entre las m\u00e1ximas preocupaciones de gran parte de la oposici\u00f3n y despierta inter\u00e9s en las filas oficialistas.<\/p>\n<p class=\"paragraph\">Esta ma\u00f1ana, un repentino posicionamiento de la senadora\u00a0<b>Alejandra Vigo<\/b>\u00a0y del diputado\u00a0<b>Carlos Guti\u00e9rrez<\/b>, ambos del bloque\u00a0<b>C\u00f3rdoba Federal<\/b>, gener\u00f3 sorpresa e indignaci\u00f3n en las filas de Juntos por el Cambio.<\/p>\n<p class=\"paragraph\">Las luces de alerta de la oposici\u00f3n se encendieron cuando los legisladores cordobeses, que responden al gobernador\u00a0<b>Juan Schiaretti<\/b>, salieron a \u201caclarar\u201d que su espacio pol\u00edtico \u201c<b>nunca estuvo a favor de las PASO<\/b>\u201d porque representan un \u201c<b>gastadero de plata<\/b>\u00a0y obligan a la gente a votar en una elecci\u00f3n interna de un partido pol\u00edtico al que no pertenece\u201d.<\/p>\n<p class=\"paragraph\">En tono confrontativo, desde C\u00f3rdoba Federal le recriminaron a Juntos por el Cambio y al Frente de Todos que ahora \u201cpor conveniencia\u201d cambiaron su posici\u00f3n. Ante la consulta de\u00a0<b>Infobae<\/b>, cerca del gobernador explicaron que decidieron<b>\u00a0salir a marcar su postura<\/b>\u00a0ante las diferentes especulaciones en torno a los cordobeses.<\/p>\n<div class=\"visual__image\"><img loading=\"lazy\" decoding=\"async\" class=\"\" src=\"https:\/\/cloudfront-us-east-1.images.arcpublishing.com\/infobae\/XNGG2SRETVBNTNOKXTOVBEMR4Y.jpg\" sizes=\"auto, (min-width: 800px) 50vw, 90vw\" srcset=\"https:\/\/www.infobae.com\/new-resizer\/8YFZRANyrJeFatmsAsxkFkELCd4=\/420x187\/filters:format(webp):quality(85)\/cloudfront-us-east-1.images.arcpublishing.com\/infobae\/XNGG2SRETVBNTNOKXTOVBEMR4Y.jpg 420w,https:\/\/www.infobae.com\/new-resizer\/Nep6biU7PEYG-UG1r8Hdnb1aG7A=\/768x341\/filters:format(webp):quality(85)\/cloudfront-us-east-1.images.arcpublishing.com\/infobae\/XNGG2SRETVBNTNOKXTOVBEMR4Y.jpg 768w,https:\/\/www.infobae.com\/new-resizer\/dU6UvvzClZ91M4kafZY19wAb3EM=\/992x441\/filters:format(webp):quality(85)\/cloudfront-us-east-1.images.arcpublishing.com\/infobae\/XNGG2SRETVBNTNOKXTOVBEMR4Y.jpg 992w,https:\/\/www.infobae.com\/new-resizer\/JFDW55jPriHuuOjraqPLb-6oOjI=\/1200x533\/filters:format(webp):quality(85)\/cloudfront-us-east-1.images.arcpublishing.com\/infobae\/XNGG2SRETVBNTNOKXTOVBEMR4Y.jpg 1200w\" alt=\"\" width=\"1920\" height=\"932\" \/><\/div>\n<p class=\"paragraph\">\u201cHablan de C\u00f3rdoba pero son ellos los que cambian de postura. Juntos por el Cambio criticaba las PASO en 2017 y ahora las defiende. El kirchnerismo las implement\u00f3 y ahora las quiere suspender.\u00a0<b>Nosotros mantuvimos siempre la misma postura<\/b>\u201d, detallaron. Tambi\u00e9n aclararon que Alberto Fern\u00e1ndez nunca habl\u00f3 del tema con Schiaretti.<\/p>\n<p class=\"paragraph\">Por otro lado, tampoco desconocieron que las declaraciones desencadenar\u00edan a\u00fan m\u00e1s especulaciones sobre lo que podr\u00eda pasar en el Congreso. \u201cNo hay ning\u00fan proyecto en discusi\u00f3n as\u00ed que no se puede adelantar un posicionamiento.\u00a0<b>Si manda alg\u00fan proyecto, se analizar\u00e1<\/b>\u201d, advirtieron dejando una puerta abierta.<\/p>\n<p class=\"paragraph\">El jefe del bloque de diputados de la UCR,\u00a0<b>Mario Negri<\/b>, sali\u00f3 inmediatamente al cruce de sus coterr\u00e1neos cordobeses. \u201cEl PJ de C\u00f3rdoba hoy apoya suspender las PASO, se niega a habilitarlas en la provincia y manipula las fechas electorales a su conveniencia. Dicen ser distintos pero hacen lo mismo que el kirchnerismo\u201d, public\u00f3 con tono indignado en las redes sociales.<\/p>\n<p class=\"paragraph\">La eliminaci\u00f3n de las primarias podr\u00eda ser una pieza clave en una\u00a0<a href=\"https:\/\/www.infobae.com\/politica\/2022\/09\/16\/schiaretti-esta-decidido-a-ser-candidato-a-presidente-y-levantara-el-perfil-para-instalar-su-proyecto-politico\/\" target=\"_blank\" rel=\"noopener\"><b>candidatura presidencial de Schiaretti<\/b><\/a>\u00a0por fuera de las dos grandes coaliciones debido a que consideran que las\u00a0<b>PASO perjudican a los partidos chicos<\/b>, ya que suelen perder votos entre las primarias y las elecciones generales por la polarizaci\u00f3n, y adem\u00e1s los obliga a gastar m\u00e1s recursos para mantener la campa\u00f1a a nivel nacional durante el doble de tiempo. Esto pone a las estructuras chicas en desigualdad de condiciones.<\/p>\n<div class=\"visual__image\"><img loading=\"lazy\" decoding=\"async\" class=\"\" src=\"https:\/\/cloudfront-us-east-1.images.arcpublishing.com\/infobae\/LMVFT6YMJVBV3OFXIWF2M3VXAE.jpg\" sizes=\"auto, (min-width: 800px) 50vw, 90vw\" srcset=\"https:\/\/www.infobae.com\/new-resizer\/9XBydjaNEmkvaBFzeCeGDQupuFc=\/420x236\/filters:format(webp):quality(85)\/cloudfront-us-east-1.images.arcpublishing.com\/infobae\/LMVFT6YMJVBV3OFXIWF2M3VXAE.jpg 420w,https:\/\/www.infobae.com\/new-resizer\/UuAZ1P3CfWqExxIbTKOiJH5Vk8I=\/768x432\/filters:format(webp):quality(85)\/cloudfront-us-east-1.images.arcpublishing.com\/infobae\/LMVFT6YMJVBV3OFXIWF2M3VXAE.jpg 768w,https:\/\/www.infobae.com\/new-resizer\/triMbQEYG96IbQ4Anr0uyz-4diw=\/992x558\/filters:format(webp):quality(85)\/cloudfront-us-east-1.images.arcpublishing.com\/infobae\/LMVFT6YMJVBV3OFXIWF2M3VXAE.jpg 992w,https:\/\/www.infobae.com\/new-resizer\/k4byYAveQwsyJ1jzCZ8wKHU4JW4=\/1200x675\/filters:format(webp):quality(85)\/cloudfront-us-east-1.images.arcpublishing.com\/infobae\/LMVFT6YMJVBV3OFXIWF2M3VXAE.jpg 1200w,https:\/\/www.infobae.com\/new-resizer\/GBbqysh6p3hfW8fAToRRMkE5_CY=\/1440x810\/filters:format(webp):quality(85)\/cloudfront-us-east-1.images.arcpublishing.com\/infobae\/LMVFT6YMJVBV3OFXIWF2M3VXAE.jpg 1440w\" alt=\"Liga de Gobernadores Peronistas\" width=\"1920\" height=\"1080\" \/>Liga de Gobernadores Peronistas<\/div>\n<p class=\"paragraph\">A esto se suma que Schiaretti\u00a0<b>no es el \u00fanico gobernador<\/b>\u00a0que ve con malos ojos las primarias. Esta semana, el mismo d\u00eda que el jefe de Gabinete se present\u00f3 ante la C\u00e1mara de Diputados para dar su informe de gesti\u00f3n,\u00a0<b>Jorge Capitanich<\/b>\u00a0le envi\u00f3 un mensaje claro a trav\u00e9s de las redes sociales. Le pidi\u00f3 a Manzur, en nombre de la\u00a0<b>Liga de Gobernadores<\/b>, \u201credistribuir los recursos no imprescindibles &#8211;<b>financiamiento de gastos electorales<\/b>&#8211; a los efectos de promover m\u00e1s transferencias directas para el desarrollo productivo y social\u201d. Aunque la declaraci\u00f3n fue algo elusiva, quedaron pocas dudas de que el peronismo -al menos en las provincias que gobierna- busca eliminar las PASO.<\/p>\n<div class=\"visual__image\"><img loading=\"lazy\" decoding=\"async\" class=\"\" src=\"https:\/\/cloudfront-us-east-1.images.arcpublishing.com\/infobae\/76EYKMOLRFBI7IR6NJB3CHXKSQ.jpg\" alt=\"\" width=\"1920\" height=\"677\" \/><\/div>\n<p class=\"paragraph\">Los oficialismo en\u00a0<b>Chubut\u00a0<\/b>y\u00a0<b>Catamarca\u00a0<\/b>ya dejaron en claro que buscan eliminar las PASO a nivel provincial. En\u00a0<a href=\"https:\/\/www.infobae.com\/politica\/2022\/08\/26\/salta-aprobo-la-suspension-de-las-paso-en-la-provincia\/\" target=\"_blank\" rel=\"noopener\"><b>Salta\u00a0<\/b><\/a>y\u00a0<a href=\"https:\/\/www.infobae.com\/politica\/2022\/09\/09\/con-criticas-de-la-oposicion-y-presentaciones-judiciales-se-aprobo-en-san-juan-la-ley-de-lemas-para-las-proximas-elecciones\/\" target=\"_blank\" rel=\"noopener\"><b>San Juan<\/b>\u00a0<\/a>ya se dieron pasos concretos en ese sentido con una suspensi\u00f3n para 2023 y con la introducci\u00f3n de la Ley de Lemas, respectivamente.<\/p>\n<p class=\"paragraph\">Ante la evidente presi\u00f3n de los gobernadores, los votos de\u00a0<b>los cordobeses juegan un rol clave en el Congreso<\/b>, donde el oficialismo no tiene mayor\u00eda pero podr\u00eda alcanzarla.<\/p>\n<p class=\"paragraph\">En la C\u00e1mara de Diputados, el Frente de Todos tiene<b>\u00a0117 votos<\/b>, a los que ahora sumar\u00eda tres del bloque C\u00f3rdoba Federal. Tambi\u00e9n contar\u00eda con otros cuatro del interbloque<b>\u00a0Provincias Unidas<\/b>, que nuclea misioneros y rionegrinos (donde se eliminaron las PASO en 2018).<\/p>\n<div class=\"visual__image\"><img loading=\"lazy\" decoding=\"async\" class=\"\" src=\"https:\/\/cloudfront-us-east-1.images.arcpublishing.com\/infobae\/QQPU2F7DVNEERPWBHASZ4E3C6A.jpg\" sizes=\"auto, (min-width: 800px) 50vw, 90vw\" srcset=\"https:\/\/www.infobae.com\/new-resizer\/E1grenNbIdH6jOVQy4FITdtwU78=\/420x236\/filters:format(webp):quality(85)\/cloudfront-us-east-1.images.arcpublishing.com\/infobae\/QQPU2F7DVNEERPWBHASZ4E3C6A.jpg 420w,https:\/\/www.infobae.com\/new-resizer\/NlaGiU8BRRy-1_MHsrZG8scJHZc=\/768x432\/filters:format(webp):quality(85)\/cloudfront-us-east-1.images.arcpublishing.com\/infobae\/QQPU2F7DVNEERPWBHASZ4E3C6A.jpg 768w,https:\/\/www.infobae.com\/new-resizer\/yYzu_19icB-hZbyI3F7e1BCQxZU=\/992x558\/filters:format(webp):quality(85)\/cloudfront-us-east-1.images.arcpublishing.com\/infobae\/QQPU2F7DVNEERPWBHASZ4E3C6A.jpg 992w,https:\/\/www.infobae.com\/new-resizer\/eK4BWqKFFY3O6WuXkvcWj2l-KXI=\/1200x675\/filters:format(webp):quality(85)\/cloudfront-us-east-1.images.arcpublishing.com\/infobae\/QQPU2F7DVNEERPWBHASZ4E3C6A.jpg 1200w,https:\/\/www.infobae.com\/new-resizer\/3NwsLrBA26iRHNnrheXG1n78n7E=\/1440x810\/filters:format(webp):quality(85)\/cloudfront-us-east-1.images.arcpublishing.com\/infobae\/QQPU2F7DVNEERPWBHASZ4E3C6A.jpg 1440w\" alt=\"C\u00e1mara de Diputados\" width=\"1920\" height=\"1080\" \/>C\u00e1mara de Diputados<\/div>\n<p class=\"paragraph\">Con 124 votos en su haber, el oficialismo queda cerca del\u00a0<b>m\u00ednimo de 129<\/b>\u00a0y tiene varios espacios con los que podr\u00eda negociar. Por ejemplo, el diputado Rolando Figueroa del\u00a0<b>Movimiento Popular Neuquino<\/b>\u00a0y los legisladores de\u00a0<b>SER<\/b>, Claudio Vidal y Felipe \u00c1lvarez, que en varias oportunidades han votado junto con el Frente de Todos.<\/p>\n<p class=\"paragraph\">Tambi\u00e9n podr\u00eda apelar, por diferentes razones, a los extremos del arco pol\u00edtico. El\u00a0<b>Frente de Izquierda<\/b>, que tiene cuatro diputados, siempre cuestion\u00f3 los \u201cpisos proscriptivos (1,5% del padr\u00f3n electoral)\u201d que se establecen en las PASO para participar en la elecci\u00f3n general. Sin embargo, ante la consulta de\u00a0<b>Infobae\u00a0<\/b>se\u00f1alaron que \u201c<b>no es un tema de agenda urgente<\/b>\u201d. Al otro lado del espectro,<b>\u00a0Javier Milei\u00a0<\/b>y Victoria Villarruel podr\u00edan ser seducidos con un \u201cargumento fiscalista\u201d: eliminar el gasto que generan los comicios. \u201c<b>No es un tema de la agenda de la sociedad, solo de la pol\u00edtica<\/b>\u201d, respondieron desde el entorno del economista libertario. Hace pocas semanas, el principal armador de Milei critic\u00f3 las primarias por sus costos.<\/p>\n<div class=\"visual__image\"><img loading=\"lazy\" decoding=\"async\" class=\"\" src=\"https:\/\/cloudfront-us-east-1.images.arcpublishing.com\/infobae\/XNHHQPLTMVCLVBXO7WTYBMZPX4.jpg\" sizes=\"auto, (min-width: 800px) 50vw, 90vw\" srcset=\"https:\/\/www.infobae.com\/new-resizer\/qPAxIcVxww5apyJBnRpQtpqHjZM=\/420x187\/filters:format(webp):quality(85)\/cloudfront-us-east-1.images.arcpublishing.com\/infobae\/XNHHQPLTMVCLVBXO7WTYBMZPX4.jpg 420w,https:\/\/www.infobae.com\/new-resizer\/WPtvjccGvIW3Q4O8vMhDZihQmH0=\/768x341\/filters:format(webp):quality(85)\/cloudfront-us-east-1.images.arcpublishing.com\/infobae\/XNHHQPLTMVCLVBXO7WTYBMZPX4.jpg 768w,https:\/\/www.infobae.com\/new-resizer\/MbuIz73y9Aj2UnerRHQ1QFs7MpM=\/992x441\/filters:format(webp):quality(85)\/cloudfront-us-east-1.images.arcpublishing.com\/infobae\/XNHHQPLTMVCLVBXO7WTYBMZPX4.jpg 992w,https:\/\/www.infobae.com\/new-resizer\/r41JYKflegOtyF9iJGYoIRVt2So=\/1200x533\/filters:format(webp):quality(85)\/cloudfront-us-east-1.images.arcpublishing.com\/infobae\/XNHHQPLTMVCLVBXO7WTYBMZPX4.jpg 1200w\" alt=\"Carlos Kikuchi, principal asesor y armador pol\u00edtico de Milei, critic\u00f3 las PASO\" width=\"1920\" height=\"846\" \/>Carlos Kikuchi, principal asesor y armador pol\u00edtico de Milei, critic\u00f3 las PASO<\/div>\n<p class=\"paragraph\">Hay otros dos diputados que cuestionan las PASO pero aseguran que los cambios en el r\u00e9gimen electoral deber\u00eda hacerse en 2024, para que no beneficie ni perjudique a ning\u00fan espacio. As\u00ed lo manifestaron el liberal\u00a0<b>Jos\u00e9 Luis Espert<\/b>\u00a0y el lavagnista\u00a0<b>Alejandro \u201cTopo\u201d Rodr\u00edguez\u00a0<\/b>(quien fue consultado sobre el tema por este medio la semana pasada).<\/p>\n<p class=\"paragraph\">Si se eliminan las primarias\u00a0<b>el principal perjudicado ser\u00e1 Juntos por el Cambio<\/b>, que enfrenta fuertes tensiones para definir liderazgos no solo entre los partidos que integran la coalici\u00f3n sino al interior de los mismos. Mientras los radicales, liderados por\u00a0<b>Gerardo Morales\u00a0<\/b>y<b>\u00a0Facundo Manes<\/b>, buscan disputarle espacios al PRO, el partido fundado en la ciudad de Buenos Aires no encuentra la forma de sintetizar las candidaturas de\u00a0<b>Mauricio Macri, Patricia Bullrich\u00a0<\/b>y<b>\u00a0Horacio Rodr\u00edguez Larreta.<\/b><\/p>\n<div class=\"visual__image\"><img loading=\"lazy\" decoding=\"async\" class=\"\" src=\"https:\/\/cloudfront-us-east-1.images.arcpublishing.com\/infobae\/5IBKAI44I5BNZJ5QMYKCUTNF4E.jpeg\" sizes=\"auto, (min-width: 800px) 50vw, 90vw\" srcset=\"https:\/\/www.infobae.com\/new-resizer\/md1O1s7T73jIEwsFbtbihmMh4A4=\/420x236\/filters:format(webp):quality(85)\/cloudfront-us-east-1.images.arcpublishing.com\/infobae\/5IBKAI44I5BNZJ5QMYKCUTNF4E.jpeg 420w,https:\/\/www.infobae.com\/new-resizer\/EraEqrIMpbSj6D-WpAtMnkOt8Yc=\/768x432\/filters:format(webp):quality(85)\/cloudfront-us-east-1.images.arcpublishing.com\/infobae\/5IBKAI44I5BNZJ5QMYKCUTNF4E.jpeg 768w,https:\/\/www.infobae.com\/new-resizer\/fhfpm1vfS18QEmn0HiU_xxWAPDo=\/992x558\/filters:format(webp):quality(85)\/cloudfront-us-east-1.images.arcpublishing.com\/infobae\/5IBKAI44I5BNZJ5QMYKCUTNF4E.jpeg 992w,https:\/\/www.infobae.com\/new-resizer\/gtsi9VaJOw7Fxj3qVN60_ioIzUU=\/1200x675\/filters:format(webp):quality(85)\/cloudfront-us-east-1.images.arcpublishing.com\/infobae\/5IBKAI44I5BNZJ5QMYKCUTNF4E.jpeg 1200w,https:\/\/www.infobae.com\/new-resizer\/Aw0Q4fj4lLipsG59dsJ6yEK3NVs=\/1440x810\/filters:format(webp):quality(85)\/cloudfront-us-east-1.images.arcpublishing.com\/infobae\/5IBKAI44I5BNZJ5QMYKCUTNF4E.jpeg 1440w\" alt=\"Mauricio Macri y Gerardo Morales\" width=\"1536\" height=\"864\" \/>Mauricio Macri y Gerardo Morales<\/div>\n<p class=\"paragraph\">El Frente de Todos, recientemente reordenado tras la figura de Cristina Kirchner y Sergio Massa, enfrentar\u00eda un panorama mucho m\u00e1s simple. Siempre y cuando la situaci\u00f3n econ\u00f3mica le permita llegar competitivo a octubre del a\u00f1o que viene.<\/p>\n","protected":false},"excerpt":{"rendered":"<p>La versi\u00f3n fue desmentida por la vocera presidencial,\u00a0Gabierla Cerruti, la semana pasada. Pocos d\u00edas despu\u00e9s, el jefe de Gabinete,\u00a0Juan Manzur, tambi\u00e9n rechaz\u00f3 las versiones. Sin embargo, la eventual\u00a0eliminaci\u00f3n o suspensi\u00f3n de las PASO\u00a0a nivel nacional se mantiene entre las m\u00e1ximas preocupaciones de gran parte de la oposici\u00f3n y despierta inter\u00e9s en las filas oficialistas. Esta [&hellip;]<\/p>\n","protected":false},"author":2,"featured_media":8069,"comment_status":"closed","ping_status":"closed","sticky":false,"template":"","format":"standard","meta":{"footnotes":""},"categories":[79],"tags":[],"class_list":{"0":"post-8068","1":"post","2":"type-post","3":"status-publish","4":"format-standard","5":"has-post-thumbnail","7":"category-politica"},"_links":{"self":[{"href":"https:\/\/radiobitacora.com.ar\/web\/wp-json\/wp\/v2\/posts\/8068","targetHints":{"allow":["GET"]}}],"collection":[{"href":"https:\/\/radiobitacora.com.ar\/web\/wp-json\/wp\/v2\/posts"}],"about":[{"href":"https:\/\/radiobitacora.com.ar\/web\/wp-json\/wp\/v2\/types\/post"}],"author":[{"embeddable":true,"href":"https:\/\/radiobitacora.com.ar\/web\/wp-json\/wp\/v2\/users\/2"}],"replies":[{"embeddable":true,"href":"https:\/\/radiobitacora.com.ar\/web\/wp-json\/wp\/v2\/comments?post=8068"}],"version-history":[{"count":0,"href":"https:\/\/radiobitacora.com.ar\/web\/wp-json\/wp\/v2\/posts\/8068\/revisions"}],"wp:featuredmedia":[{"embeddable":true,"href":"https:\/\/radiobitacora.com.ar\/web\/wp-json\/wp\/v2\/media\/8069"}],"wp:attachment":[{"href":"https:\/\/radiobitacora.com.ar\/web\/wp-json\/wp\/v2\/media?parent=8068"}],"wp:term":[{"taxonomy":"category","embeddable":true,"href":"https:\/\/radiobitacora.com.ar\/web\/wp-json\/wp\/v2\/categories?post=8068"},{"taxonomy":"post_tag","embeddable":true,"href":"https:\/\/radiobitacora.com.ar\/web\/wp-json\/wp\/v2\/tags?post=8068"}],"curies":[{"name":"wp","href":"https:\/\/api.w.org\/{rel}","templated":true}]}}