{"id":8095,"date":"2022-09-17T08:35:19","date_gmt":"2022-09-17T11:35:19","guid":{"rendered":"https:\/\/radiobitacora.com.ar\/web\/?p=8095"},"modified":"2022-09-17T08:35:19","modified_gmt":"2022-09-17T11:35:19","slug":"david-beckham-hizo-12-horas-de-fila-para-despedir-a-la-reina-isabel-ii","status":"publish","type":"post","link":"https:\/\/radiobitacora.com.ar\/web\/2022\/09\/17\/david-beckham-hizo-12-horas-de-fila-para-despedir-a-la-reina-isabel-ii\/","title":{"rendered":"David Beckham hizo 12 horas de fila para despedir a la reina Isabel II"},"content":{"rendered":"<p>Miles de personas hicieron cola durante horas hoy en Londres para dar su \u00faltimo adi\u00f3s a la\u00a0<strong>reina Isabel II<\/strong>, que falleci\u00f3 el jueves pasado a los 96 a\u00f1os y cuyo f\u00e9retro permanecer\u00e1 durante cinco d\u00edas en la sede del Parlamento brit\u00e1nico antes del funeral y entierro previstos para el 19 de septiembre.<\/p>\n<p>Entre la multitud se encontraba\u00a0<strong>David Beckham<\/strong>, exjugador de la Selecci\u00f3n de Inglaterra y actual due\u00f1o del Inter de Miami, de la MLS, que\u00a0<strong>esper\u00f3 12 horas para poder ingresar a despedir a la reina<\/strong>.<\/p>\n<p>El exjugador de Manchester United y Real Madrid, se uni\u00f3 a la fila a las dos de la madrugada vestido con traje, sobretodo y boina, y esper\u00f3 su turno con las miles de personas para entrar al\u00a0<strong>Westminster Hall<\/strong>, donde se encontraba el f\u00e9retro, en homenaje a la reina.<\/p>\n<div class=\"statics_module block-aside\"><\/div>\n<p>&nbsp;<\/p>\n<figure class=\"media\">\n<div data-oembed-url=\"https:\/\/dailymotionAmura=x8dr5x5&amp;MM=25379\">\n<div><iframe loading=\"lazy\" src=\"https:\/\/www.dailymotion.com\/embed\/video\/x8dr5x5\" width=\"100%\" height=\"100%\" frameborder=\"0\" allowfullscreen=\"allowfullscreen\" data-mce-fragment=\"1\"><\/iframe><\/div>\n<\/div>\n<\/figure>\n<p>&nbsp;<\/p>\n<p>\u201cEste d\u00eda siempre iba a ser dif\u00edcil.\u00a0<strong>Nuestros pensamientos est\u00e1n con la familia<\/strong>. Es especial estar aqu\u00ed y escuchar las diferentes historias que la gente tiene para contar\u201d, dijo Beckham en dialog\u00f3 con\u00a0<strong>Sky News<\/strong>.<\/p>\n<p>&#8220;<strong>El momento m\u00e1s especial para m\u00ed fue recibir mi OBE<\/strong>\u00a0<strong>(Orden del Imperio Brit\u00e1nico, otorgado en 2003 por la propia Isabel II)<\/strong>. Llev\u00e9 a mis abuelos conmigo, quienes fueron los que realmente me educaron para ser un gran mon\u00e1rquico y fan\u00e1tico de la familia real\u201d, record\u00f3.<\/p>\n<div class=\"statics_module block-aside\"><\/div>\n<p><mark class=\"marker-yellow\">\u201cEs un d\u00eda triste, pero es un d\u00eda para recordar el incre\u00edble legado que ella dej\u00f3\u201d<\/mark>, agreg\u00f3.<\/p>\n","protected":false},"excerpt":{"rendered":"<p>Miles de personas hicieron cola durante horas hoy en Londres para dar su \u00faltimo adi\u00f3s a la\u00a0reina Isabel II, que falleci\u00f3 el jueves pasado a los 96 a\u00f1os y cuyo f\u00e9retro permanecer\u00e1 durante cinco d\u00edas en la sede del Parlamento brit\u00e1nico antes del funeral y entierro previstos para el 19 de septiembre. Entre la multitud [&hellip;]<\/p>\n","protected":false},"author":2,"featured_media":8096,"comment_status":"closed","ping_status":"closed","sticky":false,"template":"","format":"standard","meta":{"footnotes":""},"categories":[80],"tags":[],"class_list":{"0":"post-8095","1":"post","2":"type-post","3":"status-publish","4":"format-standard","5":"has-post-thumbnail","7":"category-internacionales"},"_links":{"self":[{"href":"https:\/\/radiobitacora.com.ar\/web\/wp-json\/wp\/v2\/posts\/8095","targetHints":{"allow":["GET"]}}],"collection":[{"href":"https:\/\/radiobitacora.com.ar\/web\/wp-json\/wp\/v2\/posts"}],"about":[{"href":"https:\/\/radiobitacora.com.ar\/web\/wp-json\/wp\/v2\/types\/post"}],"author":[{"embeddable":true,"href":"https:\/\/radiobitacora.com.ar\/web\/wp-json\/wp\/v2\/users\/2"}],"replies":[{"embeddable":true,"href":"https:\/\/radiobitacora.com.ar\/web\/wp-json\/wp\/v2\/comments?post=8095"}],"version-history":[{"count":0,"href":"https:\/\/radiobitacora.com.ar\/web\/wp-json\/wp\/v2\/posts\/8095\/revisions"}],"wp:featuredmedia":[{"embeddable":true,"href":"https:\/\/radiobitacora.com.ar\/web\/wp-json\/wp\/v2\/media\/8096"}],"wp:attachment":[{"href":"https:\/\/radiobitacora.com.ar\/web\/wp-json\/wp\/v2\/media?parent=8095"}],"wp:term":[{"taxonomy":"category","embeddable":true,"href":"https:\/\/radiobitacora.com.ar\/web\/wp-json\/wp\/v2\/categories?post=8095"},{"taxonomy":"post_tag","embeddable":true,"href":"https:\/\/radiobitacora.com.ar\/web\/wp-json\/wp\/v2\/tags?post=8095"}],"curies":[{"name":"wp","href":"https:\/\/api.w.org\/{rel}","templated":true}]}}