{"id":8120,"date":"2022-09-18T07:51:33","date_gmt":"2022-09-18T10:51:33","guid":{"rendered":"https:\/\/radiobitacora.com.ar\/web\/?p=8120"},"modified":"2022-09-18T07:51:33","modified_gmt":"2022-09-18T10:51:33","slug":"un-buque-cientifico-recorre-el-parana-para-estudiar-los-cambios-climaticos","status":"publish","type":"post","link":"https:\/\/radiobitacora.com.ar\/web\/2022\/09\/18\/un-buque-cientifico-recorre-el-parana-para-estudiar-los-cambios-climaticos\/","title":{"rendered":"Un buque cient\u00edfico recorre el Paran\u00e1 para estudiar los cambios clim\u00e1ticos"},"content":{"rendered":"<p>A partir del puerto de Corrientes cobr\u00f3 protagonismo el Buque Cient\u00edfico de la Prefectura Naval Argentina SPA-1 \u201cDr. Leloir\u201d, que naveg\u00f3 todo el tramo medio e inferior del r\u00edo Paran\u00e1 hasta el puerto de Buenos Aires. Este buque cuenta con un laboratorio, a cargo de la subprefecta Mariana Abelando, que permiti\u00f3 procesar parte de las muestras recolectadas durante su recorrido.<\/p>\n<p>En los laboratorios del Centro de Tecnolog\u00eda del Uso del Agua del Instituto Nacional del Agua (INA) se realizar\u00e1n particularmente los an\u00e1lisis de metales pesados de los sedimentos del lecho de los r\u00edos.<\/p>\n<p>Se trat\u00f3 de un estudio \u00fanico en la historia de la cuenca por su extensi\u00f3n, por la cantidad de variables medidas y por coincidir con una de las bajantes m\u00e1s pronunciadas del siglo.<\/p>\n<p>El proyecto de investigaci\u00f3n \u201cSocioecosistema fluvial Paran\u00e1-Paraguay: estudio argentino en el escenario de cambios globales\u201d, iniciado en diciembre de 2021, se propone mejorar la comprensi\u00f3n del funcionamiento de los r\u00edos Paran\u00e1 y Paraguay desde una perspectiva que integre las dimensiones sociales y ambientales para dise\u00f1ar programas de monitoreo y propuestas de acci\u00f3n que contribuyan a una gesti\u00f3n integrada y a un uso sostenible de los recursos h\u00eddricos.<\/p>\n<div class=\"container_publi\" data-tipo=\"tipo_desktop \" data-pos=\"AMP_P1_cuerpo\"><\/div>\n<p>El Ministerio de Ciencia, Tecnolog\u00eda e Innovaci\u00f3n de la Naci\u00f3n (Mincyt), a trav\u00e9s de la Subsecretar\u00eda de Coordinaci\u00f3n Institucional dirigida por Pablo N\u00fa\u00f1ez, financia con 150.000 d\u00f3lares este proyecto en el que participa el Ina junto con 22 instituciones que trabajan colaborativamente en la construcci\u00f3n de una propuesta de investigaci\u00f3n desde un abordaje transdisciplinario e interinstitucional.<\/p>\n<p>Investigaci\u00f3n en el agua<\/p>\n<p>\u201cSi bien el proyecto tiene una duraci\u00f3n de dos a\u00f1os, lo que tratamos es de generar un horizonte de trabajo compartido que se extienda m\u00e1s all\u00e1 de la fecha de financiamiento del proyecto\u201d, explic\u00f3 Melina Devercelli, subgerenta del Centro Regional Litoral del Ina y l\u00edder del proyecto.<\/p>\n<p>El Ina trabajar\u00e1 en el marco de este proyecto explorando la relaci\u00f3n de la variabilidad clim\u00e1tica y los cambios en el uso del suelo con los par\u00e1metros hidrol\u00f3gicos y sedimentol\u00f3gicos de los sistemas fluviales a distintas escalas temporales. Tambi\u00e9n elaborar\u00e1 propuestas de trazado de las l\u00edneas de zonificaci\u00f3n de las m\u00e1rgenes fluviales para generar mapas de peligrosidad y susceptibilidad h\u00eddrica, analizar\u00e1 el impacto de las bajantes y crecidas en los servicios ecosist\u00e9micos (como la provisi\u00f3n de agua potable y la navegaci\u00f3n), determinar\u00e1 reg\u00edmenes de caudales ecol\u00f3gicos y desarrollar\u00e1 mapas tem\u00e1ticos de riesgo h\u00eddrico ante eventos hidroclim\u00e1ticos frecuentes y extremos.<\/p>\n<p>Muestreo integrado<\/p>\n<p>Recientemente, se produjo un primer hito para el proyecto cuando se complet\u00f3 uno de los objetivos principales: la realizaci\u00f3n de un muestreo integrado de los r\u00edos Paran\u00e1 y Paraguay para estudiar el h\u00e1bitat fluvial, la calidad del agua, el transporte de sedimentos y la diversidad de microorganismos e invertebrados y para realizar mediciones de las firmas espectrales, a fin de calibrar los datos de campo con la informaci\u00f3n satelital. \u00a0 Ambos r\u00edos fueron recorridos en toda la extensi\u00f3n del territorio argentino con la participaci\u00f3n del Ina, de equipos de investigaci\u00f3n de diferentes institutos del Consejo Nacional de Investigaciones Cient\u00edficas y T\u00e9cnicas (Conicet), de la Comisi\u00f3n Nacional de Actividades Espaciales (Conae), del Instituto Universitario de Seguridad Mar\u00edtima de la Prefectura Naval Argentina (Iusm-Pna), de la Universidad Nacional del Litoral, de la Universidad Nacional de Misiones, de la Universidad Nacional de Formosa y de la Administradora Provincial del Agua de Chaco.<\/p>\n<div class=\"container_publi\" data-tipo=\"tipo_desktop \" data-pos=\"AMP_P2_cuerpo\"><\/div>\n<p>Valor de la biodiversidad<\/p>\n<p>Los estudios los realizan en un momento muy particular de la cuenca: una larga sequ\u00eda. Devercelli se\u00f1al\u00f3: \u00a0\u201cAdem\u00e1s de avanzar en el entendimiento hidrol\u00f3gico y sedimentol\u00f3gico del sistema Paran\u00e1-Paraguay, buscamos poner en valor la biodiversidad que tienen nuestros r\u00edos y el acervo gen\u00e9tico microbiano, como as\u00ed tambi\u00e9n evidenciar los problemas que ocasionan las especies invasoras y el desarrollo excesivo de cianobacterias\u201d.<\/p>\n<p>Para la concreci\u00f3n de los objetivos de esta iniciativa se ponen en juego diversas especialidades y herramientas como la meteorolog\u00eda, la hidrolog\u00eda, la sedimentolog\u00eda, la geomorfolog\u00eda, los usos y cobertura del suelo, la calidad del agua, la biodiversidad, la antropolog\u00eda, la etnograf\u00eda, la bioinform\u00e1tica y la inteligencia artificial.<\/p>\n<p>Esta iniciativa se desarrolla en el marco de los Proyectos Interinstitucionales en Temas Estrat\u00e9gicos (Pites) del Mincyt, cuyo objetivo es fomentar la articulaci\u00f3n entre las distintas instituciones del Sistema Nacional de Ciencia, Tecnolog\u00eda e Innovaci\u00f3n (Sncti) para complementar capacidades en torno a temas estrat\u00e9gicos.<\/p>\n","protected":false},"excerpt":{"rendered":"<p>A partir del puerto de Corrientes cobr\u00f3 protagonismo el Buque Cient\u00edfico de la Prefectura Naval Argentina SPA-1 \u201cDr. Leloir\u201d, que naveg\u00f3 todo el tramo medio e inferior del r\u00edo Paran\u00e1 hasta el puerto de Buenos Aires. Este buque cuenta con un laboratorio, a cargo de la subprefecta Mariana Abelando, que permiti\u00f3 procesar parte de las [&hellip;]<\/p>\n","protected":false},"author":2,"featured_media":8121,"comment_status":"closed","ping_status":"closed","sticky":false,"template":"","format":"standard","meta":{"footnotes":""},"categories":[86],"tags":[],"class_list":{"0":"post-8120","1":"post","2":"type-post","3":"status-publish","4":"format-standard","5":"has-post-thumbnail","7":"category-sociedad"},"_links":{"self":[{"href":"https:\/\/radiobitacora.com.ar\/web\/wp-json\/wp\/v2\/posts\/8120","targetHints":{"allow":["GET"]}}],"collection":[{"href":"https:\/\/radiobitacora.com.ar\/web\/wp-json\/wp\/v2\/posts"}],"about":[{"href":"https:\/\/radiobitacora.com.ar\/web\/wp-json\/wp\/v2\/types\/post"}],"author":[{"embeddable":true,"href":"https:\/\/radiobitacora.com.ar\/web\/wp-json\/wp\/v2\/users\/2"}],"replies":[{"embeddable":true,"href":"https:\/\/radiobitacora.com.ar\/web\/wp-json\/wp\/v2\/comments?post=8120"}],"version-history":[{"count":0,"href":"https:\/\/radiobitacora.com.ar\/web\/wp-json\/wp\/v2\/posts\/8120\/revisions"}],"wp:featuredmedia":[{"embeddable":true,"href":"https:\/\/radiobitacora.com.ar\/web\/wp-json\/wp\/v2\/media\/8121"}],"wp:attachment":[{"href":"https:\/\/radiobitacora.com.ar\/web\/wp-json\/wp\/v2\/media?parent=8120"}],"wp:term":[{"taxonomy":"category","embeddable":true,"href":"https:\/\/radiobitacora.com.ar\/web\/wp-json\/wp\/v2\/categories?post=8120"},{"taxonomy":"post_tag","embeddable":true,"href":"https:\/\/radiobitacora.com.ar\/web\/wp-json\/wp\/v2\/tags?post=8120"}],"curies":[{"name":"wp","href":"https:\/\/api.w.org\/{rel}","templated":true}]}}