{"id":8126,"date":"2022-09-18T07:57:35","date_gmt":"2022-09-18T10:57:35","guid":{"rendered":"https:\/\/radiobitacora.com.ar\/web\/?p=8126"},"modified":"2022-09-18T07:57:35","modified_gmt":"2022-09-18T10:57:35","slug":"multitudinaria-demostracion-de-fe-en-la-peregrinacion-juvenil-del-nea","status":"publish","type":"post","link":"https:\/\/radiobitacora.com.ar\/web\/2022\/09\/18\/multitudinaria-demostracion-de-fe-en-la-peregrinacion-juvenil-del-nea\/","title":{"rendered":"Multitudinaria demostraci\u00f3n de fe en la Peregrinaci\u00f3n Juvenil del NEA"},"content":{"rendered":"<p>En una jornada primaveral con una temperatura que rond\u00f3 los 30\u00b0C, y luego de dos a\u00f1os de no poder realizarse como consecuencia de la pandemia del coronavirus, la 43\u00aa Peregrinaci\u00f3n Juvenil a Itat\u00ed parti\u00f3 rumbo a la casa de Mar\u00eda para renovar sus votos de fe, cumplir una promesa o s\u00f3lo por la necesidad de caminar a los pies de la Virgen Morena.<\/p>\n<p>Ante un importante operativo de seguridad en el que se destaca el desv\u00edo de los veh\u00edculos de peque\u00f1o y gran porte para el paso de la interminable columna de fieles, se vivi\u00f3 una jornada de mucha alegr\u00eda en los j\u00f3venes ya que pudieron volver a peregrinar con sus parroquias para venerar a la Virgen en la Bas\u00edlica de Itat\u00ed.<\/p>\n<p>La salida se realiz\u00f3 luego de la bendici\u00f3n de monse\u00f1or Andr\u00e9s Stanovnik a los miles y miles de j\u00f3venes que, tras ello, emprendieron su camino a pie por algo m\u00e1s de 70 kil\u00f3metros hasta la localidad de la Madre Mar\u00eda que los recibir\u00e1, como siempre, con los brazos abiertos.<\/p>\n<div class=\"center source m_image\">\n<figure><picture><source srcset=\"https:\/\/www.diarioepoca.com\/content\/bucket\/4\/1250274w762h270c.jpg.webp\" type=\"image\/webp\" media=\"(min-width: 640px)\" \/><source srcset=\"https:\/\/www.diarioepoca.com\/content\/bucket\/4\/1250274w440h156c.jpg.webp\" type=\"image\/webp\" media=\"(min-width: 300px)\" \/><source srcset=\"https:\/\/www.diarioepoca.com\/content\/bucket\/4\/1250274w762h270c.jpg\" media=\"(min-width: 300px)\" \/><img loading=\"lazy\" decoding=\"async\" class=\"pic\" src=\"https:\/\/www.diarioepoca.com\/content\/bucket\/4\/1250274w762h270c.jpg.webp\" alt=\"\" width=\"762\" height=\"270\" \/><\/picture><\/figure>\n<\/div>\n<p>Los rostros de los j\u00f3venes peregrinos reflejaban una mezcla emoci\u00f3n, felicidad y mucho compromiso para poder llegar a cumplir eso que s\u00f3lo impulsa la fe y el amor a Mar\u00eda.<\/p>\n<p>Desde las primeras horas de la ma\u00f1ana se fueron reuniendo en sus diferentes parroquias para salir en grupos con pecheras y colores identificatorios. &#8220;Para que nos separemos y lleguemos todos juntos&#8221;, destac\u00f3 una joven que iba con sus amigas ya que &#8220;con ellas la distancia se hace m\u00e1s corta&#8221;, a\u00f1adi\u00f3.<\/p>\n<p>En declaraciones a \u00e9poca, monse\u00f1or Stanovnik destac\u00f3: &#8220;Ir\u00e1n acompa\u00f1arlos con la oraci\u00f3n con mensajes de aliento para que este acompa\u00f1amiento los ayude a encontrar el rumbo en la vida y los argentinos podamos cambiar en la paz y fraternidad. No me cabe una imagen en el cuerpo, siento no poder acompa\u00f1arlos como lo hice todos los a\u00f1os&#8221;, destac\u00f3.<\/p>\n<p>&#8220;Ofrezco este sacrificio para que este potencial de fe que manejan los j\u00f3venes sepamos encauzar los pastores desde la Iglesia. Es un regalo y damos gracias al Se\u00f1or y a la Virgen que podamos realizar este camino con los j\u00f3venes. Una multitud, se calcul\u00f3 200 mil, y probablemente supere todo esto. Es un potencial humano hermoso sepamos abrazarlos&#8221;, detall\u00f3.<\/p>\n<p>Bendici\u00f3n de Stanovnik a los j\u00f3venes<br \/>\nMonse\u00f1or Andr\u00e9s les pidi\u00f3 unos minutos a los j\u00f3venes antes de su peregrinar y les dijo: &#8220;Gracias a Dios que podemos hacerlo y este es un regalo por parte de la Virgen, la peregrinaci\u00f3n f\u00edsica este a\u00f1o no la puedo hacer, pero este mensaje lo acept\u00e9 para darles un mensaje a ustedes&#8221;.<\/p>\n<p>Tambi\u00e9n les dijo: &#8220;No importa qui\u00e9n llega primero o despu\u00e9s porque sabemos a d\u00f3nde vamos&#8221;, y los invit\u00f3 a &#8220;que se animen a hacer una peregrinaci\u00f3n con may\u00fascula, ya que hacerla con may\u00fascula es realizarla con Jes\u00fas, ya que \u00e9l es lo m\u00e1s, como dicen ustedes&#8221;.<\/p>\n<p>Nos encontramos amando a Dios y al que tengo al lado como \u00e9l hizo conmigo, con \u00e9l se puede&#8221;, resalt\u00f3 y cerr\u00f3: &#8220;Adem\u00e1s de dar gracias, vamos a pedir por la patria, paz y fraternidad de todos los argentinos&#8221;.<\/p>\n<p>En tanto que el director general de Seguridad Vial, Hern\u00e1n Garc\u00eda, remarc\u00f3: &#8220;El Gobierno de la Provincia a trav\u00e9s del Ministerio de Seguridad dispuso que la Jefatura dise\u00f1e un plan de servicio y para ello estoy a cargo. Gracias a Dios se desarrolla con total normalidad y esperemos seguir as\u00ed de este modo y que el tiempo tambi\u00e9n nos acompa\u00f1e&#8221;. Y resalt\u00f3: &#8220;Finalizaremos este operativo ma\u00f1ana (por hoy domingo) en horas de la tarde&#8221;. Garc\u00eda record\u00f3: &#8220;Desde la Polic\u00eda de la Provincia tenemos a 600 efectivos trabajando de manera permanente en lo referente a la peregrinaci\u00f3n&#8221;.<\/p>\n","protected":false},"excerpt":{"rendered":"<p>En una jornada primaveral con una temperatura que rond\u00f3 los 30\u00b0C, y luego de dos a\u00f1os de no poder realizarse como consecuencia de la pandemia del coronavirus, la 43\u00aa Peregrinaci\u00f3n Juvenil a Itat\u00ed parti\u00f3 rumbo a la casa de Mar\u00eda para renovar sus votos de fe, cumplir una promesa o s\u00f3lo por la necesidad de [&hellip;]<\/p>\n","protected":false},"author":2,"featured_media":8127,"comment_status":"closed","ping_status":"closed","sticky":false,"template":"","format":"standard","meta":{"footnotes":""},"categories":[72],"tags":[],"class_list":{"0":"post-8126","1":"post","2":"type-post","3":"status-publish","4":"format-standard","5":"has-post-thumbnail","7":"category-provinciales"},"_links":{"self":[{"href":"https:\/\/radiobitacora.com.ar\/web\/wp-json\/wp\/v2\/posts\/8126","targetHints":{"allow":["GET"]}}],"collection":[{"href":"https:\/\/radiobitacora.com.ar\/web\/wp-json\/wp\/v2\/posts"}],"about":[{"href":"https:\/\/radiobitacora.com.ar\/web\/wp-json\/wp\/v2\/types\/post"}],"author":[{"embeddable":true,"href":"https:\/\/radiobitacora.com.ar\/web\/wp-json\/wp\/v2\/users\/2"}],"replies":[{"embeddable":true,"href":"https:\/\/radiobitacora.com.ar\/web\/wp-json\/wp\/v2\/comments?post=8126"}],"version-history":[{"count":0,"href":"https:\/\/radiobitacora.com.ar\/web\/wp-json\/wp\/v2\/posts\/8126\/revisions"}],"wp:featuredmedia":[{"embeddable":true,"href":"https:\/\/radiobitacora.com.ar\/web\/wp-json\/wp\/v2\/media\/8127"}],"wp:attachment":[{"href":"https:\/\/radiobitacora.com.ar\/web\/wp-json\/wp\/v2\/media?parent=8126"}],"wp:term":[{"taxonomy":"category","embeddable":true,"href":"https:\/\/radiobitacora.com.ar\/web\/wp-json\/wp\/v2\/categories?post=8126"},{"taxonomy":"post_tag","embeddable":true,"href":"https:\/\/radiobitacora.com.ar\/web\/wp-json\/wp\/v2\/tags?post=8126"}],"curies":[{"name":"wp","href":"https:\/\/api.w.org\/{rel}","templated":true}]}}