{"id":8153,"date":"2022-09-19T22:23:11","date_gmt":"2022-09-20T01:23:11","guid":{"rendered":"https:\/\/radiobitacora.com.ar\/web\/?p=8153"},"modified":"2022-09-19T22:23:11","modified_gmt":"2022-09-20T01:23:11","slug":"el-gobierno-provincial-ratifica-que-desde-el-21-de-septiembre-el-uso-del-barbijo-sera-optativo","status":"publish","type":"post","link":"https:\/\/radiobitacora.com.ar\/web\/2022\/09\/19\/el-gobierno-provincial-ratifica-que-desde-el-21-de-septiembre-el-uso-del-barbijo-sera-optativo\/","title":{"rendered":"EL GOBIERNO PROVINCIAL RATIFICA QUE DESDE EL 21 DE SEPTIEMBRE EL USO DEL BARBIJO SER\u00c1 OPTATIVO"},"content":{"rendered":"<h3>Tal como se hab\u00eda informado el pasado 01 de septiembre, el Gobierno de Corrientes ratifica que desde el mi\u00e9rcoles 21 de septiembre el uso del barbijo ser\u00e1 optativo.<\/h3>\n<p>La medida se fue tomada de acuerdo a la situaci\u00f3n epidemiol\u00f3gica actual por Covid-19, teniendo en cuenta que por segunda vez en el a\u00f1o no se registraron casos de Coronavirus en Corrientes.<\/p>\n<p>\u201cLo hemos evaluado con el gobernador Gustavo Vald\u00e9s y es probable que a partir del 21 de septiembre se tome la medida de que sea optativo el uso del barbijo en todos los \u00e1mbitos\u201d, dijo el ministro Cardozo d\u00edas atr\u00e1s mientras que hizo un especial llamado a completar esquemas de vacunaci\u00f3n.<\/p>\n<p>Vale mencionar que, en Corrientes, desde octubre de 2021 el uso de tapabocas no es obligatorio en espacios al aire libre, tampoco durante los recreos, en el \u00e1mbito escolar, pero s\u00ed en espacios cerrados y al aire libre con aglomeraci\u00f3n de personas.<\/p>\n<p>Como desde el inicio de la pandemia, todas las medidas en Corrientes se toman de acuerdo a la situaci\u00f3n epidemiol\u00f3gica, la cual, si llegar\u00e1 a modificarse, lo mismo suceder\u00e1 con las medidas.<\/p>\n","protected":false},"excerpt":{"rendered":"<p>Tal como se hab\u00eda informado el pasado 01 de septiembre, el Gobierno de Corrientes ratifica que desde el mi\u00e9rcoles 21 de septiembre el uso del barbijo ser\u00e1 optativo. La medida se fue tomada de acuerdo a la situaci\u00f3n epidemiol\u00f3gica actual por Covid-19, teniendo en cuenta que por segunda vez en el a\u00f1o no se registraron [&hellip;]<\/p>\n","protected":false},"author":2,"featured_media":8154,"comment_status":"closed","ping_status":"closed","sticky":false,"template":"","format":"standard","meta":{"footnotes":""},"categories":[72],"tags":[],"class_list":{"0":"post-8153","1":"post","2":"type-post","3":"status-publish","4":"format-standard","5":"has-post-thumbnail","7":"category-provinciales"},"_links":{"self":[{"href":"https:\/\/radiobitacora.com.ar\/web\/wp-json\/wp\/v2\/posts\/8153","targetHints":{"allow":["GET"]}}],"collection":[{"href":"https:\/\/radiobitacora.com.ar\/web\/wp-json\/wp\/v2\/posts"}],"about":[{"href":"https:\/\/radiobitacora.com.ar\/web\/wp-json\/wp\/v2\/types\/post"}],"author":[{"embeddable":true,"href":"https:\/\/radiobitacora.com.ar\/web\/wp-json\/wp\/v2\/users\/2"}],"replies":[{"embeddable":true,"href":"https:\/\/radiobitacora.com.ar\/web\/wp-json\/wp\/v2\/comments?post=8153"}],"version-history":[{"count":0,"href":"https:\/\/radiobitacora.com.ar\/web\/wp-json\/wp\/v2\/posts\/8153\/revisions"}],"wp:featuredmedia":[{"embeddable":true,"href":"https:\/\/radiobitacora.com.ar\/web\/wp-json\/wp\/v2\/media\/8154"}],"wp:attachment":[{"href":"https:\/\/radiobitacora.com.ar\/web\/wp-json\/wp\/v2\/media?parent=8153"}],"wp:term":[{"taxonomy":"category","embeddable":true,"href":"https:\/\/radiobitacora.com.ar\/web\/wp-json\/wp\/v2\/categories?post=8153"},{"taxonomy":"post_tag","embeddable":true,"href":"https:\/\/radiobitacora.com.ar\/web\/wp-json\/wp\/v2\/tags?post=8153"}],"curies":[{"name":"wp","href":"https:\/\/api.w.org\/{rel}","templated":true}]}}