{"id":8192,"date":"2022-09-20T08:05:12","date_gmt":"2022-09-20T11:05:12","guid":{"rendered":"https:\/\/radiobitacora.com.ar\/web\/?p=8192"},"modified":"2022-09-20T08:05:12","modified_gmt":"2022-09-20T11:05:12","slug":"dia-nacional-del-caballo-20-de-septiembre","status":"publish","type":"post","link":"https:\/\/radiobitacora.com.ar\/web\/2022\/09\/20\/dia-nacional-del-caballo-20-de-septiembre\/","title":{"rendered":"D\u00cdA NACIONAL DEL CABALLO 20 de Septiembre"},"content":{"rendered":"<div class=\"m8h3af8h l7ghb35v kjdc1dyq kmwttqpk gh25dzvf n3t5jt4f\">\n<div dir=\"auto\">La fecha recuerda la llegada de Aim\u00e9 F\u00e9lix Tschiffely a Nueva York, en una traves\u00eda que dur\u00f3 m\u00e1s de tres a\u00f1os y que tuvo de protagonistas a dos nobles e inolvidables equinos: Gato y Mancha.<\/div>\n<\/div>\n<div class=\"l7ghb35v kjdc1dyq kmwttqpk gh25dzvf jikcssrz n3t5jt4f\">\n<div dir=\"auto\">Historia<\/div>\n<div dir=\"auto\">Por qu\u00e9 hoy se celebra el D\u00eda Nacional del Caballo<\/div>\n<div dir=\"auto\">Los primeros caballos fueron tra\u00eddos a estas tierras por los colonos espa\u00f1oles, y hoy se transformaron en una herramienta fundamental para el trabajo en el campo y en un verdadero icono de la tradici\u00f3n argentina.<\/div>\n<div dir=\"auto\">Se estima que hay en el pa\u00eds m\u00e1s de dos millones y medio de caballos de unas veinte razas diferentes, y que la Argentina est\u00e1 entre los diez principales criadores de equinos del mundo.<\/div>\n<div dir=\"auto\">Desde 1999, por iniciativa de la Federaci\u00f3n Ecuestre Argentina, el 20 de septiembre se celebra el D\u00eda Nacional del Caballo en conmemoraci\u00f3n de la llegada de los c\u00e9lebres Gato y Mancha a Nueva York, con el profesor suizo Aim\u00e9 F\u00e9lix Tschiffely.<\/div>\n<div dir=\"auto\">Era 1925 y los caballos argentinos conquistaron el r\u00e9cord mundial de distancia y altura de la \u00e9poca, al recorrer 21.500 kil\u00f3metros a lo largo de todo el continente y alcanzar 5.900 metros sobre el nivel del mar en el paso El C\u00f3ndor, entre Potos\u00ed y Chaliapata (Bolivia).<\/div>\n<div dir=\"auto\">Los animales eran criollos, ten\u00edan 18 a\u00f1os de edad y hab\u00edan sido comprados por Emilio Solanet al cacique tehuelche Liempich\u00edn, en Chubut. Eran, adem\u00e1s, descendientes directos de los caballos tra\u00eddos por Pedro de Mendoza en 1535.<\/div>\n<div dir=\"auto\">Tras pasear por la Quinta Avenida, Gato y Mancha regresaron al pa\u00eds y murieron en 1944 y 1947 en la estancia El Cardal. Hoy se encuentran embalsamados en el museo hist\u00f3rico de Luj\u00e1n. Archivo Diario Clarin.<\/div>\n<div dir=\"auto\">Fuente: Prensa Difusi\u00f3n Corrientes.<\/div>\n<\/div>\n","protected":false},"excerpt":{"rendered":"<p>La fecha recuerda la llegada de Aim\u00e9 F\u00e9lix Tschiffely a Nueva York, en una traves\u00eda que dur\u00f3 m\u00e1s de tres a\u00f1os y que tuvo de protagonistas a dos nobles e inolvidables equinos: Gato y Mancha. Historia Por qu\u00e9 hoy se celebra el D\u00eda Nacional del Caballo Los primeros caballos fueron tra\u00eddos a estas tierras por [&hellip;]<\/p>\n","protected":false},"author":2,"featured_media":8193,"comment_status":"closed","ping_status":"closed","sticky":false,"template":"","format":"standard","meta":{"footnotes":""},"categories":[77],"tags":[],"class_list":{"0":"post-8192","1":"post","2":"type-post","3":"status-publish","4":"format-standard","5":"has-post-thumbnail","7":"category-nacionales"},"_links":{"self":[{"href":"https:\/\/radiobitacora.com.ar\/web\/wp-json\/wp\/v2\/posts\/8192","targetHints":{"allow":["GET"]}}],"collection":[{"href":"https:\/\/radiobitacora.com.ar\/web\/wp-json\/wp\/v2\/posts"}],"about":[{"href":"https:\/\/radiobitacora.com.ar\/web\/wp-json\/wp\/v2\/types\/post"}],"author":[{"embeddable":true,"href":"https:\/\/radiobitacora.com.ar\/web\/wp-json\/wp\/v2\/users\/2"}],"replies":[{"embeddable":true,"href":"https:\/\/radiobitacora.com.ar\/web\/wp-json\/wp\/v2\/comments?post=8192"}],"version-history":[{"count":0,"href":"https:\/\/radiobitacora.com.ar\/web\/wp-json\/wp\/v2\/posts\/8192\/revisions"}],"wp:featuredmedia":[{"embeddable":true,"href":"https:\/\/radiobitacora.com.ar\/web\/wp-json\/wp\/v2\/media\/8193"}],"wp:attachment":[{"href":"https:\/\/radiobitacora.com.ar\/web\/wp-json\/wp\/v2\/media?parent=8192"}],"wp:term":[{"taxonomy":"category","embeddable":true,"href":"https:\/\/radiobitacora.com.ar\/web\/wp-json\/wp\/v2\/categories?post=8192"},{"taxonomy":"post_tag","embeddable":true,"href":"https:\/\/radiobitacora.com.ar\/web\/wp-json\/wp\/v2\/tags?post=8192"}],"curies":[{"name":"wp","href":"https:\/\/api.w.org\/{rel}","templated":true}]}}