{"id":8198,"date":"2022-09-20T08:14:56","date_gmt":"2022-09-20T11:14:56","guid":{"rendered":"https:\/\/radiobitacora.com.ar\/web\/?p=8198"},"modified":"2022-09-20T08:14:56","modified_gmt":"2022-09-20T11:14:56","slug":"joe-biden-dio-por-terminada-la-pandemia-de-coronavirus","status":"publish","type":"post","link":"https:\/\/radiobitacora.com.ar\/web\/2022\/09\/20\/joe-biden-dio-por-terminada-la-pandemia-de-coronavirus\/","title":{"rendered":"Joe Biden dio por terminada la pandemia de coronavirus"},"content":{"rendered":"<div class=\"custom-text text-content styles_paragraph-detail__iq2ji styles_lila-links__fmg8W styles_note-styles__iXm81\">\n<p>El presidente estadounidense asegur\u00f3 que la pandemia de coronavirus \u201cha terminado\u201d, aunque, admiti\u00f3 que el pa\u00eds \u201ca\u00fan tiene un problema\u201d con la enfermedad que mat\u00f3 a 1,05 millones y contagi\u00f3 a 95,4 millones en Estados Unidos.<\/p>\n<\/div>\n<div class=\"custom-text text-content styles_paragraph-detail__iq2ji styles_lila-links__fmg8W styles_note-styles__iXm81\">\n<p>Durante una entrevista, el mandatario sostuvo: &#8220;Todav\u00eda tenemos un problema con la Covid. Todav\u00eda estamos trabajando mucho en ello, pero la pandemia ha terminado. Si te das cuenta, nadie est\u00e1 usando m\u00e1scaras. Todo el mundo parece estar en buena forma. Y por eso creo que est\u00e1 cambiando&#8221;.<\/p>\n<\/div>\n<div class=\"custom-text text-content styles_paragraph-detail__iq2ji styles_lila-links__fmg8W styles_note-styles__iXm81\">\n<p>Sus comentarios dan cuenta del estatus actual de gran parte de la sociedad de Estados Unidos, donde las restricciones se eliminaron mayoritariamente y los vuelos han repuntado a sus niveles prepandemia.<\/p>\n<\/div>\n<div class=\"custom-text text-content styles_paragraph-detail__iq2ji styles_lila-links__fmg8W styles_note-styles__iXm81\">\n<p>Sin embargo, se produjeron apenas unas semanas despu\u00e9s de que su administraci\u00f3n pidiera al Congreso miles de millones de d\u00f3lares en financiaci\u00f3n para mantener los programas de pruebas y vacunaci\u00f3n durante una potencial ola en el inminente oto\u00f1o boreal.<\/p>\n<\/div>\n<div class=\"custom-text text-content styles_paragraph-detail__iq2ji styles_lila-links__fmg8W styles_note-styles__iXm81\">\n<p>Biden abord\u00f3 durante la entrevista los bajos \u00edndices de apoyo a su Gobierno y vincul\u00f3 este hecho al impacto que tuvo el coronavirus en la mente de los estadounidenses.<\/p>\n<\/div>\n<div class=\"custom-text text-content styles_paragraph-detail__iq2ji styles_lila-links__fmg8W styles_note-styles__iXm81\">\n<p>\u201cEl impacto en la mente del pueblo estadounidense como consecuencia de la pandemia es profundo. Piensa en c\u00f3mo eso lo ha cambiado todo. Las actitudes de las personas sobre s\u00ed mismas, sus familias, sobre el estado de la naci\u00f3n, sobre el estado de sus comunidades\u201d, asegur\u00f3.<\/p>\n<\/div>\n<div class=\"custom-text text-content styles_paragraph-detail__iq2ji styles_lila-links__fmg8W styles_note-styles__iXm81\">\n<p>Por \u00faltimo, Biden valor\u00f3 la gesti\u00f3n del coronavirus llevada a cabo por su administraci\u00f3n. \u201cHemos perdido un mill\u00f3n de personas por la Covid-19. Cuando asum\u00ed el cargo, cuando fui elegido, solo dos millones de personas hab\u00edan sido vacunadas. Ahora tengo 220 millones\u201d, concluy\u00f3.<\/p>\n<\/div>\n","protected":false},"excerpt":{"rendered":"<p>El presidente estadounidense asegur\u00f3 que la pandemia de coronavirus \u201cha terminado\u201d, aunque, admiti\u00f3 que el pa\u00eds \u201ca\u00fan tiene un problema\u201d con la enfermedad que mat\u00f3 a 1,05 millones y contagi\u00f3 a 95,4 millones en Estados Unidos. Durante una entrevista, el mandatario sostuvo: &#8220;Todav\u00eda tenemos un problema con la Covid. Todav\u00eda estamos trabajando mucho en ello, [&hellip;]<\/p>\n","protected":false},"author":2,"featured_media":8199,"comment_status":"closed","ping_status":"closed","sticky":false,"template":"","format":"standard","meta":{"footnotes":""},"categories":[80],"tags":[],"class_list":{"0":"post-8198","1":"post","2":"type-post","3":"status-publish","4":"format-standard","5":"has-post-thumbnail","7":"category-internacionales"},"_links":{"self":[{"href":"https:\/\/radiobitacora.com.ar\/web\/wp-json\/wp\/v2\/posts\/8198","targetHints":{"allow":["GET"]}}],"collection":[{"href":"https:\/\/radiobitacora.com.ar\/web\/wp-json\/wp\/v2\/posts"}],"about":[{"href":"https:\/\/radiobitacora.com.ar\/web\/wp-json\/wp\/v2\/types\/post"}],"author":[{"embeddable":true,"href":"https:\/\/radiobitacora.com.ar\/web\/wp-json\/wp\/v2\/users\/2"}],"replies":[{"embeddable":true,"href":"https:\/\/radiobitacora.com.ar\/web\/wp-json\/wp\/v2\/comments?post=8198"}],"version-history":[{"count":0,"href":"https:\/\/radiobitacora.com.ar\/web\/wp-json\/wp\/v2\/posts\/8198\/revisions"}],"wp:featuredmedia":[{"embeddable":true,"href":"https:\/\/radiobitacora.com.ar\/web\/wp-json\/wp\/v2\/media\/8199"}],"wp:attachment":[{"href":"https:\/\/radiobitacora.com.ar\/web\/wp-json\/wp\/v2\/media?parent=8198"}],"wp:term":[{"taxonomy":"category","embeddable":true,"href":"https:\/\/radiobitacora.com.ar\/web\/wp-json\/wp\/v2\/categories?post=8198"},{"taxonomy":"post_tag","embeddable":true,"href":"https:\/\/radiobitacora.com.ar\/web\/wp-json\/wp\/v2\/tags?post=8198"}],"curies":[{"name":"wp","href":"https:\/\/api.w.org\/{rel}","templated":true}]}}