{"id":8204,"date":"2022-09-20T08:22:25","date_gmt":"2022-09-20T11:22:25","guid":{"rendered":"https:\/\/radiobitacora.com.ar\/web\/?p=8204"},"modified":"2022-09-20T08:22:25","modified_gmt":"2022-09-20T11:22:25","slug":"el-huracan-fiona-toco-tierra-en-la-costa-de-republica-dominicana-con-lluvias-y-vientos-de-mas-de-100-kilometros-por-hora","status":"publish","type":"post","link":"https:\/\/radiobitacora.com.ar\/web\/2022\/09\/20\/el-huracan-fiona-toco-tierra-en-la-costa-de-republica-dominicana-con-lluvias-y-vientos-de-mas-de-100-kilometros-por-hora\/","title":{"rendered":"El hurac\u00e1n Fiona toc\u00f3 tierra en la costa de Rep\u00fablica Dominicana con lluvias y vientos de m\u00e1s de 100 kil\u00f3metros por hora"},"content":{"rendered":"<p class=\"paragraph\">El hurac\u00e1n Fiona, de categor\u00eda 1, entr\u00f3 este lunes en Rep\u00fablica Dominicana por Cabo San Rafael (este del pa\u00eds), con vientos de 140 kil\u00f3metros por hora y r\u00e1fagas superiores, inform\u00f3 la Oficina Nacional de Meteorologia (Onamet).<\/p>\n<p class=\"paragraph\">En su \u00faltimo bolet\u00edn, la Onamet explic\u00f3 que, conforme a im\u00e1genes de sat\u00e9lite y radar, Fiona entr\u00f3 esta madrugada local y a las 04.00 hora local (08.00 GMT) se ubicaba a unos 20 kil\u00f3metros al suroeste de Punta Cana, donde se registran lluvias de moderadas a fuertes y vientos m\u00e1ximos sostenidos de 79 kil\u00f3metros\/hora, con una r\u00e1faga de unos 124.<\/p>\n<p class=\"paragraph\"><b>Este hurac\u00e1n, el tercero de la actual temporada de ciclones, se mueve hacia el oeste\/noroeste a unos 15 kil\u00f3metros\/hora.<\/b><\/p>\n<p class=\"paragraph\">Los vientos huracanados se extienden a unos 45 kil\u00f3metros fuera de su centro y los de tormenta a unos 220 kil\u00f3metros.<\/p>\n<div class=\"visual__image\"><img loading=\"lazy\" decoding=\"async\" class=\"\" src=\"https:\/\/cloudfront-us-east-1.images.arcpublishing.com\/infobae\/XF2IH62NYELAKW4E6C3YFFFDUY.jpg\" sizes=\"auto, (min-width: 800px) 50vw, 90vw\" srcset=\"https:\/\/www.infobae.com\/new-resizer\/ip4s58LMNStS1oY3Grde6xYci6s=\/420x280\/filters:format(webp):quality(85)\/cloudfront-us-east-1.images.arcpublishing.com\/infobae\/XF2IH62NYELAKW4E6C3YFFFDUY.jpg 420w,https:\/\/www.infobae.com\/new-resizer\/93CfmKhI94nPAaUuFjhBH4WqW7Q=\/768x512\/filters:format(webp):quality(85)\/cloudfront-us-east-1.images.arcpublishing.com\/infobae\/XF2IH62NYELAKW4E6C3YFFFDUY.jpg 768w,https:\/\/www.infobae.com\/new-resizer\/zbd7X5B6Af7g07CqeOn5o3-fSgA=\/992x661\/filters:format(webp):quality(85)\/cloudfront-us-east-1.images.arcpublishing.com\/infobae\/XF2IH62NYELAKW4E6C3YFFFDUY.jpg 992w,https:\/\/www.infobae.com\/new-resizer\/8AbTjSoCrbNO9HDB0zQL4y6wS6w=\/1200x800\/filters:format(webp):quality(85)\/cloudfront-us-east-1.images.arcpublishing.com\/infobae\/XF2IH62NYELAKW4E6C3YFFFDUY.jpg 1200w,https:\/\/www.infobae.com\/new-resizer\/llGuITKtSxhH6-cIL2JiPdLWqyw=\/1440x960\/filters:format(webp):quality(85)\/cloudfront-us-east-1.images.arcpublishing.com\/infobae\/XF2IH62NYELAKW4E6C3YFFFDUY.jpg 1440w\" alt=\"Las lluvias acumuladas oscilar\u00e1n entre los 100 y los 300 mil\u00edmetros, aunque pueden ser superiores en puntos aislados y llegar a cerca de 450 mil\u00edmetros.  REUTERS\/Ricardo Arduengo\" width=\"5500\" height=\"3667\" \/>Las lluvias acumuladas oscilar\u00e1n entre los 100 y los 300 mil\u00edmetros, aunque pueden ser superiores en puntos aislados y llegar a cerca de 450 mil\u00edmetros. REUTERS\/Ricardo Arduengo<\/div>\n<p class=\"paragraph\">Si mantiene su trayectoria,\u00a0<b>el centro de Fiona se mover\u00e1 en las pr\u00f3ximas horas por diferentes provincias del pa\u00eds.<\/b><\/p>\n<p class=\"paragraph\">Las im\u00e1genes de sat\u00e9lite muestran una densa y compacta actividad nubosa que genera aguaceros moderados a fuertes y tormentas en varias provincias del pa\u00eds y algunos sectores del Gran Santo Domingo, a\u00f1ade la Onamet.<\/p>\n<p class=\"paragraph\">Seg\u00fan las predicciones,\u00a0<b>las lluvias acumuladas oscilar\u00e1n entre los 100 y los 300 mil\u00edmetros, aunque pueden ser superiores en puntos aislados y llegar a cerca de 450 mil\u00edmetros<\/b>.<\/p>\n<p class=\"paragraph\">Ante esta situaci\u00f3n, se mantiene el aviso de inundaciones urbanas, crecidas de r\u00edos, arroyos y ca\u00f1adas, as\u00ed como deslizamientos de tierra en varias provincias del pa\u00eds.<\/p>\n<div class=\"visual__image\"><img loading=\"lazy\" decoding=\"async\" class=\"\" src=\"https:\/\/cloudfront-us-east-1.images.arcpublishing.com\/infobae\/WU6WT4D5MO4FJM237AGZL74254.jpg\" sizes=\"auto, (min-width: 800px) 50vw, 90vw\" srcset=\"https:\/\/www.infobae.com\/new-resizer\/O5iumcYAILth6faLiNRwaZ0Wmj0=\/420x236\/filters:format(webp):quality(85)\/cloudfront-us-east-1.images.arcpublishing.com\/infobae\/WU6WT4D5MO4FJM237AGZL74254.jpg 420w,https:\/\/www.infobae.com\/new-resizer\/CkoyBZxyRqf8E8vEIogdR_9QtgY=\/768x432\/filters:format(webp):quality(85)\/cloudfront-us-east-1.images.arcpublishing.com\/infobae\/WU6WT4D5MO4FJM237AGZL74254.jpg 768w,https:\/\/www.infobae.com\/new-resizer\/Dhozo8WAEoTz2Mg7GM68SBgO-R8=\/992x558\/filters:format(webp):quality(85)\/cloudfront-us-east-1.images.arcpublishing.com\/infobae\/WU6WT4D5MO4FJM237AGZL74254.jpg 992w,https:\/\/www.infobae.com\/new-resizer\/RFdgCjqeFCbvzgq_LgQx69ezmXk=\/1200x675\/filters:format(webp):quality(85)\/cloudfront-us-east-1.images.arcpublishing.com\/infobae\/WU6WT4D5MO4FJM237AGZL74254.jpg 1200w,https:\/\/www.infobae.com\/new-resizer\/DqDpMbi20PfnZSXJc9iXQmEGdX4=\/1440x810\/filters:format(webp):quality(85)\/cloudfront-us-east-1.images.arcpublishing.com\/infobae\/WU6WT4D5MO4FJM237AGZL74254.jpg 1440w\" alt=\"Este hurac\u00e1n, el tercero de la actual temporada de ciclones, se mueve hacia el oeste\/noroeste a unos 15 kil\u00f3metros\/hora.\" width=\"1920\" height=\"1080\" \/>Este hurac\u00e1n, el tercero de la actual temporada de ciclones, se mueve hacia el oeste\/noroeste a unos 15 kil\u00f3metros\/hora.<\/div>\n<p class=\"paragraph\">Gran parte de Rep\u00fablica Dominicana estar\u00e1 bajo los efectos del hurac\u00e1n, por lo que todo el pa\u00eds se encuentra en alerta (trece provincias en nivel rojo, el m\u00e1ximo, incluido el Gran Santo Domingo y dieciocho en amarillo) y este lunes ha sido declarado no laborable y no hay clases.<\/p>\n<p class=\"paragraph\">El domingo por la noche, las agencias de ayuda del pa\u00eds comenzaron a evacuar a los residentes de las \u00e1reas de alto riesgo en el este del pa\u00eds. El presidente Luis Abinader, el l\u00edder dominicano, pospuso un viaje a Nueva York para participar en la Asamblea General de las Naciones Unidas, mientras que el inicio del a\u00f1o escolar dominicano se retras\u00f3 para el mi\u00e9rcoles, desde el lunes.<\/p>\n<p class=\"paragraph\"><b>Se espera que, cuando Fiona, se aleje de territorio dominicano, lo haga con categor\u00eda 2 en la escala Saffir-Simpson, sobre un m\u00e1ximo de 5.<\/b><\/p>\n<p class=\"paragraph\"><b>DA\u00d1O EN PUERTO RICO<\/b><\/p>\n<p class=\"paragraph\">Fuertes lluvias y vientos debido al hurac\u00e1n dejaron destrucci\u00f3n en Puerto Rico despu\u00e9s de que el hurac\u00e1n azotara la isla el domingo por la tarde.<\/p>\n<div class=\"visual__image\"><img loading=\"lazy\" decoding=\"async\" class=\"\" src=\"https:\/\/cloudfront-us-east-1.images.arcpublishing.com\/infobae\/XWPGCLII6VRKLSK46GALQJG2NM.jpg\" sizes=\"auto, (min-width: 800px) 50vw, 90vw\" srcset=\"https:\/\/www.infobae.com\/new-resizer\/3QhN6UI1eO1TQAdHFIzxVBPmtr4=\/420x280\/filters:format(webp):quality(85)\/cloudfront-us-east-1.images.arcpublishing.com\/infobae\/XWPGCLII6VRKLSK46GALQJG2NM.jpg 420w,https:\/\/www.infobae.com\/new-resizer\/3gYDJbvQwsFUbVgYXYcGTd0LFn8=\/768x512\/filters:format(webp):quality(85)\/cloudfront-us-east-1.images.arcpublishing.com\/infobae\/XWPGCLII6VRKLSK46GALQJG2NM.jpg 768w,https:\/\/www.infobae.com\/new-resizer\/9x6r-mofpguWa9ar4j08vgvL1To=\/992x661\/filters:format(webp):quality(85)\/cloudfront-us-east-1.images.arcpublishing.com\/infobae\/XWPGCLII6VRKLSK46GALQJG2NM.jpg 992w,https:\/\/www.infobae.com\/new-resizer\/XAhrzOuC4bzqtj8uuu44XaSXwL4=\/1200x800\/filters:format(webp):quality(85)\/cloudfront-us-east-1.images.arcpublishing.com\/infobae\/XWPGCLII6VRKLSK46GALQJG2NM.jpg 1200w,https:\/\/www.infobae.com\/new-resizer\/1vW1xZYrJA8VPQvRR5Cq8vozEJw=\/1440x960\/filters:format(webp):quality(85)\/cloudfront-us-east-1.images.arcpublishing.com\/infobae\/XWPGCLII6VRKLSK46GALQJG2NM.jpg 1440w\" alt=\"Un hombre con una cubierta para la lluvia se para en la oscuridad frente a una casa despu\u00e9s de que el hurac\u00e1n Fiona tocara tierra en Guayanilla, Puerto Rico el 18 de septiembre de 2022. REUTERS\/Ricardo Arduengo\n\" width=\"5500\" height=\"3667\" \/>Un hombre con una cubierta para la lluvia se para en la oscuridad frente a una casa despu\u00e9s de que el hurac\u00e1n Fiona tocara tierra en Guayanilla, Puerto Rico el 18 de septiembre de 2022. REUTERS\/Ricardo Arduengo<\/div>\n<p class=\"paragraph\">La mayor parte de la isla se qued\u00f3 sin electricidad el domingo, lo que\u00a0<b>provoc\u00f3 graves inundaciones y deslizamientos de tierra<\/b>\u00a0antes de avanzar hacia Rep\u00fablica Dominicana, dijo una agencia gubernamental.<\/p>\n<p class=\"paragraph\">El centro de la tormenta toc\u00f3 tierra en la costa suroeste de Puerto Rico cerca de Punta Toc\u00f3n a las 3:20 pm con<b>\u00a0vientos m\u00e1ximos sostenidos de unas 85 millas (140 kil\u00f3metros) por hora<\/b>, despejando el umbral para un hurac\u00e1n de categor\u00eda 1, explic\u00f3 el Centro Nacional de Huracanes.<\/p>\n<p class=\"paragraph\">En Puerto Rico, la electricidad inicialmente se cort\u00f3 por completo en la isla de 3,3 millones de personas, dijo LUMA Energy, operador de la red de la isla y la autoridad el\u00e9ctrica de Puerto Rico, el domingo por la tarde. Esa noche, las autoridades dijeron que se hab\u00eda comenzado a restaurar algo de energ\u00eda, pero que volver a conectar toda la isla llevar\u00eda d\u00edas.<\/p>\n<p class=\"paragraph\">La red el\u00e9ctrica de Puerto Rico sigue siendo fr\u00e1gil despu\u00e9s de que el hurac\u00e1n Mar\u00eda en septiembre de 2017 causara el mayor apag\u00f3n en la historia de Estados Unidos.<\/p>\n","protected":false},"excerpt":{"rendered":"<p>El hurac\u00e1n Fiona, de categor\u00eda 1, entr\u00f3 este lunes en Rep\u00fablica Dominicana por Cabo San Rafael (este del pa\u00eds), con vientos de 140 kil\u00f3metros por hora y r\u00e1fagas superiores, inform\u00f3 la Oficina Nacional de Meteorologia (Onamet). En su \u00faltimo bolet\u00edn, la Onamet explic\u00f3 que, conforme a im\u00e1genes de sat\u00e9lite y radar, Fiona entr\u00f3 esta madrugada [&hellip;]<\/p>\n","protected":false},"author":2,"featured_media":8205,"comment_status":"closed","ping_status":"closed","sticky":false,"template":"","format":"standard","meta":{"footnotes":""},"categories":[80],"tags":[],"class_list":{"0":"post-8204","1":"post","2":"type-post","3":"status-publish","4":"format-standard","5":"has-post-thumbnail","7":"category-internacionales"},"_links":{"self":[{"href":"https:\/\/radiobitacora.com.ar\/web\/wp-json\/wp\/v2\/posts\/8204","targetHints":{"allow":["GET"]}}],"collection":[{"href":"https:\/\/radiobitacora.com.ar\/web\/wp-json\/wp\/v2\/posts"}],"about":[{"href":"https:\/\/radiobitacora.com.ar\/web\/wp-json\/wp\/v2\/types\/post"}],"author":[{"embeddable":true,"href":"https:\/\/radiobitacora.com.ar\/web\/wp-json\/wp\/v2\/users\/2"}],"replies":[{"embeddable":true,"href":"https:\/\/radiobitacora.com.ar\/web\/wp-json\/wp\/v2\/comments?post=8204"}],"version-history":[{"count":0,"href":"https:\/\/radiobitacora.com.ar\/web\/wp-json\/wp\/v2\/posts\/8204\/revisions"}],"wp:featuredmedia":[{"embeddable":true,"href":"https:\/\/radiobitacora.com.ar\/web\/wp-json\/wp\/v2\/media\/8205"}],"wp:attachment":[{"href":"https:\/\/radiobitacora.com.ar\/web\/wp-json\/wp\/v2\/media?parent=8204"}],"wp:term":[{"taxonomy":"category","embeddable":true,"href":"https:\/\/radiobitacora.com.ar\/web\/wp-json\/wp\/v2\/categories?post=8204"},{"taxonomy":"post_tag","embeddable":true,"href":"https:\/\/radiobitacora.com.ar\/web\/wp-json\/wp\/v2\/tags?post=8204"}],"curies":[{"name":"wp","href":"https:\/\/api.w.org\/{rel}","templated":true}]}}