{"id":8252,"date":"2022-09-21T08:33:48","date_gmt":"2022-09-21T11:33:48","guid":{"rendered":"https:\/\/radiobitacora.com.ar\/web\/?p=8252"},"modified":"2022-09-21T08:33:48","modified_gmt":"2022-09-21T11:33:48","slug":"alberto-fernandez-pidio-en-las-naciones-unidas-levantar-los-bloqueos-a-cuba-y-venezuela","status":"publish","type":"post","link":"https:\/\/radiobitacora.com.ar\/web\/2022\/09\/21\/alberto-fernandez-pidio-en-las-naciones-unidas-levantar-los-bloqueos-a-cuba-y-venezuela\/","title":{"rendered":"Alberto Fern\u00e1ndez pidi\u00f3 en las Naciones Unidas levantar \u201clos bloqueos\u201d a Cuba y Venezuela"},"content":{"rendered":"<p class=\"paragraph\">\u00a0Alberto Fern\u00e1ndez inici\u00f3 su discurso ante la Asamblea General de las Naciones Unidas con una\u00a0<b>referencia directa al fallido ataque contra Cristina Fern\u00e1ndez de Kirchner.\u00a0<\/b>El Presidente vincul\u00f3 el avance de los grupos extremistas a nivel global con el atentado que sufri\u00f3 Cristina frente a su piso de la avenida Juncal.<\/p>\n<p class=\"paragraph\"><b>\u201cQuiero comenzar estas palabras agradeciendo la solidaridad que la Argentina ha recibido del mundo entero por el intento de magnicidio perpetrado contra nuestra Vicepresidenta, Cristina Fern\u00e1ndez de Kirchner\u201d,<\/b>\u00a0dijo el jefe de Estado en su presentaci\u00f3n ante la Asamblea General de la ONU.<\/p>\n<p class=\"paragraph\">Y a\u00f1adi\u00f3:\u00a0<b>\u201cEn la Argentina el intento de asesinar a la Vicepresidenta no solo afect\u00f3 la tranquilidad p\u00fablica. Tambi\u00e9n busc\u00f3 alterar una virtuosa construcci\u00f3n colectiva que el a\u00f1o entrante cumplir\u00e1 cuatro d\u00e9cadas de vida.\u00a0<\/b>En 1983 recuperamos la democracia e iniciamos un largo ciclo hist\u00f3rico en el cual alternaron en el gobierno distintas fuerzas pol\u00edticas\u201d.<\/p>\n<p class=\"paragraph\">Tras recordar el pasado oscuro de la dictadura militar y el comienzo de una nueva etapa democr\u00e1tica con vigencia plena de los derechos constitucionales,\u00a0<b>Alberto Fern\u00e1ndez refiri\u00f3 a la violencia pol\u00edtica ejecutada por facciones extremistas que operan alrededor del planeta.<\/b><\/p>\n<p class=\"paragraph\">\u201cAprovechando la desaz\u00f3n que gener\u00f3 la pandemia y los efectos econ\u00f3micos de la guerra, los discursos extremistas y violentos proliferaron y encontraron tierra f\u00e9rtil para sembrar el sentimiento antipol\u00edtico en nuestras sociedades.\u00a0<b>Guardar silencio ante semejante evidencia puede conducirnos a poner en crisis el mismo Estado de Derecho\u201d<\/b>, se\u00f1al\u00f3 el jefe de Estado.<\/p>\n<p class=\"paragraph\">Y agreg\u00f3:\u00a0<b>\u201cQuienes buscan debilitar y erosionar las democracias, tienen intereses espec\u00edficos que los lleva a promover la polarizaci\u00f3n extrema. No aceptemos resignados esa situaci\u00f3n<\/b>. Generemos un en\u00e9rgico rechazo global a quienes promueven la divisi\u00f3n en nuestras comunidades\u201d.<\/p>\n<p class=\"paragraph\">El Presidente lleg\u00f3 a las Naciones Unidas junto a toda su comitiva, que se despleg\u00f3 en distintos lugares del recinto. Las c\u00e1maras oficiales mostraron a Santiago Cafiero, Jorge Arguello, Julio Vitobello y Mar\u00eda del Carmen Squeff, entre las filas principales de la Asamblea.<\/p>\n<p class=\"paragraph\"><b>Con la colaboraci\u00f3n del canciller Santiago Cafiero y el asesor presidencial Alejandro Grimson, Alberto Alberto Fern\u00e1ndez trabaj\u00f3 durante dos semanas en su discurso.<\/b>\u00a0Cafiero y Grimson enviaban sus ideas por mail y WhatsApp, y el jefe de Estado las volcaba sobre un borrador personal que engrosaba todos los d\u00edas.<\/p>\n<p class=\"paragraph\"><b>Hoy a la ma\u00f1ana, en la soledad de su habitaci\u00f3n en el piso 21 del Hyatt Park Hotel, el presidente cerr\u00f3 su discurso de casi 20 minutos.<\/b><\/p>\n<div class=\"visual__image\"><img loading=\"lazy\" decoding=\"async\" class=\"\" src=\"https:\/\/cloudfront-us-east-1.images.arcpublishing.com\/infobae\/HLSHJ6X4BZAEXJ2CCF7ZM45E2M.jpg\" sizes=\"auto, (min-width: 800px) 50vw, 90vw\" srcset=\"https:\/\/www.infobae.com\/new-resizer\/InptDZHRuRG5o9bwqbrn1DTKPzY=\/420x280\/filters:format(webp):quality(85)\/cloudfront-us-east-1.images.arcpublishing.com\/infobae\/HLSHJ6X4BZAEXJ2CCF7ZM45E2M.jpg 420w,https:\/\/www.infobae.com\/new-resizer\/2a3o9gSxEfh8nP-oK28o3whDmys=\/768x512\/filters:format(webp):quality(85)\/cloudfront-us-east-1.images.arcpublishing.com\/infobae\/HLSHJ6X4BZAEXJ2CCF7ZM45E2M.jpg 768w,https:\/\/www.infobae.com\/new-resizer\/tMwOUiroXMlhksdOi35j3dC4HH4=\/992x661\/filters:format(webp):quality(85)\/cloudfront-us-east-1.images.arcpublishing.com\/infobae\/HLSHJ6X4BZAEXJ2CCF7ZM45E2M.jpg 992w,https:\/\/www.infobae.com\/new-resizer\/STLxTP4G4pRiubMBRMn8yGaUarQ=\/1200x800\/filters:format(webp):quality(85)\/cloudfront-us-east-1.images.arcpublishing.com\/infobae\/HLSHJ6X4BZAEXJ2CCF7ZM45E2M.jpg 1200w,https:\/\/www.infobae.com\/new-resizer\/NasG5Y3WxcmZvnXxwkyKrwVlmSg=\/1440x960\/filters:format(webp):quality(85)\/cloudfront-us-east-1.images.arcpublishing.com\/infobae\/HLSHJ6X4BZAEXJ2CCF7ZM45E2M.jpg 1440w\" alt=\"El Presidente intervino en el 77\u00ba Per\u00edodo de sesiones de la Asamblea General de la ONU\n\" width=\"1920\" height=\"1282\" \/>El Presidente intervino en el 77\u00ba Per\u00edodo de sesiones de la Asamblea General de la ONU<\/div>\n<p class=\"paragraph\">Cuando termin\u00f3 de expresar su posici\u00f3n sobre el ataque a CFK y su conexi\u00f3n con las facciones extremistas que act\u00faan a nivel mundial,\u00a0<b>Alberto Fern\u00e1ndez present\u00f3 su mirada sobre la guerra ilegal que libra Rusia contra Ucrania.<\/b><\/p>\n<p class=\"paragraph\">\u201cSiempre hemos pregonado la soluci\u00f3n pac\u00edfica de las controversias. Es imperioso que cesen todas las hostilidades desatadas. Por ese motivo,\u00a0<b>necesitamos trabajar unidos para imponer el di\u00e1logo y recuperar la paz en la disputa iniciada con el avance militar de la Federaci\u00f3n Rusa sobre el territorio de Ucrania\u201d,<\/b>\u00a0asegur\u00f3 el Presidente.<\/p>\n<p class=\"paragraph\"><b>Alberto Fern\u00e1ndez no menciona a Vladimir Putin, que es el responsable del conflicto en Europa. No hace referencia a las sistem\u00e1ticas violaciones a los derechos humanos cometidas por el ej\u00e9rcito ruso y tampoco condena la invasi\u00f3n a Ucrania ordenada desde el Kremlin.<\/b><\/p>\n<p class=\"paragraph\">\u201cQueremos seguir fortaleciendo la tradici\u00f3n de Argentina basada en los principios del Derecho Internacional Humanitario, en el respeto irrestricto de la soberan\u00eda de los Estados, en la autodeterminaci\u00f3n de los pueblos, en la perspectiva de g\u00e9nero y en la cooperaci\u00f3n\u201d, afirm\u00f3 el Presidente en la Asamblea General,\u00a0<b>tras evitar su condena expl\u00edcita a las acciones ilegales de Putin en Ucrania.<\/b><\/p>\n<p class=\"paragraph\"><b>Y esta posici\u00f3n contradictoria se agrava cuando menciona a Cuba y Venezuela.<\/b>\u00a0Alberto Fern\u00e1ndez exige que se levanten los bloqueos comerciales impuestos a los reg\u00edmenes de Miguel D\u00edaz-Canel y Nicol\u00e1s Maduro, pero obvia mencionar las constantes violaciones a los derechos humanos en esos dos pa\u00edses de Am\u00e9rica Latina.<\/p>\n<p class=\"paragraph\">\u201cQuiero llamar la atenci\u00f3n por la utilizaci\u00f3n de medidas unilaterales de coerci\u00f3n. De acuerdo con la Carta de las Naciones Unidas, las \u00fanicas sanciones leg\u00edtimas son aquellas impuestas por el Consejo de Seguridad para hacer cumplir sus decisiones en materia de mantenimiento de la paz y la seguridad. En virtud de ello,\u00a0<b>Argentina se suma al reclamo de los pueblos de Cuba y Venezuela para que se levanten los bloqueos que esas naciones padecen\u201d<\/b>, consider\u00f3 el jefe de Estado.<\/p>\n<p class=\"paragraph\">A lo largo de todos su discurso en la ONU,\u00a0<b>Alberto Fern\u00e1ndez tampoco conden\u00f3 a la dictadura de Nicaragua, que todos los d\u00edas viola los derechos humanos y las libertades democr\u00e1ticas.<\/b><\/p>\n<div class=\"visual__image\"><img loading=\"lazy\" decoding=\"async\" class=\"\" src=\"https:\/\/cloudfront-us-east-1.images.arcpublishing.com\/infobae\/IYENUOROEVBORP2HKVSXW7LWVM.jpg\" sizes=\"auto, (min-width: 800px) 50vw, 90vw\" srcset=\"https:\/\/www.infobae.com\/new-resizer\/PiXgyAwBsFuAu2MCgfti-A3yCzU=\/420x236\/filters:format(webp):quality(85)\/cloudfront-us-east-1.images.arcpublishing.com\/infobae\/IYENUOROEVBORP2HKVSXW7LWVM.jpg 420w,https:\/\/www.infobae.com\/new-resizer\/vJnab91dmLTsVm_-LLpcgxlLKmk=\/768x432\/filters:format(webp):quality(85)\/cloudfront-us-east-1.images.arcpublishing.com\/infobae\/IYENUOROEVBORP2HKVSXW7LWVM.jpg 768w,https:\/\/www.infobae.com\/new-resizer\/SwerzWltTi-jm0ydISoFXxjNtNw=\/992x558\/filters:format(webp):quality(85)\/cloudfront-us-east-1.images.arcpublishing.com\/infobae\/IYENUOROEVBORP2HKVSXW7LWVM.jpg 992w,https:\/\/www.infobae.com\/new-resizer\/fSPaoH8Z9JeCuUNuD_cl-fvI8lc=\/1200x675\/filters:format(webp):quality(85)\/cloudfront-us-east-1.images.arcpublishing.com\/infobae\/IYENUOROEVBORP2HKVSXW7LWVM.jpg 1200w,https:\/\/www.infobae.com\/new-resizer\/-JiI3hFGI4nqQuVxGzguNurZZLI=\/1440x810\/filters:format(webp):quality(85)\/cloudfront-us-east-1.images.arcpublishing.com\/infobae\/IYENUOROEVBORP2HKVSXW7LWVM.jpg 1440w\" alt=\"Alberto Fern\u00e1ndez y Kristalina Georgieva durante su reuni\u00f3n en el consulado argentino en New York\" width=\"1600\" height=\"900\" \/>Alberto Fern\u00e1ndez y Kristalina Georgieva durante su reuni\u00f3n en el consulado argentino en New York<\/div>\n<p class=\"paragraph\">Antes de hablar en la Asamblea General, Alberto Fern\u00e1ndez mantuvo una reuni\u00f3n clave con Kristalina Georgieva. El presidente sostuvo ante la directora gerente del Fondo Monetario Internacional (FMI) que consideraba indispensable un cambio de reglas en el sistema mundial para cerrar las asimetr\u00edas entre los estados pobres y las naciones ricas.<\/p>\n<p class=\"paragraph\">Esta mirada ideol\u00f3gica del mundo apareci\u00f3 con nitidez en el discurso que Alberto Fern\u00e1ndez pronunci\u00f3 en las Naciones Unidas:\u00a0<b>\u201cDebemos abandonar las pr\u00e1cticas econ\u00f3micas y financieras que el mundo desarrollado exige cumplir al mundo que intenta desarrollarse. Sostener este presente, solo incrementar\u00e1 la pobreza y la marginalidad<\/b>. Si no cambiamos no podremos edificar sociedades m\u00e1s justas y libres, estables, comprometidas con sus instituciones\u201d, opin\u00f3 el jefe de Estado.<\/p>\n<p class=\"paragraph\">Alberto Fern\u00e1ndez considera que la pandemia del COVID-19 y la guerra en Ucrania implosionaron las cadenas de suministros y afectaron la econom\u00eda mundial. En este contexto, el presidente sostuvo en la ONU que los abruptos aumentos de precios de los alimentos y la energ\u00eda agravan la crisis global.<\/p>\n<p class=\"paragraph\"><b>\u201cLa seguridad alimentaria debemos garantizarla a todos los habitantes del planeta. No podemos transitar este tiempo con hambrunas.<\/b>\u00a0Los recientes informes de la FAO alertan sobre el impacto de la excesiva volatilidad de los precios de algunos alimentos y sobre la alteraci\u00f3n de los mercados de insumos que influyen en la producci\u00f3n de los mismos. Todo esto tuvo y tiene un efecto importante en el aumento de la inflaci\u00f3n mundial.\u00a0<b>Todo va en detrimento de los m\u00e1s postergados\u201d,\u00a0<\/b>propuso el Presidente.<\/p>\n<p class=\"paragraph\">Y complet\u00f3: \u201cAs\u00ed como debemos garantizar la seguridad alimentaria,\u00a0<b>debemos acceder en condiciones de seguridad y previsibilidad a la energ\u00eda.<\/b>\u00a0Argentina seguir\u00e1 estando presente para contribuir a enfrentar ese gran desaf\u00edo\u201d.<\/p>\n<div class=\"visual__image\"><img loading=\"lazy\" decoding=\"async\" class=\"\" src=\"https:\/\/cloudfront-us-east-1.images.arcpublishing.com\/infobae\/NGR4X26MMJBLJG3ILQ3RYPTP5U.jpg\" sizes=\"auto, (min-width: 800px) 50vw, 90vw\" srcset=\"https:\/\/www.infobae.com\/new-resizer\/htBqDY_BekiXMrkpEf-AUe2H_84=\/420x236\/filters:format(webp):quality(85)\/cloudfront-us-east-1.images.arcpublishing.com\/infobae\/NGR4X26MMJBLJG3ILQ3RYPTP5U.jpg 420w,https:\/\/www.infobae.com\/new-resizer\/THnFIMJPfqdpDsdjCPOwd4fSEDw=\/768x432\/filters:format(webp):quality(85)\/cloudfront-us-east-1.images.arcpublishing.com\/infobae\/NGR4X26MMJBLJG3ILQ3RYPTP5U.jpg 768w,https:\/\/www.infobae.com\/new-resizer\/ebm_DaZQD98KxG8HixCtnchEOKI=\/992x558\/filters:format(webp):quality(85)\/cloudfront-us-east-1.images.arcpublishing.com\/infobae\/NGR4X26MMJBLJG3ILQ3RYPTP5U.jpg 992w,https:\/\/www.infobae.com\/new-resizer\/UTPlRgiIH8EUm7w5iXwbvEbl3Ws=\/1200x675\/filters:format(webp):quality(85)\/cloudfront-us-east-1.images.arcpublishing.com\/infobae\/NGR4X26MMJBLJG3ILQ3RYPTP5U.jpg 1200w,https:\/\/www.infobae.com\/new-resizer\/u7tuW7sUENDYXbvkOH1Sl7kwWoE=\/1440x810\/filters:format(webp):quality(85)\/cloudfront-us-east-1.images.arcpublishing.com\/infobae\/NGR4X26MMJBLJG3ILQ3RYPTP5U.jpg 1440w\" alt=\"Imagen de los restos de la AMIA tras el ataque terrorista cometido por Hezbollah en julio de 1992\" width=\"1920\" height=\"1080\" \/>Imagen de los restos de la AMIA tras el ataque terrorista cometido por Hezbollah en julio de 1992<\/div>\n<p class=\"paragraph\">Alberto Fern\u00e1ndez tambi\u00e9n record\u00f3 los atentados terroristas contra la Embajada de Israel y la AMIA, y exigi\u00f3 que el r\u00e9gimen de Ir\u00e1n colabore con la justicia argentina. Ya est\u00e1 probado que Teher\u00e1n y Hezbollah participaron en esos ataques fundamentalistas.<\/p>\n<p class=\"paragraph\">\u201cSeguimos luchando contra la impunidad, investigando los atentados que sufrimos en 1992 a la Embajada de Israel y en 1994 a la sede de la AMIA, que se cobraron la vida de 107 personas y cientos de heridos.\u00a0<b>Queremos que los responsables de tan atroces ataques sean identificados, juzgados y eventualmente condenados\u201d<\/b>, exigi\u00f3 el presidente.<\/p>\n<p class=\"paragraph\">Y a continuaci\u00f3n hizo un plante\u00f3 directo al r\u00e9gimen de los ayatollahs:\u00a0<b>\u201cUna vez m\u00e1s, instamos a la Rep\u00fablica Isl\u00e1mica de Ir\u00e1n a que coopere con las autoridades judiciales argentinas para avanzar en la investigaci\u00f3n del atentado contra la AMIA.<\/b><\/p>\n<p class=\"paragraph\">Alberto Fern\u00e1ndez concluy\u00f3 su discurso ratificando los derechos soberanos sobre las Islas Malvinas y solicit\u00f3 al Reino Unidos que acepte las resoluciones de la ONU y se siente a negociar con la Argentina.<\/p>\n<p class=\"paragraph\">\u201c<b>Quiero reafirmar los leg\u00edtimos e imprescriptibles derechos de soberan\u00eda de la Rep\u00fablica Argentina sobre las Islas Malvinas, Georgias del Sur, S\u00e1ndwich del Sur y los espacios mar\u00edtimos circundantes. Forman parte del territorio nacional argentino y se encuentran ocupados ilegalmente por el Reino Unido desde hace ya casi 190 a\u00f1os.<\/b><\/p>\n<p class=\"paragraph\">El Reino Unido persiste en su actitud de deso\u00edr el llamado a reanudar las negociaciones respecto de la disputa territorial.\u00a0<b>M\u00e1s a\u00fan: agrav\u00f3 la controversia por sus llamados a la explotaci\u00f3n ilegal de los recursos naturales renovables y no renovables en el \u00e1rea.<\/b>\u00a0La acci\u00f3n es contraria a la resoluci\u00f3n 31\/49 de esta Asamblea. Tambi\u00e9n insiste con la injustificada y desmedida presencia militar en las Islas, que no hace m\u00e1s que traer tensi\u00f3n a una regi\u00f3n caracterizada por ser una zona de paz y cooperaci\u00f3n internacional.<\/p>\n<p class=\"paragraph\">Solicitamos al Secretario General que renueve sus esfuerzos en el cumplimiento de ese mandato y que el Reino Unido se avenga a acatar el llamado de la comunidad internacional y ponga fin a esta anacr\u00f3nica situaci\u00f3n colonial.<\/p>\n<p class=\"paragraph\">En este contexto,\u00a0<b>deseo reiterar la plena disposici\u00f3n de mi pa\u00eds de retornar a la mesa de negociaciones y buscar una soluci\u00f3n que permita poner fin a esta prolongada disputa de soberan\u00eda\u201d.<\/b><\/p>\n<p class=\"paragraph\">Cuando termin\u00f3 su discurso, Alberto Fern\u00e1ndez abandon\u00f3 las Naciones Unidas y march\u00f3 hacia un hotel en el coraz\u00f3n de Manhattan para cenar con Emmanuel Macron, presidente de Francia.<\/p>\n","protected":false},"excerpt":{"rendered":"<p>\u00a0Alberto Fern\u00e1ndez inici\u00f3 su discurso ante la Asamblea General de las Naciones Unidas con una\u00a0referencia directa al fallido ataque contra Cristina Fern\u00e1ndez de Kirchner.\u00a0El Presidente vincul\u00f3 el avance de los grupos extremistas a nivel global con el atentado que sufri\u00f3 Cristina frente a su piso de la avenida Juncal. \u201cQuiero comenzar estas palabras agradeciendo la [&hellip;]<\/p>\n","protected":false},"author":2,"featured_media":8253,"comment_status":"closed","ping_status":"closed","sticky":false,"template":"","format":"standard","meta":{"footnotes":""},"categories":[79],"tags":[],"class_list":{"0":"post-8252","1":"post","2":"type-post","3":"status-publish","4":"format-standard","5":"has-post-thumbnail","7":"category-politica"},"_links":{"self":[{"href":"https:\/\/radiobitacora.com.ar\/web\/wp-json\/wp\/v2\/posts\/8252","targetHints":{"allow":["GET"]}}],"collection":[{"href":"https:\/\/radiobitacora.com.ar\/web\/wp-json\/wp\/v2\/posts"}],"about":[{"href":"https:\/\/radiobitacora.com.ar\/web\/wp-json\/wp\/v2\/types\/post"}],"author":[{"embeddable":true,"href":"https:\/\/radiobitacora.com.ar\/web\/wp-json\/wp\/v2\/users\/2"}],"replies":[{"embeddable":true,"href":"https:\/\/radiobitacora.com.ar\/web\/wp-json\/wp\/v2\/comments?post=8252"}],"version-history":[{"count":0,"href":"https:\/\/radiobitacora.com.ar\/web\/wp-json\/wp\/v2\/posts\/8252\/revisions"}],"wp:featuredmedia":[{"embeddable":true,"href":"https:\/\/radiobitacora.com.ar\/web\/wp-json\/wp\/v2\/media\/8253"}],"wp:attachment":[{"href":"https:\/\/radiobitacora.com.ar\/web\/wp-json\/wp\/v2\/media?parent=8252"}],"wp:term":[{"taxonomy":"category","embeddable":true,"href":"https:\/\/radiobitacora.com.ar\/web\/wp-json\/wp\/v2\/categories?post=8252"},{"taxonomy":"post_tag","embeddable":true,"href":"https:\/\/radiobitacora.com.ar\/web\/wp-json\/wp\/v2\/tags?post=8252"}],"curies":[{"name":"wp","href":"https:\/\/api.w.org\/{rel}","templated":true}]}}