{"id":8255,"date":"2022-09-21T08:36:56","date_gmt":"2022-09-21T11:36:56","guid":{"rendered":"https:\/\/radiobitacora.com.ar\/web\/?p=8255"},"modified":"2022-09-21T08:36:56","modified_gmt":"2022-09-21T11:36:56","slug":"fundacion-de-concepcion-del-yaguarete-cora-corrientes-21-de-septiembre-de-1796","status":"publish","type":"post","link":"https:\/\/radiobitacora.com.ar\/web\/2022\/09\/21\/fundacion-de-concepcion-del-yaguarete-cora-corrientes-21-de-septiembre-de-1796\/","title":{"rendered":"Fundaci\u00f3n de CONCEPCI\u00d3N DEL YAGUARET\u00c9 COR\u00c1 \u2013 Corrientes 21 de Septiembre de 1796"},"content":{"rendered":"<div class=\"l7ghb35v kjdc1dyq kmwttqpk gh25dzvf jikcssrz n3t5jt4f\">\n<div dir=\"auto\">Concepci\u00f3n, llamada tambi\u00e9n por su nombre en guaran\u00ed Yaguaret\u00e9 Cor\u00e1 (Concepci\u00f3n del Yaguaret\u00e9 Cor\u00e1) es una localidad de la provincia de Corrientes, Argentina. Cabecera del municipio de Concepci\u00f3n y del departamento hom\u00f3nimo. Siendo una de las ciudades m\u00e1s antiguas de la provincia. Se encuentra a 183 kil\u00f3metros de la Capital provincial.<\/div>\n<div dir=\"auto\">Fue fundada el 21 de septiembre de 1796 como parte del poblamiento de la zona por peque\u00f1os agricultores y ganaderos independientes su poblaci\u00f3n en el momento de su fundaci\u00f3n era de 82 espa\u00f1oles y 26 naturales. Era un caser\u00edo de no m\u00e1s de 12 ranchos cuando se concentr\u00f3 en \u00e9l el ej\u00e9rcito liderado por el general Dr. Manuel Belgrano en los preparativos de la batalla de Itap\u00faa; varios vecinos del pueblo se alistaron en el ej\u00e9rcito revolucionario, entre ellos el ni\u00f1o Pedro R\u00edos, quien seg\u00fan la leyenda tocar\u00eda el tambor al frente de las tropas hasta caer herido de muerte el 9 de marzo de 1811 en la batalla de Tacuar\u00ed.<\/div>\n<div dir=\"auto\">En 1870, por decisi\u00f3n del gobierno provincial, adopt\u00f3 oficialmente el nombre de Inmaculada Concepci\u00f3n de la Virgen Mar\u00eda.<\/div>\n<div dir=\"auto\">El Gobierno de la Provincia de Corrientes, por Ley del 27 de septiembre de 1877, orden\u00f3 la delineaci\u00f3n del pueblo de Concepci\u00f3n, conforme a la Ley de 1875 que ordenaba la fundaci\u00f3n de los pueblos agr\u00edcolas. De acuerdo a esa Reglamentaci\u00f3n, el 10 de diciembre de 1878 se procedi\u00f3 a la mensura.<\/div>\n<div dir=\"auto\">La plaza ocupa el lugar antiguo. Se hizo el trazado cuadrangular de calles para demarcar las viviendas.<\/div>\n<div dir=\"auto\">En lo que se refiere a la arquitectura Concepci\u00f3n se caracteriza por sus viviendas sencillas y espaciosas. Se observa viviendas que tienen una adaptaci\u00f3n de m\u00e1s de cien a\u00f1os. Presentan un acento colonial, con paredes gruesas y numerosas viviendas presentan galer\u00edas a la calle. Estas se contrastan con los barrios modernos construidos en los \u00faltimos a\u00f1os.<\/div>\n<div dir=\"auto\">Las calles son de arena y en menor proporci\u00f3n asfaltadas, en cuanto la actividad econ\u00f3mica de la regi\u00f3n, cabe decir de las m\u00e1s desarrolladas son la explotaci\u00f3n forestal-sobre el eucalipto y el pino que producen maderas, resinas y la ganader\u00eda con la cr\u00eda de vacunos y ovinos.<\/div>\n<div dir=\"auto\">Otras actividades que se desarrollan son la fruticultura, la horticultura y la floricultura que se desarrolla en Santa Rosa y Tabay. Municipalidad de Concepci\u00f3n del Yaguaret\u00e9 Cor\u00e1.<\/div>\n<\/div>\n<div class=\"l7ghb35v kjdc1dyq kmwttqpk gh25dzvf jikcssrz n3t5jt4f\">\n<div dir=\"auto\">CONCEPCI\u00d3N DEL YAGUARET\u00c9 COR\u00c1 POBLADO HIST\u00d3RICO NACIONAL<\/div>\n<div dir=\"auto\">RECONOCIMIENTO<\/div>\n<div dir=\"auto\">Concepci\u00f3n del Yaguaret\u00e9 Cor\u00e1 fue declarado Poblado Hist\u00f3rico Nacional<\/div>\n<div dir=\"auto\">La localidad emplazada a 183 kil\u00f3metros de esta Capital recibi\u00f3 el reconocimiento por parte del Gobierno Nacional. Se trata de un sector espec\u00edfico de la ciudad.<\/div>\n<div dir=\"auto\">A trav\u00e9s del decreto 592\/2019 publicado en el Bolet\u00edn Oficial de hoy martes, se reconoci\u00f3 a la ciudad Concepci\u00f3n del Yaguaret\u00e9 Cor\u00e1 como &#8220;poblado hist\u00f3rico nacional&#8221;. Fue por consejo de la Comisi\u00f3n Nacional de Monumentos, de Lugares y de Bienes Hist\u00f3ricos.<\/div>\n<div dir=\"auto\">La ciudad fue fundada el 21 de septiembre de 1796 y seg\u00fan el Censo del 2010, all\u00ed viv\u00edan unas 4800 personas. El reconocimiento alcanza a la zona ubicada entre las calles Capit\u00e1n Arbo y Blanco, Independencia, Avenida Obispo Niella y Sarmiento.<\/div>\n<div dir=\"auto\">&#8220;Los primeros pobladores que reconoce la historia para estas tierras, es la etnia Caingang, provenientes del sur de la Rep\u00fablica Federativa de Brasil y de la Mesopotamia argentina, cuya parcialidad denominada los Caracaraes o Cara-Caras, se asentaron en toda el \u00e1rea de los Esteros del Iber\u00e1, y a partir del siglo XV, la influencia de la cultura guaran\u00ed los asimil\u00f3 poco a poco&#8221;, se explic\u00f3 en los considerandos del decreto.<\/div>\n<div dir=\"auto\">&#8220;Entre los siglos XVII y XVIII toda la regi\u00f3n estuvo ocupada por la Compa\u00f1\u00eda de Jes\u00fas, Orden que asent\u00f3 importantes establecimientos ganaderos en cuyos grandes &#8220;puestos&#8221; establec\u00edan capillas, y tras la expulsi\u00f3n de los Jesuitas en el a\u00f1o 1767, todo el sector ocupado por la Orden qued\u00f3 en el abandono&#8221;, agregaron. Archivo Diario El Litoral de Corrientes.<\/div>\n<\/div>\n","protected":false},"excerpt":{"rendered":"<p>Concepci\u00f3n, llamada tambi\u00e9n por su nombre en guaran\u00ed Yaguaret\u00e9 Cor\u00e1 (Concepci\u00f3n del Yaguaret\u00e9 Cor\u00e1) es una localidad de la provincia de Corrientes, Argentina. Cabecera del municipio de Concepci\u00f3n y del departamento hom\u00f3nimo. Siendo una de las ciudades m\u00e1s antiguas de la provincia. Se encuentra a 183 kil\u00f3metros de la Capital provincial. Fue fundada el 21 [&hellip;]<\/p>\n","protected":false},"author":2,"featured_media":8256,"comment_status":"closed","ping_status":"closed","sticky":false,"template":"","format":"standard","meta":{"footnotes":""},"categories":[72],"tags":[],"class_list":{"0":"post-8255","1":"post","2":"type-post","3":"status-publish","4":"format-standard","5":"has-post-thumbnail","7":"category-provinciales"},"_links":{"self":[{"href":"https:\/\/radiobitacora.com.ar\/web\/wp-json\/wp\/v2\/posts\/8255","targetHints":{"allow":["GET"]}}],"collection":[{"href":"https:\/\/radiobitacora.com.ar\/web\/wp-json\/wp\/v2\/posts"}],"about":[{"href":"https:\/\/radiobitacora.com.ar\/web\/wp-json\/wp\/v2\/types\/post"}],"author":[{"embeddable":true,"href":"https:\/\/radiobitacora.com.ar\/web\/wp-json\/wp\/v2\/users\/2"}],"replies":[{"embeddable":true,"href":"https:\/\/radiobitacora.com.ar\/web\/wp-json\/wp\/v2\/comments?post=8255"}],"version-history":[{"count":0,"href":"https:\/\/radiobitacora.com.ar\/web\/wp-json\/wp\/v2\/posts\/8255\/revisions"}],"wp:featuredmedia":[{"embeddable":true,"href":"https:\/\/radiobitacora.com.ar\/web\/wp-json\/wp\/v2\/media\/8256"}],"wp:attachment":[{"href":"https:\/\/radiobitacora.com.ar\/web\/wp-json\/wp\/v2\/media?parent=8255"}],"wp:term":[{"taxonomy":"category","embeddable":true,"href":"https:\/\/radiobitacora.com.ar\/web\/wp-json\/wp\/v2\/categories?post=8255"},{"taxonomy":"post_tag","embeddable":true,"href":"https:\/\/radiobitacora.com.ar\/web\/wp-json\/wp\/v2\/tags?post=8255"}],"curies":[{"name":"wp","href":"https:\/\/api.w.org\/{rel}","templated":true}]}}