{"id":8261,"date":"2022-09-21T08:42:35","date_gmt":"2022-09-21T11:42:35","guid":{"rendered":"https:\/\/radiobitacora.com.ar\/web\/?p=8261"},"modified":"2022-09-21T08:42:35","modified_gmt":"2022-09-21T11:42:35","slug":"dia-del-estudiante-y-dia-de-la-primavera-por-que-se-festejan-el-mismo-dia","status":"publish","type":"post","link":"https:\/\/radiobitacora.com.ar\/web\/2022\/09\/21\/dia-del-estudiante-y-dia-de-la-primavera-por-que-se-festejan-el-mismo-dia\/","title":{"rendered":"D\u00eda del estudiante y d\u00eda de la primavera: \u00bfpor qu\u00e9 se festejan el mismo d\u00eda?"},"content":{"rendered":"<p class=\"com-paragraph  --capital --s\">El <strong>21 de septiembre\u00a0<\/strong>de cada a\u00f1o se conmemora el\u00a0<a class=\"com-link\" title=\"D\u00eda de la Primavera\" href=\"https:\/\/www.lanacion.com.ar\/lifestyle\/cuando-empieza-la-primavera-nid22082022\/\" target=\"_self\" data-reactroot=\"\" rel=\"noopener\"><strong>D\u00eda de la Primavera<\/strong><\/a>\u00a0y el\u00a0<strong>D\u00eda del Estudiante\u00a0<\/strong>en Argentina. La coincidencia de estas fechas, que no posee un motivo particular, provoca un gran movimiento de j\u00f3venes quienes dedican este d\u00eda a celebrar. El clima y el receso escolar que acompa\u00f1an a esta fecha funcionan como grandes condiciones para juntarse a festejar.<\/p>\n<h2 class=\"com-title --l\">D\u00eda de la Primavera<\/h2>\n<p class=\"com-paragraph   --s\">El equinoccio de primavera marca la llegada de esta estaci\u00f3n en el a\u00f1o. Si bien la fecha es estimativa, variando anualmente debido a diferentes aspectos clim\u00e1ticos,\u00a0<strong>se celebra todos los 21 de septiembre<\/strong>. Un equinoccio se da cuando tanto el d\u00eda como la noche, poseen la misma duraci\u00f3n. Este suceso, que pasa \u00fanicamente dos veces al a\u00f1o, se da cuando el sol se posiciona exactamente a la altura del Ecuador sobre el planeta.<\/p>\n<div class=\"mod-banner --middle_1_dsk  \">\n<div id=\"middle_1_dsk\" class=\"com-banner \" data-slot-group=\"nota\" data-device=\"desktop\" data-subscription=\"true\" data-ad-unit-path=\"\/133919216\/la_nacion_desktop\/Nota\/middle_1_dsk\" data-targeting=\"{&quot;sitio&quot;:&quot;lanacion&quot;,&quot;seccion&quot;:&quot;nota&quot;}\" data-without-hide=\"true\" data-size=\"[[1,1],[640,360],[640,480],[728,90]]\" data-sizemap=\"[]\" data-prebid-enabled=\"true\">\n<div id=\"google_ads_iframe_\/133919216\/la_nacion_desktop\/Nota\/middle_1_dsk_0__container__\"><\/div>\n<\/div>\n<\/div>\n<div class=\"com-container --button \"><a class=\"com-link\" title=\"A los 17 a\u00f1os invent\u00f3 un motor que podr\u00eda revolucionar los autos el\u00e9ctricos y gan\u00f3 un premio de 75 mil d\u00f3lares\" href=\"https:\/\/www.lanacion.com.ar\/tecnologia\/a-los-17-anos-invento-un-motor-que-podria-revolucionar-los-autos-electricos-y-gano-un-premio-de-75-nid31082022\/\" target=\"_blank\" rel=\"noopener\"><button id=\"\" class=\"com-button --secondary --icon arrow-right --right\" title=\"\" type=\"button\" data-event=\"\" data-section=\"\"><i class=\"com-icon icon-arrow-right\"><\/i><span class=\"com-text --fivexs\">A LOS 17 A\u00d1OS INVENT\u00d3 UN MOTOR QUE PODR\u00cdA REVOLUCIONAR LOS AUTOS EL\u00c9CTRICOS Y GAN\u00d3 UN PREMIO DE 75 MIL D\u00d3LARES<\/span><\/button><\/a><\/div>\n<p class=\"com-paragraph   --s\">En el hemisferio norte, este acontecimiento marca el comienzo del oto\u00f1o, mientras que en el sur, se comienza a contar con m\u00e1s horas de sol y el florecimiento de plantas.\u00a0<strong>La celebraci\u00f3n de este d\u00eda no tiene un motivo en particular<\/strong>, aunque se cree que las tradiciones de los Mayas han influido y provocado que se siga conmemorando esta nueva estaci\u00f3n. Para esta cultura, el inicio de la primavera significaba el equilibrio de los planetas y estrellas. Era considerado un momento para agradecer y rendir honor, en b\u00fasqueda del balance y prosperidad.<\/p>\n<div class=\"content-media\">\n<section class=\"mod-media --zoom  \" role=\"button\">\n<figure class=\"mod-figure \" role=\"button\">\n<div class=\"placeholder \"><img loading=\"lazy\" decoding=\"async\" class=\"com-image \" src=\"https:\/\/resizer.glanacion.com\/resizer\/FjZy1racg1YZeLrxx-EWM_gHDk8=\/310x0\/filters:format(webp):quality(80)\/cloudfront-us-east-1.images.arcpublishing.com\/lanacionar\/T5OWNZ4GJVHCXP7IXYDB55SMKU.JPG\" srcset=\"https:\/\/resizer.glanacion.com\/resizer\/Sj13iH2juoZLsy5D1pa93bifFPs=\/879x0\/filters:format(webp):quality(80)\/cloudfront-us-east-1.images.arcpublishing.com\/lanacionar\/T5OWNZ4GJVHCXP7IXYDB55SMKU.JPG 879w, https:\/\/resizer.glanacion.com\/resizer\/y4fRJV-k-qSzo9PFAEZ3111Lsdk=\/690x0\/filters:format(webp):quality(80)\/cloudfront-us-east-1.images.arcpublishing.com\/lanacionar\/T5OWNZ4GJVHCXP7IXYDB55SMKU.JPG 690w, https:\/\/resizer.glanacion.com\/resizer\/7wyNE1LqTqK-DB1Qax1J7LrW0DI=\/768x0\/filters:format(webp):quality(80)\/cloudfront-us-east-1.images.arcpublishing.com\/lanacionar\/T5OWNZ4GJVHCXP7IXYDB55SMKU.JPG 768w, https:\/\/resizer.glanacion.com\/resizer\/S81dCGs10wlnXwBeUwik43iY7ew=\/350x0\/filters:format(webp):quality(80)\/cloudfront-us-east-1.images.arcpublishing.com\/lanacionar\/T5OWNZ4GJVHCXP7IXYDB55SMKU.JPG 350w, https:\/\/resizer.glanacion.com\/resizer\/FjZy1racg1YZeLrxx-EWM_gHDk8=\/310x0\/filters:format(webp):quality(80)\/cloudfront-us-east-1.images.arcpublishing.com\/lanacionar\/T5OWNZ4GJVHCXP7IXYDB55SMKU.JPG 310w\" alt=\"En el D\u00eda de la Primavera, miles de adolescentes en todo el pa\u00eds salen a celebrar\" width=\"2000\" height=\"1333\" \/><\/div><figcaption class=\"mod-figcaption\"><span class=\"com-text --caption --twoxs\">En el D\u00eda de la Primavera, miles de adolescentes en todo el pa\u00eds salen a celebrar<\/span><span class=\"com-text --credit --twoxs\">Tom\u00e1s Cuesta<\/span><\/figcaption><\/figure>\n<\/section>\n<\/div>\n<p class=\"com-paragraph   --s\">En Argentina, muchas personas aprovechan este d\u00eda para obsequiar flores. Otros, especialmente alumnos de colegios, realizan actividades al aire libre, que acompa\u00f1an sus festejos con el\u00a0<strong>D\u00eda del Estudiante<\/strong>.<\/p>\n<div class=\"mod-banner --middle_2_dsk  \">\n<div id=\"middle_2_dsk\" class=\"com-banner \" data-slot-group=\"nota\" data-device=\"desktop\" data-subscription=\"true\" data-ad-unit-path=\"\/133919216\/la_nacion_desktop\/Nota\/middle_2_dsk\" data-targeting=\"{&quot;sitio&quot;:&quot;lanacion&quot;,&quot;seccion&quot;:&quot;nota&quot;}\" data-without-hide=\"true\" data-size=\"[[1,1],[728,90]]\" data-sizemap=\"[]\" data-prebid-enabled=\"true\">\n<div id=\"google_ads_iframe_\/133919216\/la_nacion_desktop\/Nota\/middle_2_dsk_0__container__\"><\/div>\n<\/div>\n<\/div>\n<h2 class=\"com-title --l\">Sarmiento y el D\u00eda del Estudiante<\/h2>\n<p class=\"com-paragraph   --s\"><a class=\"com-link\" title=\"Este d\u00eda se conmemora en honor a Domingo Faustino Sarmiento\" href=\"https:\/\/www.lanacion.com.ar\/lifestyle\/dia-del-maestro-cuando-es-y-por-que-se-festeja-nid25082022\/\" target=\"_self\" data-reactroot=\"\" rel=\"noopener\">Este d\u00eda se conmemora en honor a\u00a0<strong>Domingo Faustino Sarmiento<\/strong><\/a>, \u00edcono de la educaci\u00f3n en el pa\u00eds, por el cual el pasado 11 de septiembre se celebr\u00f3 el D\u00eda del Maestro. Fallecido a sus 77 a\u00f1os en Asunci\u00f3n, Paraguay, sus restos llegaron a Buenos Aires el 21 de septiembre de 1888.<\/p>\n<div class=\"content-media\">\n<section class=\"mod-media --zoom  \" role=\"button\">\n<figure class=\"mod-figure \" role=\"button\">\n<div class=\"placeholder \"><img loading=\"lazy\" decoding=\"async\" class=\"com-image \" src=\"https:\/\/resizer.glanacion.com\/resizer\/biFwm2WqqSoXTDkAHJKtC1wVKSk=\/310x0\/filters:format(webp):quality(80)\/cloudfront-us-east-1.images.arcpublishing.com\/lanacionar\/K3QTPQZTCBHOXNJYC76MA7VAUY.jpg\" srcset=\"https:\/\/resizer.glanacion.com\/resizer\/_-UgGwbxDF69nZ6g7LCiM5BNcI8=\/879x0\/filters:format(webp):quality(80)\/cloudfront-us-east-1.images.arcpublishing.com\/lanacionar\/K3QTPQZTCBHOXNJYC76MA7VAUY.jpg 879w, https:\/\/resizer.glanacion.com\/resizer\/pqxAZItqKAi0SPQiZaUi_Nr0HLo=\/690x0\/filters:format(webp):quality(80)\/cloudfront-us-east-1.images.arcpublishing.com\/lanacionar\/K3QTPQZTCBHOXNJYC76MA7VAUY.jpg 690w, https:\/\/resizer.glanacion.com\/resizer\/vu0FVnYLv_koRP1Asu95zB3T_CE=\/768x0\/filters:format(webp):quality(80)\/cloudfront-us-east-1.images.arcpublishing.com\/lanacionar\/K3QTPQZTCBHOXNJYC76MA7VAUY.jpg 768w, https:\/\/resizer.glanacion.com\/resizer\/HtOafOPt3lgz_JSVgmvG2AGrAfc=\/350x0\/filters:format(webp):quality(80)\/cloudfront-us-east-1.images.arcpublishing.com\/lanacionar\/K3QTPQZTCBHOXNJYC76MA7VAUY.jpg 350w, https:\/\/resizer.glanacion.com\/resizer\/biFwm2WqqSoXTDkAHJKtC1wVKSk=\/310x0\/filters:format(webp):quality(80)\/cloudfront-us-east-1.images.arcpublishing.com\/lanacionar\/K3QTPQZTCBHOXNJYC76MA7VAUY.jpg 310w\" alt=\"El D\u00eda del Estudiante se festeja en honor a Domingo Faustino Sarmiento\" width=\"2000\" height=\"1333\" \/><\/div><figcaption class=\"mod-figcaption\"><span class=\"com-text --caption --twoxs\">El D\u00eda del Estudiante se festeja en honor a Domingo Faustino Sarmiento<\/span><span class=\"com-text --credit --twoxs\">Archivo<\/span><\/figcaption><\/figure>\n<\/section>\n<\/div>\n<p class=\"com-paragraph   --s\">Durante su presidencia, m\u00e1s de 800 escuelas fueron construidas en el pa\u00eds y promovi\u00f3 el desarrollo y capacitaci\u00f3n docente. Su trabajo transform\u00f3 la educaci\u00f3n en la Argentina, introduciendo nuevos conocimientos, material y t\u00e9cnicas para todo el personal de las instituciones educativas. Asimismo, fund\u00f3 la\u00a0<strong>Biblioteca Nacional de Maestros<\/strong>, impuls\u00f3 la alfabetizaci\u00f3n, promovi\u00f3 la educaci\u00f3n p\u00fablica, gratuita y obligatoria y logr\u00f3 aumentar el alumnado del pa\u00eds de 30.000 a 110.000 presentes.<\/p>\n<p class=\"com-paragraph   --s\">De esta manera, cuatro a\u00f1os m\u00e1s tarde, el presidente del Centro de Estudiantes de la Facultad de Filosof\u00eda y Letras,\u00a0<strong>Salvador Debenedetti, decidi\u00f3 homenajear a Sarmiento<\/strong>. En esta ocasi\u00f3n, se realiz\u00f3 una ceremonia en su casa de estudios, que luego fue repetida anualmente.<\/p>\n<div class=\"com-container --button \"><a class=\"com-link\" title=\"D\u00eda del Maestro: las mejores frases de Domingo Faustino Sarmiento sobre la educaci\u00f3n\" href=\"https:\/\/www.lanacion.com.ar\/lifestyle\/dia-del-maestro-las-mejores-frases-de-domingo-faustino-sarmiento-sobre-la-educacion-nid11092022\/\" target=\"_blank\" rel=\"noopener\"><button id=\"\" class=\"com-button --secondary --icon arrow-right --right\" title=\"\" type=\"button\" data-event=\"\" data-section=\"\"><i class=\"com-icon icon-arrow-right\"><\/i><span class=\"com-text --fivexs\">D\u00cdA DEL MAESTRO: LAS MEJORES FRASES DE DOMINGO FAUSTINO SARMIENTO SOBRE LA EDUCACI\u00d3N<\/span><\/button><\/a><\/div>\n<p class=\"com-paragraph   --s\">En la actualidad, los alumnos del secundario no asisten a clases durante este d\u00eda y muchos celebran en plazas y parques. Algunas universidades adhieren a esta festividad, permitiendo a sus estudiantes ausentarse por este d\u00eda. En el\u00a0<strong>D\u00eda de la Primavera<\/strong>\u00a0y<strong>\u00a0D\u00eda del Estudiante<\/strong>, se invita a celebrar a todos los alumnos de las instituciones educativas y se los motiva a continuar su formaci\u00f3n, y a sus docentes a desafiar sus conocimientos y capacidades.<\/p>\n","protected":false},"excerpt":{"rendered":"<p>El 21 de septiembre\u00a0de cada a\u00f1o se conmemora el\u00a0D\u00eda de la Primavera\u00a0y el\u00a0D\u00eda del Estudiante\u00a0en Argentina. La coincidencia de estas fechas, que no posee un motivo particular, provoca un gran movimiento de j\u00f3venes quienes dedican este d\u00eda a celebrar. El clima y el receso escolar que acompa\u00f1an a esta fecha funcionan como grandes condiciones para [&hellip;]<\/p>\n","protected":false},"author":2,"featured_media":8262,"comment_status":"closed","ping_status":"closed","sticky":false,"template":"","format":"standard","meta":{"footnotes":""},"categories":[86],"tags":[],"class_list":{"0":"post-8261","1":"post","2":"type-post","3":"status-publish","4":"format-standard","5":"has-post-thumbnail","7":"category-sociedad"},"_links":{"self":[{"href":"https:\/\/radiobitacora.com.ar\/web\/wp-json\/wp\/v2\/posts\/8261","targetHints":{"allow":["GET"]}}],"collection":[{"href":"https:\/\/radiobitacora.com.ar\/web\/wp-json\/wp\/v2\/posts"}],"about":[{"href":"https:\/\/radiobitacora.com.ar\/web\/wp-json\/wp\/v2\/types\/post"}],"author":[{"embeddable":true,"href":"https:\/\/radiobitacora.com.ar\/web\/wp-json\/wp\/v2\/users\/2"}],"replies":[{"embeddable":true,"href":"https:\/\/radiobitacora.com.ar\/web\/wp-json\/wp\/v2\/comments?post=8261"}],"version-history":[{"count":0,"href":"https:\/\/radiobitacora.com.ar\/web\/wp-json\/wp\/v2\/posts\/8261\/revisions"}],"wp:featuredmedia":[{"embeddable":true,"href":"https:\/\/radiobitacora.com.ar\/web\/wp-json\/wp\/v2\/media\/8262"}],"wp:attachment":[{"href":"https:\/\/radiobitacora.com.ar\/web\/wp-json\/wp\/v2\/media?parent=8261"}],"wp:term":[{"taxonomy":"category","embeddable":true,"href":"https:\/\/radiobitacora.com.ar\/web\/wp-json\/wp\/v2\/categories?post=8261"},{"taxonomy":"post_tag","embeddable":true,"href":"https:\/\/radiobitacora.com.ar\/web\/wp-json\/wp\/v2\/tags?post=8261"}],"curies":[{"name":"wp","href":"https:\/\/api.w.org\/{rel}","templated":true}]}}