{"id":8282,"date":"2022-09-21T16:32:39","date_gmt":"2022-09-21T19:32:39","guid":{"rendered":"https:\/\/radiobitacora.com.ar\/web\/?p=8282"},"modified":"2022-09-21T16:32:39","modified_gmt":"2022-09-21T19:32:39","slug":"rodriguez-larreta-en-corrientes-se-reunira-con-vecinos-y-con-dirigentes-del-pro","status":"publish","type":"post","link":"https:\/\/radiobitacora.com.ar\/web\/2022\/09\/21\/rodriguez-larreta-en-corrientes-se-reunira-con-vecinos-y-con-dirigentes-del-pro\/","title":{"rendered":"Rodr\u00edguez Larreta en Corrientes: Se reunir\u00e1 con vecinos y con dirigentes del PRO"},"content":{"rendered":"<p>El actual jefe de Gobierno de la Ciudad y uno de los principales referentes del Pro, llega a Corrientes con cargada agenda de Gobierno y tambi\u00e9n pol\u00edtica<\/p>\n<p>Por la tarde se reunir\u00e1 con la dirigencia, voluntarios, vecinos y simpatizantes en la Sociedad Espa\u00f1ola a partir de las 16:45hs con invitaci\u00f3n abierta al p\u00fablico.<\/p>\n<p>Al respecto Damian Garavano, actual vicepresidente del Pro Corrientes coment\u00f3 sobre la visita de Horacio &#8220;Vamos a tener un encuentro con Horacio para que Charlemos sobre el futuro de la Argentina y sobre lo necesitar\u00eda que es trabajar todos juntos para que en el 2023 volvamos a ser gobierno, aprender de su gesti\u00f3n en la ciudad y la capacidad de armar equipos creo que es algo que todos debemos destacar&#8221;<\/p>\n<p>Al ser consultado sobre la posible candidatura de Larreta a presidente el joven empresario y dirigentes coment\u00f3 &#8220;Horacio sin dudas es una de las personas preparadas para esa responsabilidad pero creo que hoy no es momento de hablar de candidaturas, es tiempo de construir y desde nuestro espacio buscar soluciones y exigirle al Gobierno nacional que tome medidas sobre las cosas que nos afectan en el d\u00eda a d\u00eda la inflaci\u00f3n que no para de crecer y de sacarle el pie de encima a las Pymes y las empresas para que crezcan y generen empleo&#8221;. Tambi\u00e9n remarc\u00f3 en la discriminaci\u00f3n constante que hace el Gobierno nacional con Corrientes.<\/p>\n<p>La convocatoria para la reuni\u00f3n con vecinos y simpatizantes se llevar\u00e1 adelante en la Sociedad Espa\u00f1ola el viernes 23 a partir de las 16:45hs<\/p>\n","protected":false},"excerpt":{"rendered":"<p>El actual jefe de Gobierno de la Ciudad y uno de los principales referentes del Pro, llega a Corrientes con cargada agenda de Gobierno y tambi\u00e9n pol\u00edtica Por la tarde se reunir\u00e1 con la dirigencia, voluntarios, vecinos y simpatizantes en la Sociedad Espa\u00f1ola a partir de las 16:45hs con invitaci\u00f3n abierta al p\u00fablico. Al respecto [&hellip;]<\/p>\n","protected":false},"author":2,"featured_media":8283,"comment_status":"closed","ping_status":"closed","sticky":false,"template":"","format":"standard","meta":{"footnotes":""},"categories":[79],"tags":[],"class_list":{"0":"post-8282","1":"post","2":"type-post","3":"status-publish","4":"format-standard","5":"has-post-thumbnail","7":"category-politica"},"_links":{"self":[{"href":"https:\/\/radiobitacora.com.ar\/web\/wp-json\/wp\/v2\/posts\/8282","targetHints":{"allow":["GET"]}}],"collection":[{"href":"https:\/\/radiobitacora.com.ar\/web\/wp-json\/wp\/v2\/posts"}],"about":[{"href":"https:\/\/radiobitacora.com.ar\/web\/wp-json\/wp\/v2\/types\/post"}],"author":[{"embeddable":true,"href":"https:\/\/radiobitacora.com.ar\/web\/wp-json\/wp\/v2\/users\/2"}],"replies":[{"embeddable":true,"href":"https:\/\/radiobitacora.com.ar\/web\/wp-json\/wp\/v2\/comments?post=8282"}],"version-history":[{"count":0,"href":"https:\/\/radiobitacora.com.ar\/web\/wp-json\/wp\/v2\/posts\/8282\/revisions"}],"wp:featuredmedia":[{"embeddable":true,"href":"https:\/\/radiobitacora.com.ar\/web\/wp-json\/wp\/v2\/media\/8283"}],"wp:attachment":[{"href":"https:\/\/radiobitacora.com.ar\/web\/wp-json\/wp\/v2\/media?parent=8282"}],"wp:term":[{"taxonomy":"category","embeddable":true,"href":"https:\/\/radiobitacora.com.ar\/web\/wp-json\/wp\/v2\/categories?post=8282"},{"taxonomy":"post_tag","embeddable":true,"href":"https:\/\/radiobitacora.com.ar\/web\/wp-json\/wp\/v2\/tags?post=8282"}],"curies":[{"name":"wp","href":"https:\/\/api.w.org\/{rel}","templated":true}]}}