{"id":8307,"date":"2022-09-22T07:48:35","date_gmt":"2022-09-22T10:48:35","guid":{"rendered":"https:\/\/radiobitacora.com.ar\/web\/?p=8307"},"modified":"2022-09-22T07:48:35","modified_gmt":"2022-09-22T10:48:35","slug":"valdes-coincidio-con-manes-en-la-apuesta-a-la-educacion-para-que-el-pais-salga-adelante","status":"publish","type":"post","link":"https:\/\/radiobitacora.com.ar\/web\/2022\/09\/22\/valdes-coincidio-con-manes-en-la-apuesta-a-la-educacion-para-que-el-pais-salga-adelante\/","title":{"rendered":"Vald\u00e9s coincidi\u00f3 con Manes en la apuesta a la educaci\u00f3n \u201cpara que el pa\u00eds salga adelante\u201d"},"content":{"rendered":"<p>El gobernador Gustavo Vald\u00e9s acompa\u00f1\u00f3 ayer al diputado nacional de la Uni\u00f3n C\u00edvica Radical (UCR) Facundo Manes en la charla p\u00fablica que dio en la plaza Cabral de la ciudad de Corrientes donde propuso \u201cuna revoluci\u00f3n del conocimiento\u201d como \u201cmejor herramienta para reducir la pobreza\u201d y el mandatario provincial coincidi\u00f3 al se\u00f1alar luego que \u201capostar en educaci\u00f3n es verdaderamente importante\u201d, sosteniendo que \u201ces la lucha de la sociedad para que podamos tener futuro\u201d, porque \u201csi no podemos adquirir conocimientos para que los factores de producci\u00f3n generen riqueza es dif\u00edcil poder salir adelante\u201d.<\/p>\n<p>Tras la charla abierta, Vald\u00e9s se\u00f1al\u00f3 a la prensa que \u201cManes es un dirigente de la UCR que viene a traer su mensaje y me parece que es importante que los argentinos comencemos escuchar los distintos mensajes pol\u00edticos para proyectar el futuro de una Argentina que necesita sin dudas un cambio\u201d.<\/p>\n<p>El mandatario provincial remarc\u00f3 su coincidencia en \u201cla apuesta plena a la educaci\u00f3n, si no podemos adquirir conocimientos para que los factores de producci\u00f3n generen riqueza es dif\u00edcil poder salir adelante y Facundo Manes aporta, fundamentalmente, en su discurso pol\u00edtico ese aspecto, es decir, el conocimiento como parte necesaria para el desarrollo, el crecimiento y el futuro\u201d.<\/p>\n<p>\u201cApostar en educaci\u00f3n es verdaderamente importante, es el gran tel\u00f3n de fondo que tenemos como lucha de la sociedad para que podamos tener futuro\u201d, destac\u00f3 el gobernador de Corrientes.<\/p>\n<div class=\"container_publi\" data-tipo=\"tipo_desktop \" data-pos=\"AMP_P1_cuerpo\"><\/div>\n<p>Mientras que en el acto, colmado de radicales, entre ellos el presidente de la UCR provincial, Ricardo Colombi, funcionarios y legisladores provinciales y nacionales, desde un escenario compuesto por una peque\u00f1a tarima y con una modesta carteler\u00eda con la palabra \u201cEmpat\u00eda\u201d el \u00a0legislador nacional y precandidato a gobernar el pa\u00eds en el 2023, dentro del espacio de Juntos por el Cambio brind\u00f3 una charla.<\/p>\n<p>\u201cTodos tenemos la sensaci\u00f3n de que somos m\u00e1s que esto en la Argentina, que nos merecemos un mejor pa\u00eds\u201d, dijo Manes al inicio de su discurso.<\/p>\n<p>Habl\u00f3 de la grieta y su relaci\u00f3n con la inflaci\u00f3n y la pobreza. \u201cLos argentinos estamos divididos. Hace mucho tiempo gobierna una mitad ignorando a la otra. El no escucharnos impacta en nuestra econom\u00eda diaria, tenemos casi el mismo riesgo pa\u00eds que Ucrania y ac\u00e1 no hay guerra, pero hay desconfianza y faltan horizontes\u201d.<\/p>\n<p>\u201cEstamos recorriendo la Argentina para contarles un sue\u00f1o de un pa\u00eds que encare el progreso, la modernidad, que reduzca la pobreza, que levante el autoestima de los argentinos que hoy estamos con el alma rota, tristes y que hemos perdido la capacidad de pensar en grande. Y eso es lo que tenemos que recuperar\u201d.<\/p>\n<div class=\"container_publi\" data-tipo=\"tipo_desktop \" data-pos=\"AMP_P2_cuerpo\"><\/div>\n<p>\u201cVamos a transformar esa din\u00e1mica de tristeza en esperanza, desde las plazas de la rep\u00fablica\u201d, asegur\u00f3.<\/p>\n<p>\u201cEl \u00faltimo gran proyecto exitoso colectivo fue la reconstrucci\u00f3n democr\u00e1tica en el 83 y lo hizo la sociedad millones de voces unidas fusionadas a trav\u00e9s de la empat\u00eda, con un prop\u00f3sito com\u00fan y eso es lo mismo que tenemos que hacer ahora\u201d, agreg\u00f3.<\/p>\n<p>\u201cS\u00e9 que este sue\u00f1o colectivo que venimos a proponer suena imposible (&#8230;), pero lo que se viene es federal, es para que la Argentina de una vez por todas encare en el siglo XXI la modernidad, el desarrollo, y para eso tenemos que hablar de educaci\u00f3n y poner a los docentes como el trabajo m\u00e1s importante de la Argentina\u201d, sostuvo.<\/p>\n<p>\u201cTenemos que recuperar el pa\u00eds que nos robaron, donde si uno trabajaba, era honesto y estudiaba iba a progresar. Venimos a proponer un cambio cultural, un cambio de mentalidad colectiva como lo hizo Alfons\u00edn en el 83 (&#8230;) \u201d, manifest\u00f3.<\/p>\n<div class=\"container_publi\" data-tipo=\"tipo_desktop \" data-pos=\"AMP_P3_cuerpo\"><\/div>\n<p>\u201cLa educaci\u00f3n es mucho m\u00e1s que aprender un dato, es una br\u00fajula confiable en un mundo cambiante, din\u00e1mico. Es lograr la autoestima necesaria para perseguir los sue\u00f1os, es la construcci\u00f3n de una identidad personal, la educaci\u00f3n es coraje, curiosidad, movilizar los recursos cognitivos, sociales y emocionales para tomar acci\u00f3n\u201d, afirm\u00f3.<\/p>\n<p>Pidi\u00f3 que los argentinos dejen de lado tres mentiras hist\u00f3ricas: que somos un pa\u00eds en desarrollo: \u201cporque somos un pa\u00eds que involuciona y eso se soluciona con una revoluci\u00f3n del conocimiento\u201d; que somos ricos en recursos naturales: \u201cen la tabla de pa\u00edses somos el 43 y pico y si fu\u00e9ramos uno, los recursos naturales hoy no impactan tanto en la econom\u00eda\u201d; \u00a0y la tercera es que exportamos alimentos para 400 millones de personas. \u201cExportamos alimentos para millones de animales, sino ser\u00edamos Dubai, que es lo que tendr\u00edamos que hacer\u201d, ironiz\u00f3. Asegur\u00f3 que \u201cse ha terminado la posibilidad de ser espectadores\u201d y \u201cdebemos comprometernos todos. Si no somos nosotros, qui\u00e9n si no es ahora, cu\u00e1ndo. Vamos a encarar el progreso de la modernidad del siglo XXI\u201d, agreg\u00f3.<\/p>\n<p>Reconoci\u00f3 que \u201cno es f\u00e1cil vivir en la Argentina\u201d e invit\u00f3 a todos a \u201cinvolucrarse e ir casa por casa (&#8230;) para restablecer un destino de naci\u00f3n, un sue\u00f1o colectivo, como lo hicimos en el 83\u201d.<\/p>\n<p>Por \u00faltimo, se dirigi\u00f3 a los j\u00f3venes : \u201cTenemos una deuda de inspiraci\u00f3n con ustedes, es muy dif\u00edcil ser joven en la Argentina, ustedes no creen en nada, en la pol\u00edtica, en las instituciones, en la educaci\u00f3n como motor de ascenso social. Pero no acepten las cosas como est\u00e1n, luchen por su pa\u00eds, por el cambio clim\u00e1tico. Luchen, porque cuando los j\u00f3venes lucharon en la historia de la humanidad pasaron cosas inesperadas\u201d, cerr\u00f3.<\/p>\n","protected":false},"excerpt":{"rendered":"<p>El gobernador Gustavo Vald\u00e9s acompa\u00f1\u00f3 ayer al diputado nacional de la Uni\u00f3n C\u00edvica Radical (UCR) Facundo Manes en la charla p\u00fablica que dio en la plaza Cabral de la ciudad de Corrientes donde propuso \u201cuna revoluci\u00f3n del conocimiento\u201d como \u201cmejor herramienta para reducir la pobreza\u201d y el mandatario provincial coincidi\u00f3 al se\u00f1alar luego que \u201capostar [&hellip;]<\/p>\n","protected":false},"author":2,"featured_media":8308,"comment_status":"closed","ping_status":"closed","sticky":false,"template":"","format":"standard","meta":{"footnotes":""},"categories":[79],"tags":[],"class_list":{"0":"post-8307","1":"post","2":"type-post","3":"status-publish","4":"format-standard","5":"has-post-thumbnail","7":"category-politica"},"_links":{"self":[{"href":"https:\/\/radiobitacora.com.ar\/web\/wp-json\/wp\/v2\/posts\/8307","targetHints":{"allow":["GET"]}}],"collection":[{"href":"https:\/\/radiobitacora.com.ar\/web\/wp-json\/wp\/v2\/posts"}],"about":[{"href":"https:\/\/radiobitacora.com.ar\/web\/wp-json\/wp\/v2\/types\/post"}],"author":[{"embeddable":true,"href":"https:\/\/radiobitacora.com.ar\/web\/wp-json\/wp\/v2\/users\/2"}],"replies":[{"embeddable":true,"href":"https:\/\/radiobitacora.com.ar\/web\/wp-json\/wp\/v2\/comments?post=8307"}],"version-history":[{"count":0,"href":"https:\/\/radiobitacora.com.ar\/web\/wp-json\/wp\/v2\/posts\/8307\/revisions"}],"wp:featuredmedia":[{"embeddable":true,"href":"https:\/\/radiobitacora.com.ar\/web\/wp-json\/wp\/v2\/media\/8308"}],"wp:attachment":[{"href":"https:\/\/radiobitacora.com.ar\/web\/wp-json\/wp\/v2\/media?parent=8307"}],"wp:term":[{"taxonomy":"category","embeddable":true,"href":"https:\/\/radiobitacora.com.ar\/web\/wp-json\/wp\/v2\/categories?post=8307"},{"taxonomy":"post_tag","embeddable":true,"href":"https:\/\/radiobitacora.com.ar\/web\/wp-json\/wp\/v2\/tags?post=8307"}],"curies":[{"name":"wp","href":"https:\/\/api.w.org\/{rel}","templated":true}]}}