{"id":8310,"date":"2022-09-22T07:54:13","date_gmt":"2022-09-22T10:54:13","guid":{"rendered":"https:\/\/radiobitacora.com.ar\/web\/?p=8310"},"modified":"2022-09-22T07:54:13","modified_gmt":"2022-09-22T10:54:13","slug":"la-sociedad-rural-de-corrientes-se-opone-a-la-ley-de-humedales","status":"publish","type":"post","link":"https:\/\/radiobitacora.com.ar\/web\/2022\/09\/22\/la-sociedad-rural-de-corrientes-se-opone-a-la-ley-de-humedales\/","title":{"rendered":"La Sociedad Rural de Corrientes se opone a la Ley de Humedales"},"content":{"rendered":"<p>El presidente de la Asociaci\u00f3n de Sociedades de Corrientes, Pabl\u00f3 S\u00e1nchez, dialog\u00f3 con Radio Dos para expresar su preocupaci\u00f3n por el tratamiento de las diversas leyes de Humedales que ser\u00e1n tratadas este jueves en las comisiones de Recursos Naturales.<\/p>\n<p>&#8220;Queremos que se escuche a los t\u00e9cnicos, como as\u00ed tambi\u00e9n a los cient\u00edficos y no solo a algunos intereses movidos por determinada situaci\u00f3n&#8221;, reclam\u00f3 S\u00e1nchez.<\/p>\n<p>Luego, asegur\u00f3: &#8220;Puede verse afectada con una mala ley todo el potencial productivo de nuestra provincia en particular por la geograf\u00eda&#8221;.<\/p>\n<p>A su vez, dijo que &#8220;no se descarta nada&#8221;, cuando se le consult\u00f3 si tienen previsto realizar alguna medida, adem\u00e1s del documento que presentaron para rechazar la posibilidad de que pueda aprobar la Ley de Humedales.<\/p>\n<p>En el plenario de las comisiones de la C\u00e1mara baja, ser\u00e1n puestos a consideraci\u00f3n al menos una decena de iniciativas que buscan establecer un r\u00e9gimen de presupuestos m\u00ednimos para la identificaci\u00f3n, conservaci\u00f3n, protecci\u00f3n, restauraci\u00f3n ecol\u00f3gica y uso racional de los humedales.<\/p>\n<p>La mayor\u00eda de los proyectos realizan una definici\u00f3n de los humedales y proponen un inventario nacional, una suerte de mapa para que cada provincia precise las ubicaciones de estos espacios y defina qu\u00e9 caracter\u00edsticas tienen y qu\u00e9 funciones cumplen.<\/p>\n","protected":false},"excerpt":{"rendered":"<p>El presidente de la Asociaci\u00f3n de Sociedades de Corrientes, Pabl\u00f3 S\u00e1nchez, dialog\u00f3 con Radio Dos para expresar su preocupaci\u00f3n por el tratamiento de las diversas leyes de Humedales que ser\u00e1n tratadas este jueves en las comisiones de Recursos Naturales. &#8220;Queremos que se escuche a los t\u00e9cnicos, como as\u00ed tambi\u00e9n a los cient\u00edficos y no solo [&hellip;]<\/p>\n","protected":false},"author":2,"featured_media":8311,"comment_status":"closed","ping_status":"closed","sticky":false,"template":"","format":"standard","meta":{"footnotes":""},"categories":[72],"tags":[],"class_list":{"0":"post-8310","1":"post","2":"type-post","3":"status-publish","4":"format-standard","5":"has-post-thumbnail","7":"category-provinciales"},"_links":{"self":[{"href":"https:\/\/radiobitacora.com.ar\/web\/wp-json\/wp\/v2\/posts\/8310","targetHints":{"allow":["GET"]}}],"collection":[{"href":"https:\/\/radiobitacora.com.ar\/web\/wp-json\/wp\/v2\/posts"}],"about":[{"href":"https:\/\/radiobitacora.com.ar\/web\/wp-json\/wp\/v2\/types\/post"}],"author":[{"embeddable":true,"href":"https:\/\/radiobitacora.com.ar\/web\/wp-json\/wp\/v2\/users\/2"}],"replies":[{"embeddable":true,"href":"https:\/\/radiobitacora.com.ar\/web\/wp-json\/wp\/v2\/comments?post=8310"}],"version-history":[{"count":0,"href":"https:\/\/radiobitacora.com.ar\/web\/wp-json\/wp\/v2\/posts\/8310\/revisions"}],"wp:featuredmedia":[{"embeddable":true,"href":"https:\/\/radiobitacora.com.ar\/web\/wp-json\/wp\/v2\/media\/8311"}],"wp:attachment":[{"href":"https:\/\/radiobitacora.com.ar\/web\/wp-json\/wp\/v2\/media?parent=8310"}],"wp:term":[{"taxonomy":"category","embeddable":true,"href":"https:\/\/radiobitacora.com.ar\/web\/wp-json\/wp\/v2\/categories?post=8310"},{"taxonomy":"post_tag","embeddable":true,"href":"https:\/\/radiobitacora.com.ar\/web\/wp-json\/wp\/v2\/tags?post=8310"}],"curies":[{"name":"wp","href":"https:\/\/api.w.org\/{rel}","templated":true}]}}